{"id":998,"date":"2004-09-07T07:00:00","date_gmt":"2004-09-07T07:00:00","guid":{"rendered":"https:\/\/moir.org.co\/web\/unidad-y-lucha-contra-la-arremetida-uribista\/"},"modified":"2004-09-07T07:00:00","modified_gmt":"2004-09-07T07:00:00","slug":"unidad-y-lucha-contra-la-arremetida-uribista","status":"publish","type":"post","link":"https:\/\/moir.com.co\/web\/unidad-y-lucha-contra-la-arremetida-uribista\/","title":{"rendered":"UNIDAD Y LUCHA CONTRA LA ARREMETIDA URIBISTA"},"content":{"rendered":"<p>Gran Coalici\u00f3n Democr\u00e1tica, Pereira, septiembre 16 de 2004<\/p>\n<p>Una vez m\u00e1s los trabajadores y sectores populares salimos a la calle a expresar, elevando nuestras voces de protesta, el rechazo a las medidas econ\u00f3micas, pol\u00edticas y sociales del gobierno de \u00c1lvaro Uribe V\u00e9lez.<\/p>\n<p>No hab\u00eda conocido nuestra historia situaci\u00f3n similar a la que hoy padece la naci\u00f3n, ni los trabajadores hab\u00edamos sido sometidos a un envilecimiento paulatino y sistem\u00e1tico del salario, al arrasamiento de las conquistas reivindicativas y al desconocimiento y eliminaci\u00f3n de centenarios derechos, consignados en la legislaci\u00f3n laboral, como hoy ocurre. El derecho a la organizaci\u00f3n, a la negociaci\u00f3n y a la contrataci\u00f3n colectiva son cercenados y se impone la modalidad del trabajo a destajo y la contrataci\u00f3n de servicios productivos y empresariales con Empresas Asociativas de Trabajo y Cooperativas de Trabajadores, deslaboralizando con ello las relaciones de trabajo, cre\u00e1ndoles a quienes son sometidos a esta moderna forma de esclavitud remunerada, la ilusoria idea de haberse convertido en \u201cempresarios\u201d, a cambio del incremento de sus jornadas de trabajo y de la disminuci\u00f3n considerable de sus ingresos.<\/p>\n<p>El congreso nacional, de mayor\u00edas proclives al gobierno, se apresta a aprobar nuevas medidas en contra del pueblo y la naci\u00f3n. Una reforma tributaria que aumenta el IVA al 17% y extiende su aplicaci\u00f3n a nuevos productos de la canasta familiar, le coloca nuevos impuestos a los pensionados, al tiempo que disminuye el tributo a las rentas de capital. La reforma a la justicia que limita el uso de la tutela, recurso utilizado principalmente para defender los derechos de los colombianos en materia de la salud y el trabajo; le quita independencia a la rama judicial permitiendo la ingerencia de la rama ejecutiva y limita la acci\u00f3n de la Corte Constitucional para facilitar de esta manera la imposici\u00f3n de las reformas a la carta magna y a la legislaci\u00f3n en contra de los derechos e intereses de las mayor\u00edas nacionales.<\/p>\n<p>La ingerencia de los funcionarios del Departamento de Estado Norteamericano y de los organismos multilaterales de cr\u00e9dito, como el Banco Mundial y el Fondo Monetario Internacional, es cada vez m\u00e1s abierta y descarada en el direccionamiento de la econom\u00eda nacional. Los altos mandos del Comando Sur de las Fuerzas Armadas Estadounidenses dirigen y controlan las acciones b\u00e9licas del ejercito colombiano en nuestro territorio, apoyados por un creciente n\u00famero de unidades militares gringas y de mercenarios extranjeros contratados por \u00e9stos, dentro de la nueva modalidad de la privatizaci\u00f3n de la guerra. Es as\u00ed como el gobierno de \u00c1lvaro Uribe V\u00e9lez, entrega de la soberan\u00eda nacional en todos los \u00f3rdenes.<\/p>\n<p>El gobierno se precipita, en alocada carrera, a firmar el Tratado de Libre Comercio con los Estados Unidos, entregando nuestros mercados y recursos naturales a la voracidad de las empresas multinacionales, otorgando garant\u00edas sin l\u00edmite a la inversi\u00f3n extranjera, con lo cual arrastrar\u00e1 a la ruina a importantes sectores de la producci\u00f3n nacional y crear\u00e1 condiciones favorables para el establecimiento de maquilas en nuestro territorio, que exploten la mano de obra nacional envilecida por las reformas laborales en marcha. Por medio de leyes y decretos, se viene cambiando la normatividad y acondicionando el pa\u00eds a los requerimientos del TLC y como resultado de esta entrega se renuncia definitivamente a cualquier posibilidad de desarrollo aut\u00f3nomo de nuestra naci\u00f3n.<\/p>\n<p>En contrav\u00eda de la b\u00fasqueda de acuerdos y compromisos humanitarios que permitan la libertad de los colombianos afectados por las fuerzas en contienda y de la superaci\u00f3n de las dificultades causadas por la generalizaci\u00f3n de la violencia, a trav\u00e9s de la soluci\u00f3n pol\u00edtica negociada del conflicto armado, el gobierno insiste en atizar la guerra, comprometiendo a mayores sectores de la poblaci\u00f3n en las acciones b\u00e9licas y destinando ingentes recursos en dichas actividades. Todo ello acompa\u00f1ado de la conculcaci\u00f3n de los derechos ciudadanos de los individuos con mediadas como el denominado Estatuto Antiterrorista, cuya inconstitucionalidad fue declarada recientemente por la Corte Constitucional.<\/p>\n<p>No pod\u00eda ser peor la suerte del pueblo colombiano bajo el r\u00e9gimen absolutista de \u00c1lvaro Uribe V\u00e9lez. Al tiempo que los organismos oficiales anuncian el repunte de la econom\u00eda con \u00edndices de crecimiento del orden del 4.1%, se constata que el sector de alimentos ha disminuido sus ventas en un 18%, que 13 millones de colombianos viven en la indigencia mientras que 33 millones sobreviven bajo la l\u00ednea de pobreza y el desempleo supera el 17%. La red de hospitales p\u00fablicos se enfila hacia el cierre y privatizaci\u00f3n, debido a la negativa del gobierno a cancelarles las deudas que tiene con ellos y los dineros aportados por los trabajadores al FOSYGA, para la atenci\u00f3n solidaria en salud de los desempleados, es retenida abusivamente por el gobierno en TES para subsanar el d\u00e9ficit fiscal. Los j\u00f3venes se ven forzados a abandonar los centros educativos por la crisis econ\u00f3mica de sus familias y el desplazamiento de compatriotas por motivos econ\u00f3micos y pol\u00edticos no para de crecer.<\/p>\n<p>La miseria de mayores sectores de la poblaci\u00f3n colombiana contrasta con las jugosas utilidades del sector financiero y de los monopolios trasnacionales que saquean nuestra riqueza y trabajo nacionales y con la prosperidad de quienes, desde altos cargos del estado, prevalidos del poder que les otorga su condici\u00f3n, realizan todo tipo de negociados para incrementar su patrimonio y el de sus allegados, como se desprende de las denuncias que a diario hacen en el parlamento congresistas independientes y se evidencia en la renuncia a sus cargos, al ser sorprendidos con las manos en la masa, de personajes pertenecientes al m\u00e1s estrecho c\u00edrculo del presidente Uribe V\u00e9lez.<\/p>\n<p>Es esta calamitosa situaci\u00f3n la que se pretende prolongar mediante el expediente de la reelecci\u00f3n presidencial, promovida por el alto gobierno, la embajada estadounidense, la oligarqu\u00eda favorecida, los grandes medios de comunicaci\u00f3n y las bancadas uribistas del congreso, alimentadas con favores y prebendas por el ejecutivo. Adem\u00e1s del autoritarismo, el gobierno actual se destaca por la corrupci\u00f3n y la politiquer\u00eda. Todo ello para poder contar con el respaldo de las mayor\u00edas parlamentarias en su empe\u00f1o de servir sumisamente a los mandatos de Washington y favorecer a un pu\u00f1ado de magnates ap\u00e1tridas.<\/p>\n<p>La Gran Coalici\u00f3n Democr\u00e1tica, que agrupa a diversas organizaciones sociales y pol\u00edticas, liderada por las centrales sindicales, ha decidido ponerse al frente de la resistencia nacional y convocar a movilizaciones de masas como la que hoy realizamos. Para el pr\u00f3ximo 12 de octubre estamos convocando a un paro nacional de todas las fuerzas democr\u00e1ticas y patri\u00f3ticas en contra de tan desastrosas y antinacionales pol\u00edticas. Manifestamos nuestra solidaridad con la marcha ind\u00edgena y el paro de los transportadores de carga que se llevan a cabo en la actualidad. Nos unimos a la lucha de los trabajadores y usuarios del Hospital San Jorge contra su reestructuraci\u00f3n y cierre y en defensa de la salud del pueblo.<\/p>\n<p>La hora es de unidad y de lucha. Donde quiera que se centre la acci\u00f3n antipopular del gobierno deber\u00e1 constituirse un foco de resistencia civil y el movimiento popular en su conjunto cobijarlo con su respaldo solidario. S\u00f3lo as\u00ed podremos consolidar un vigoroso movimiento que derrote las pretensiones antinacionales del gobierno, como lo hicimos hace casi un a\u00f1o con el referendo. Dispong\u00e1monos para las batallas que se avecinan con decisi\u00f3n y coraje.<\/p>\n<p>GRAN COALICI\u00d3N DEMOCR\u00c1TICA DE RISARALDA<\/p>\n<p>CUT &#8211; UTRAR \u2013 FEDETRAR \u2013 CGTD \u2013 SINTRAEMSDES \u2013 ASPU \u2013 MOIR \u2013 MODEP &#8211; POLO DEMOCR\u00c1TICO INDEPENDIENTE &#8211; PARTIDO COMUNISTA &#8211; FRENTE SOCIAL Y POL\u00cdTICO \u2013PARTIDO DEL TRABAJO DE COLOMBIA &#8211; . Pereira, septiembre 16 de 2004<\/p>\n","protected":false},"excerpt":{"rendered":"<p>Gran Coalici\u00f3n Democr\u00e1tica, Pereira, septiembre 16 de 2004 Una vez m\u00e1s los trabajadores y sectores populares salimos a la calle a expresar, elevando nuestras voces de protesta, el rechazo a las medidas econ\u00f3micas, pol\u00edticas y sociales del gobierno de \u00c1lvaro Uribe V\u00e9lez. No hab\u00eda conocido nuestra historia situaci\u00f3n similar a la que hoy padece la [&hellip;]<\/p>\n","protected":false},"author":1,"featured_media":0,"comment_status":"open","ping_status":"open","sticky":false,"template":"","format":"standard","meta":{"advanced_seo_description":"","jetpack_seo_html_title":"","jetpack_seo_noindex":false,"_jetpack_memberships_contains_paid_content":false,"footnotes":""},"categories":[7],"tags":[],"class_list":["post-998","post","type-post","status-publish","format-standard","hentry","category-pronunciamientos-de-organizaciones-sociales"],"jetpack_featured_media_url":"","jetpack-related-posts":[{"id":654,"url":"https:\/\/moir.com.co\/web\/uso-medellin-respalda-la-huelga-de-sintrainagro-en-defensa-de-la-contratacion-colectiva\/","url_meta":{"origin":998,"position":0},"title":"USO, MEDELLIN, RESPALDA LA HUELGA DE SINTRAINAGRO EN DEFENSA DE LA CONTRATACI\u00d3N COLECTIVA","author":"admin","date":"agosto 11, 2004","format":false,"excerpt":"Medell\u00edn, Mayo 28 de 2004 Compa\u00f1ero OSWALDO CUADRADO Presidente Junta Directiva SINTRAINAGRO Reciba un fraternal y solidario saludo de la Subdirectiva Medell\u00edn de la Uni\u00f3n Sindical Obrera de la Industria del Petr\u00f3leo USO, en este segundo d\u00eda de la huelga indefinida que adelantan los diecis\u00e9is mil trabajadores bananeros de la\u2026","rel":"","context":"En \u00abPronunciamientos de Organizaciones Sociales\u00bb","block_context":{"text":"Pronunciamientos de Organizaciones Sociales","link":"https:\/\/moir.com.co\/web\/category\/pronunciamientos-de-organizaciones-sociales\/"},"img":{"alt_text":"","src":"","width":0,"height":0},"classes":[]},{"id":2536,"url":"https:\/\/moir.com.co\/web\/sindicalismo-sin-sindicalistas\/","url_meta":{"origin":998,"position":1},"title":"\u00bfSINDICALISMO SIN SINDICALISTAS?","author":"admin","date":"octubre 3, 2008","format":false,"excerpt":"Jorge Enrique Robledo, Bogot\u00e1, 3 de octubre de 2008. No existe pa\u00eds que se diga democr\u00e1tico cuya Constituci\u00f3n Pol\u00edtica no establezca que los asalariados tienen derecho a organizarse en sindicatos, a la contrataci\u00f3n colectiva y a la huelga. A organizarse y a escoger sus voceros, para relacionarse con su patr\u00f3n\u2026","rel":"","context":"En \u00abJorge Enrique Robledo\u00bb","block_context":{"text":"Jorge Enrique Robledo","link":"https:\/\/moir.com.co\/web\/category\/jorge-enrique-robledo\/"},"img":{"alt_text":"","src":"","width":0,"height":0},"classes":[]},{"id":9159,"url":"https:\/\/moir.com.co\/web\/que-el-ingenio-risaralda-respete-los-derechos-de-los-corteros-robledo\/","url_meta":{"origin":998,"position":2},"title":"Que el Ingenio Risaralda respete los derechos de los corteros: Robledo","author":"admin","date":"marzo 2, 2015","format":false,"excerpt":"Corteros del Ingenio Risaralda salen a paro. El Ministerio de Trabajo debe intervenir. Los trabajadores llevan varios a\u00f1os pidiendo contrataci\u00f3n digna. En otros ingenios hay relaciones obrero patronales cordiales y con respecto mut\u00fao Desde hoy m\u00e1s 500 corteros del Ingenio Risaralda, afiliados a Sintrainagro, se vieron obligados a cesar actividades.\u2026","rel":"","context":"En \u00abJorge Enrique Robledo\u00bb","block_context":{"text":"Jorge Enrique Robledo","link":"https:\/\/moir.com.co\/web\/category\/jorge-enrique-robledo\/"},"img":{"alt_text":"","src":"","width":0,"height":0},"classes":[]},{"id":2,"url":"https:\/\/moir.com.co\/web\/las-centrales-obreras-deben-aprestarse-a-liderar-la-defensa-de-los-derechos-laborales-de-todos-los-colombianos\/","url_meta":{"origin":998,"position":3},"title":"LAS CENTRALES OBRERAS DEBEN APRESTARSE A LIDERAR LA DEFENSA DE LOS DERECHOS LABORALES DE TODOS LOS COLOMBIANOS","author":"admin","date":"agosto 1, 2006","format":false,"excerpt":"Gustavo Rub\u00e9n Triana Su\u00e1rez, Comisi\u00f3n Obrera Nacional del MOIR, Bogot\u00e1, agosto 1 de 2006 A tan solo dos meses de haber firmado en Ginebra, Suiza, el denominado Acuerdo Tripartito por el Derecho de Asociaci\u00f3n y la Democracia en Colombia, el gobierno de \u00c1lvaro Uribe desenfrena su arraigado autoritarismo contra el\u2026","rel":"","context":"En \u00abEscritos del Moir\u00bb","block_context":{"text":"Escritos del Moir","link":"https:\/\/moir.com.co\/web\/category\/moir\/escritos-del-moir\/"},"img":{"alt_text":"","src":"","width":0,"height":0},"classes":[]},{"id":2244,"url":"https:\/\/moir.com.co\/web\/no-se-pueden-ocultar-las-lamentables-condiciones-laborales-en-colombia\/","url_meta":{"origin":998,"position":4},"title":"NO SE PUEDEN OCULTAR LAS LAMENTABLES CONDICIONES LABORALES EN COLOMBIA","author":"admin","date":"abril 2, 2008","format":false,"excerpt":"RECALCA, Bogot\u00e1, abril 1 de 2008 El gobierno de Uribe ha gastado millones de d\u00f3lares en una gigantesca campa\u00f1a de cabildeo en los Estados Unidos, con el prop\u00f3sito de presionar al partido Dem\u00f3crata a aprobar un Tratado de Libre Comercio que solo beneficiar\u00e1 a las trasnacionales estadounidenses. Pero adem\u00e1s, lo\u2026","rel":"","context":"En \u00ab\u00a1No a los TLC y al ALCA!\u00bb","block_context":{"text":"\u00a1No a los TLC y al ALCA!","link":"https:\/\/moir.com.co\/web\/category\/temas\/no-a-los-tlc-y-al-alca\/"},"img":{"alt_text":"","src":"","width":0,"height":0},"classes":[]},{"id":2401,"url":"https:\/\/moir.com.co\/web\/el-gobierno-usurpa-el-nombre-del-cooperativismo-para-montar-un-regimen-de-negreros\/","url_meta":{"origin":998,"position":5},"title":"EL GOBIERNO USURPA EL NOMBRE DEL COOPERATIVISMO PARA MONTAR UN R\u00c9GIMEN DE NEGREROS","author":"admin","date":"junio 25, 2008","format":false,"excerpt":"Intervenci\u00f3n del senador Jorge Enrique Robledo en el debate sobre las cooperativas de trabajo asociado, plenaria del Senado, 17 de junio de 2008. Quien haya escuchado al se\u00f1or ministro de la \u201cdesprotecci\u00f3n social\u201d pensar\u00e1 que hay una coincidencia muy grande entre los intereses del cooperativismo y el punto de vista\u2026","rel":"","context":"En \u00abJorge Enrique Robledo\u00bb","block_context":{"text":"Jorge Enrique Robledo","link":"https:\/\/moir.com.co\/web\/category\/jorge-enrique-robledo\/"},"img":{"alt_text":"","src":"","width":0,"height":0},"classes":[]}],"jetpack_sharing_enabled":true,"_links":{"self":[{"href":"https:\/\/moir.com.co\/web\/wp-json\/wp\/v2\/posts\/998","targetHints":{"allow":["GET"]}}],"collection":[{"href":"https:\/\/moir.com.co\/web\/wp-json\/wp\/v2\/posts"}],"about":[{"href":"https:\/\/moir.com.co\/web\/wp-json\/wp\/v2\/types\/post"}],"author":[{"embeddable":true,"href":"https:\/\/moir.com.co\/web\/wp-json\/wp\/v2\/users\/1"}],"replies":[{"embeddable":true,"href":"https:\/\/moir.com.co\/web\/wp-json\/wp\/v2\/comments?post=998"}],"version-history":[{"count":0,"href":"https:\/\/moir.com.co\/web\/wp-json\/wp\/v2\/posts\/998\/revisions"}],"wp:attachment":[{"href":"https:\/\/moir.com.co\/web\/wp-json\/wp\/v2\/media?parent=998"}],"wp:term":[{"taxonomy":"category","embeddable":true,"href":"https:\/\/moir.com.co\/web\/wp-json\/wp\/v2\/categories?post=998"},{"taxonomy":"post_tag","embeddable":true,"href":"https:\/\/moir.com.co\/web\/wp-json\/wp\/v2\/tags?post=998"}],"curies":[{"name":"wp","href":"https:\/\/api.w.org\/{rel}","templated":true}]}}