{"id":980,"date":"2004-08-25T07:00:00","date_gmt":"2004-08-25T07:00:00","guid":{"rendered":"https:\/\/moir.org.co\/web\/foro-sobre-la-crisis-de-la-salud-la-red-p__blica-hospitalaria-y-por-la-salvaci__n-del-hospital-central-de-santa-marta\/"},"modified":"2004-08-25T07:00:00","modified_gmt":"2004-08-25T07:00:00","slug":"foro-sobre-la-crisis-de-la-salud-la-red-p__blica-hospitalaria-y-por-la-salvaci__n-del-hospital-central-de-santa-marta","status":"publish","type":"post","link":"https:\/\/moir.com.co\/web\/foro-sobre-la-crisis-de-la-salud-la-red-p__blica-hospitalaria-y-por-la-salvaci__n-del-hospital-central-de-santa-marta\/","title":{"rendered":"FORO SOBRE LA CRISIS DE LA SALUD, LA RED P__BLICA HOSPITALARIA Y POR LA SALVACI__N DEL HOSPITAL CENTRAL DE SANTA MARTA"},"content":{"rendered":"<p>Uno de  los problemas m\u00e1s delicados de la poblaci\u00f3n colombiana es el de la salud  y la red p\u00fablica hospitalaria ya que lesiona la existencia de millones de ni\u00f1os, j\u00f3venes, adultos y ancianos. El grave deterioro en la atenci\u00f3n de la salud y la prevenci\u00f3n de enfermedades atenta contra el desarrollo normal de las personas y del progreso social puesto que, en los niveles en que se encuentra en Colombia, no permite que se alcancen las capacidades corporales requeridas para el trabajo y la producci\u00f3n sino que, por el contrario, crea minusv\u00e1lidos en masa en medio de la m\u00e1s preocupante crisis econ\u00f3mica ocasionada por el modelo neoliberal impuesto a nuestro pa\u00eds por el capital financiero internacional.<\/p>\n<p>Desde hace m\u00e1s de diez a\u00f1os fue desvertebrado en Colombia el Sistema Nacional Hospitalario que rigi\u00f3 desde el a\u00f1o 1975, el cual, aunque no satisfac\u00eda en buena medida las necesidades del pueblo colombiano en materia de salubridad p\u00fablica, era menos malo que el actual, es decir que la ley 100 de 1993. Los cambios m\u00e1s notorios  introducidos por \u00e9sta fueron. 1) Modific\u00f3 el pago de la oferta (necesidades hospitalarias) por el subsidio a la demanda, con lo que los recursos ya no llegan directamente a los hospitales sino que se quedan en una intrincada red de intermediarios de EPS y ARS, ligada con el capital financiero. 2) Convirti\u00f3 el servicio de la salud en un negocio privado y a los usuarios en clientes. A lo que hay que agregarle que el gobierno de Uribe se propone recortar aun m\u00e1s las transferencias territoriales para salud y educaci\u00f3n.<\/p>\n<p>Para analizar esta problem\u00e1tica, que tambi\u00e9n afecta a los Seguros Sociales y al r\u00e9gimen de salud del magisterio, la Gran Coalici\u00f3n Democr\u00e1tica del Magdalena convoca a todas las fuerzas vivas de esta regi\u00f3n a participar en el Foro Sobre la Crisis de la Salud, la Red P\u00fablica Hospitalaria y por la Salvaci\u00f3n del Hospital Central, el cual se realizar\u00e1 en el Teatro Santa Marta el s\u00e1bado 25 de septiembre a las 9 de la ma\u00f1ana con intervenciones de expertos en la materia, gremios, autoridades gubernamentales, acad\u00e9micos y profesionales.<\/p>\n<p>GRAN COALICI\u00d3N DEMOCR\u00c1TICA DEL MAGDALENA<\/p>\n<p>\u00c1NGEL MANJARR\u00c9S CORREA<br \/>\nPresidente CUT Magdalena y  Gran Democr\u00e1tica del Magdalena<br \/>\nLAUREANO C\u00c1EZ TURIZO<br \/>\nSecretario de la Gran Coalici\u00f3n Coalici\u00f3n Democr\u00e1tica del Magdalena <\/p>\n<p>CUT, CGTD, Federaci\u00f3n de Pensionados del Magdalena, Liga de Usuarios de Servicios P\u00fablicos de Santa Marta, Sociedad de Pensionados del Terminal Mar\u00edtimo, Sociedad Uni\u00f3n de Pensionados de Santa Marta, Sindicato de Educadores del Magdalena (Edumag), Andec, Sintraiss, Uneb, Sintramienerg\u00e9tica, Organizaci\u00f3n Colombiana de Estudiantes, Asociaci\u00f3n de Juntas Comunales, Veedur\u00edas Ciudadanas, Partido Polo Democr\u00e1tico, Movimiento Obrero Independiente y Revolucionario (MOIR), Partido Comunista de Colombia, Partido Unidad Democr\u00e1tica, Frente Social y Pol\u00edtico, Colectivo Guillermo Mar\u00edn. <\/p>\n<p>Santa Marta, Septiembre primero de 2004<\/p>\n","protected":false},"excerpt":{"rendered":"<p>Uno de los problemas m\u00e1s delicados de la poblaci\u00f3n colombiana es el de la salud y la red p\u00fablica hospitalaria ya que lesiona la existencia de millones de ni\u00f1os, j\u00f3venes, adultos y ancianos. El grave deterioro en la atenci\u00f3n de la salud y la prevenci\u00f3n de enfermedades atenta contra el desarrollo normal de las personas [&hellip;]<\/p>\n","protected":false},"author":1,"featured_media":0,"comment_status":"open","ping_status":"open","sticky":false,"template":"","format":"standard","meta":{"advanced_seo_description":"","jetpack_seo_html_title":"","jetpack_seo_noindex":false,"_jetpack_memberships_contains_paid_content":false,"footnotes":""},"categories":[7],"tags":[],"class_list":["post-980","post","type-post","status-publish","format-standard","hentry","category-pronunciamientos-de-organizaciones-sociales"],"jetpack_featured_media_url":"","jetpack-related-posts":[{"id":679,"url":"https:\/\/moir.com.co\/web\/a-defender-la-red-publica-hospitalaria\/","url_meta":{"origin":980,"position":0},"title":"\u00a1A DEFENDER LA RED P\u00daBLICA HOSPITALARIA!","author":"admin","date":"agosto 11, 2004","format":false,"excerpt":"Gran Coalici\u00f3n Democr\u00e1tica del Magdalena, San Marta, agosto 12 de 2004 La Gran Coalici\u00f3n Democr\u00e1tica del Magdalena alerta a todas las fuerzas vivas de la sociedad samaria y magdalenense sobre el posible cierre de varios hospitales del departamento y del Hospital Central Julio M\u00e9ndez Barreneche de Santa Marta, seg\u00fan se\u2026","rel":"","context":"En \u00abPronunciamientos de Organizaciones Sociales\u00bb","block_context":{"text":"Pronunciamientos de Organizaciones Sociales","link":"https:\/\/moir.com.co\/web\/category\/pronunciamientos-de-organizaciones-sociales\/"},"img":{"alt_text":"","src":"","width":0,"height":0},"classes":[]},{"id":1142,"url":"https:\/\/moir.com.co\/web\/el-hospital-universitario-de-barranquilla-otra-victima-de-la-ley-100-de-1993\/","url_meta":{"origin":980,"position":1},"title":"EL HOSPITAL UNIVERSITARIO DE BARRANQUILLA: OTRA V\u00cdCTIMA DE LA LEY 100 DE 1993","author":"admin","date":"abril 4, 2005","format":false,"excerpt":"Alternativa Democr\u00e1tica del Atl\u00e1ntico, Barranquilla, abril 11 de 2005 Para nadie es un secreto que la seguridad social y la red p\u00fablica hospitalaria del pa\u00eds padecen la peor crisis de los \u00faltimos tiempos, pero el gobierno nacional se empecina en tratar de ocultar esta realidad y de hacer creer todo\u2026","rel":"","context":"En \u00abSalud y Pensiones\u00bb","block_context":{"text":"Salud y Pensiones","link":"https:\/\/moir.com.co\/web\/category\/temas\/salud-y-pensiones\/"},"img":{"alt_text":"","src":"","width":0,"height":0},"classes":[]},{"id":1079,"url":"https:\/\/moir.com.co\/web\/a-los-trabajadores-hospitalarios-y-al-pueblo-caldense\/","url_meta":{"origin":980,"position":2},"title":"A LOS TRABAJADORES HOSPITALARIOS Y AL PUEBLO CALDENSE","author":"admin","date":"noviembre 27, 2004","format":false,"excerpt":"La expedici\u00f3n de la Ley 100 de 1993, derivada de la aplicaci\u00f3n de las pol\u00edticas de Apertura y Privatizaci\u00f3n pactadas e impuestas por el Fondo Monetario Internacional FMI y el gobierno de los Estados Unidos, y en medio de la euforia de los neoliberales apoltronados en el gobierno de \"Bienvenidos\u2026","rel":"","context":"En \u00abEscritos del Moir\u00bb","block_context":{"text":"Escritos del Moir","link":"https:\/\/moir.com.co\/web\/category\/moir\/escritos-del-moir\/"},"img":{"alt_text":"","src":"","width":0,"height":0},"classes":[]},{"id":1680,"url":"https:\/\/moir.com.co\/web\/la-crisis-de-la-salud\/","url_meta":{"origin":980,"position":3},"title":"LA CRISIS DE LA SALUD","author":"admin","date":"agosto 22, 2004","format":false,"excerpt":"En todo el pa\u00eds se desarrolla un gran debate sobre la crisis de la salud p\u00fablica. Se analizan sus efectos y sus causas. Y se plantean soluciones por parte de diversos sectores. Unos proponen modificar la Ley 100 de 1993, pero sobre la base de considerar que \u201ces buena\u201d, pero\u2026","rel":"","context":"En \u00abEL USUARIO N\u00ba5 NOVIEMBRE-DICIEMBRE DE 2001\u00bb","block_context":{"text":"EL USUARIO N\u00ba5 NOVIEMBRE-DICIEMBRE DE 2001","link":"https:\/\/moir.com.co\/web\/category\/temas\/servicios-publicos-articulos-de-actualidad\/el-usuario\/el-usuario-no5-noviembre-diciembre-de-2001\/"},"img":{"alt_text":"","src":"","width":0,"height":0},"classes":[]},{"id":20451,"url":"https:\/\/moir.com.co\/web\/congreso-nacional-por-la-salud-y-la-seguridad-social\/","url_meta":{"origin":980,"position":4},"title":"CONGRESO NACIONAL POR LA SALUD Y LA SEGURIDAD SOCIAL","author":"admin","date":"noviembre 20, 2004","format":false,"excerpt":"Unos mil quinientos delegados, en representaci\u00f3n de sindicatos, sociedades cient\u00edficas, asociaciones de usuarios, pensionados, comit\u00e9s por la defensa de los hospitales p\u00fablicos, entre profesores y estudiantes de las facultades de salud, a m\u00e1s de muchos otros asistentes, deliberaron en doce comisiones que trataron la crisis en que se ha sumido\u2026","rel":"","context":"En \u00abTribuna Roja N\u00ba 98, diciembre 4 de 2004\u00bb","block_context":{"text":"Tribuna Roja N\u00ba 98, diciembre 4 de 2004","link":"https:\/\/moir.com.co\/web\/category\/tribuna-roja\/ediciones-2000-2004\/tribuna-roja-no-98-diciembre-4-de-2004\/"},"img":{"alt_text":"","src":"","width":0,"height":0},"classes":[]},{"id":5642,"url":"https:\/\/moir.com.co\/web\/por-la-eliminacion-de-las-eps-contra-la-corrupcion-y-por-la-salud-como-derecho-fundamental-a-la-calle\/","url_meta":{"origin":980,"position":5},"title":"Por la eliminaci\u00f3n de las EPS, contra la Corrupci\u00f3n  y por la Salud como Derecho Fundamental \u00a1A la Calle!","author":"admin","date":"mayo 22, 2011","format":false,"excerpt":"La situaci\u00f3n de la salud en Caldas no puede ser peor. El Hospital Infantil atraviesa una profunda crisis y sus propietarios lo sacan a venta lo que no quiere decir que salga de la crisis. Assbasalud y la Cl\u00ednica Manizales-Caprecom le deben dos meses de salarios a sus trabajadores, al\u2026","rel":"","context":"En \u00abPronunciamientos de Organizaciones Sociales\u00bb","block_context":{"text":"Pronunciamientos de Organizaciones Sociales","link":"https:\/\/moir.com.co\/web\/category\/pronunciamientos-de-organizaciones-sociales\/"},"img":{"alt_text":"","src":"","width":0,"height":0},"classes":[]}],"jetpack_sharing_enabled":true,"_links":{"self":[{"href":"https:\/\/moir.com.co\/web\/wp-json\/wp\/v2\/posts\/980","targetHints":{"allow":["GET"]}}],"collection":[{"href":"https:\/\/moir.com.co\/web\/wp-json\/wp\/v2\/posts"}],"about":[{"href":"https:\/\/moir.com.co\/web\/wp-json\/wp\/v2\/types\/post"}],"author":[{"embeddable":true,"href":"https:\/\/moir.com.co\/web\/wp-json\/wp\/v2\/users\/1"}],"replies":[{"embeddable":true,"href":"https:\/\/moir.com.co\/web\/wp-json\/wp\/v2\/comments?post=980"}],"version-history":[{"count":0,"href":"https:\/\/moir.com.co\/web\/wp-json\/wp\/v2\/posts\/980\/revisions"}],"wp:attachment":[{"href":"https:\/\/moir.com.co\/web\/wp-json\/wp\/v2\/media?parent=980"}],"wp:term":[{"taxonomy":"category","embeddable":true,"href":"https:\/\/moir.com.co\/web\/wp-json\/wp\/v2\/categories?post=980"},{"taxonomy":"post_tag","embeddable":true,"href":"https:\/\/moir.com.co\/web\/wp-json\/wp\/v2\/tags?post=980"}],"curies":[{"name":"wp","href":"https:\/\/api.w.org\/{rel}","templated":true}]}}