{"id":978,"date":"2004-08-21T07:00:00","date_gmt":"2004-08-21T07:00:00","guid":{"rendered":"https:\/\/moir.org.co\/web\/la-salud-es-un-derecho-fundamental-de-los-colombianos\/"},"modified":"2004-08-21T07:00:00","modified_gmt":"2004-08-21T07:00:00","slug":"la-salud-es-un-derecho-fundamental-de-los-colombianos","status":"publish","type":"post","link":"https:\/\/moir.com.co\/web\/la-salud-es-un-derecho-fundamental-de-los-colombianos\/","title":{"rendered":"LA SALUD ES UN DERECHO FUNDAMENTAL DE LOS COLOMBIANOS"},"content":{"rendered":"<p>Frente \u00danico por la Defensa de la Salud P\u00fablica, Risaralda, agosto 31 de 2004<\/p>\n<p>\u00bfSab\u00eda Usted? que:<\/p>\n<p>&#8211; En 1993 siendo senador \u00c1lvaro Uribe V\u00e9lez y actuando como ponente, hizo aprobar en el Congreso de la Rep\u00fablica, la Ley 100 (Seguridad Social), base de la privatizaci\u00f3n de la Salud P\u00fablica, ordenada por el imperialismo norteamericano.<\/p>\n<p>&#8211; Que dicha Ley 100\/93 convirti\u00f3 el derecho a la salud de los colombianos, en un negocio privado, al que s\u00f3lo pueden tener acceso las personas aseguradas en uno de los dos reg\u00edmenes: el Contributivo (Asalariados) y el Subsidiado (Sisben I y II), con servicios reducidos a atenciones reglamentadas por un \u201cpaquete\u201d del POS (Plan Obligatorio de Salud).<\/p>\n<p>&#8211; La cobertura total de este sistema abarca s\u00f3lo al 52% de la poblaci\u00f3n, quedando cerca de la mitad de los colombianos sin ning\u00fan tipo de protecci\u00f3n en salud, (a quienes la ley denomina ir\u00f3nicamente: VINCULADOS).<\/p>\n<p>&#8211; Los hospitales fueron convertidos en Empresas comerciales, que deben ser auto-rentables econ\u00f3micamente, por tanto, su subsistencia depende de la venta de servicios a los \u201cclientes\u201d (pacientes).<\/p>\n<p>&#8211; Antes de la Ley 100, el Estado redistribu\u00eda a trav\u00e9s del Situado Fiscal para la atenci\u00f3n de los enfermos, parte de lo recaudado en impuestos, y lo entregaba directamente a los hospitales p\u00fablicos. Ahora, cuando el dinero que se destina para la salud es mayor (5 veces m\u00e1s), se lo entregan a las EPS y ARS del sector financiero privado para que lo administre. Estas se quedan con m\u00e1s del 80%, del total recaudado. En el 2003, las ARS (Administradoras del R\u00e9gimen Subsidiado) apenas contrataron con los hospitales del primero y segundo nivel menos de $700 mil millones, lo que les signific\u00f3 un ingreso neto de m\u00e1s de $1.4 billones de pesos. Hasta ahora, los \u00fanicos aportantes para la solidaridad del R\u00e9gimen Subsidiado, han sido los trabajadores con el 1% del salario mensual, sin que el gobierno nacional haya cumplido con la cuota correspondiente.<\/p>\n<p>&#8211; A los hospitales (ESE), llegan los m\u00e1s pobres (Vinculados) quienes no tienen con qu\u00e9 pagar las altas tarifas impuestas por el mercado de la salud, establecido en la Ley 100\/93. Por ejemplo: las AMBULANCIAS que antes realizaban los traslados de pacientes de manera gratuita, ahora cobran por ese servicio desde el Hospital de Cuba al San Jorge m\u00e1s de $35.000.<\/p>\n<p>&#8211; Con la ley 100\/93 de \u00c1lvaro Uribe V\u00e9lez, se genera otra reestructuraci\u00f3n y posterior liquidaci\u00f3n del Hospital Universitario San Jorge de Pereira. Para ello, el gobernador CARLOS BOTERO y la Asamblea Departamental aprobaron un pr\u00e9stamo del BID, que conlleva a la privatizaci\u00f3n, decisi\u00f3n que fue ratificada por votaci\u00f3n mayoritaria en la Junta Directiva en que la gerente del Hospital, qued\u00f3 autorizada para despedir a m\u00e1s de 500 trabajadores hospitalarios, lo que implicar\u00e1 el cierre forzoso de servicios, de hecho ya hay unidades que funcionan a media marcha.<\/p>\n<p>&#8211; Como al Hospital San Jorge, el gobierno Nacional le adeuda m\u00e1s de $36.000 mil millones de pesos, no cuenta con reservas suficientes de insumos ni material quir\u00fargico para atender los enfermos. De presentarse una cat\u00e1strofe o incluso una emergencia que requiera la intervenci\u00f3n compleja (Tercer nivel) de este centro, el \u00fanico del Departamento, no podr\u00eda atenderla.<\/p>\n<p>&#8211; Por lo anterior, es urgente que todos los pereiranos y risaraldenses levantemos nuestra voz de protesta y nos unamos a las tareas de la Defensa de la Salud P\u00fablica, mediante la Resistencia Civil organizada.<\/p>\n<p>Haga circular este mensaje: regale una copia a sus amigos y vecinos.<\/p>\n<p>Ay\u00fadenos a Defender el Hospital Universitario San Jorge de Pereira<\/p>\n<p>Lo invitamos para el pr\u00f3ximo Jueves 16 de Septiembre a la gran Concentraci\u00f3n de protesta, desde las 7:00 de la ma\u00f1ana, Frente al Hospital San Jorge en el Parque Gait\u00e1n: Carrera 4\u00aa entre calles 25 y 26.<\/p>\n","protected":false},"excerpt":{"rendered":"<p>Frente \u00danico por la Defensa de la Salud P\u00fablica, Risaralda, agosto 31 de 2004 \u00bfSab\u00eda Usted? que: &#8211; En 1993 siendo senador \u00c1lvaro Uribe V\u00e9lez y actuando como ponente, hizo aprobar en el Congreso de la Rep\u00fablica, la Ley 100 (Seguridad Social), base de la privatizaci\u00f3n de la Salud P\u00fablica, ordenada por el imperialismo norteamericano. [&hellip;]<\/p>\n","protected":false},"author":1,"featured_media":0,"comment_status":"open","ping_status":"open","sticky":false,"template":"","format":"standard","meta":{"advanced_seo_description":"","jetpack_seo_html_title":"","jetpack_seo_noindex":false,"_jetpack_memberships_contains_paid_content":false,"footnotes":""},"categories":[7],"tags":[],"class_list":["post-978","post","type-post","status-publish","format-standard","hentry","category-pronunciamientos-de-organizaciones-sociales"],"jetpack_featured_media_url":"","jetpack-related-posts":[{"id":2472,"url":"https:\/\/moir.com.co\/web\/el-negocio-de-la-salud-niega-el-derecho-a-la-salud\/","url_meta":{"origin":978,"position":0},"title":"EL NEGOCIO DE LA SALUD NIEGA EL DERECHO A LA SALUD","author":"admin","date":"agosto 19, 2008","format":false,"excerpt":"Jorge Enrique Robledo, Peri\u00f3dico Polo, Bogot\u00e1, agosto 1 a 14 de 2008 Cada vez m\u00e1s personas hablamos del Ministerio de la Desprotecci\u00f3n Social y sostenemos que la ley 100 de salud mata m\u00e1s que todas las violencias que enlutan a Colombia. Y no es para menos. Porque muchos colombianos no\u2026","rel":"","context":"En \u00abJorge Enrique Robledo\u00bb","block_context":{"text":"Jorge Enrique Robledo","link":"https:\/\/moir.com.co\/web\/category\/jorge-enrique-robledo\/"},"img":{"alt_text":"","src":"","width":0,"height":0},"classes":[]},{"id":15297,"url":"https:\/\/moir.com.co\/web\/el-entierro-de-la-constitucion-de-1991-2\/","url_meta":{"origin":978,"position":1},"title":"El entierro de la Constituci\u00f3n de 1991","author":"admin","date":"junio 18, 2018","format":false,"excerpt":"Jorge Enrique Robledo, Bogota, 26 de noviembre de 2010 Importante resaltar este art\u00edculo de 2010 sobre la naturaleza del contenido de la Constituci\u00f3n de 1991 y el contraste entre su consagraci\u00f3n de los derechos fundamentales de los colombianos contra la estipulaci\u00f3n de todo el catecismo neoliberal en los art\u00edculos econ\u00f3micos\u2026","rel":"","context":"En \u00abAgro\u00bb","block_context":{"text":"Agro","link":"https:\/\/moir.com.co\/web\/category\/temas\/agro\/"},"img":{"alt_text":"","src":"https:\/\/i0.wp.com\/moir.com.co\/web\/wp-content\/uploads\/2018\/06\/constitucion1991.jpeg?fit=246%2C205&ssl=1&resize=350%2C200","width":350,"height":200},"classes":[]},{"id":5057,"url":"https:\/\/moir.com.co\/web\/el-entierro-de-la-constitucion-de-1991\/","url_meta":{"origin":978,"position":2},"title":"EL ENTIERRO DE LA CONSTITUCI\u00d3N DE 1991","author":"admin","date":"noviembre 26, 2010","format":false,"excerpt":"Cada d\u00eda se entiende mejor que la Constituci\u00f3n de 1991 contiene dos concepciones contradictorias. Por un lado consagra derechos y principios democr\u00e1ticos que deben respaldarse y sobre los cuales se ha dicho tanto que podr\u00eda pensarse que esa es la \u00fanica caracter\u00edstica de la Carta. Por el otro establece que\u2026","rel":"","context":"En \u00abJorge Enrique Robledo\u00bb","block_context":{"text":"Jorge Enrique Robledo","link":"https:\/\/moir.com.co\/web\/category\/jorge-enrique-robledo\/"},"img":{"alt_text":"","src":"","width":0,"height":0},"classes":[]},{"id":20451,"url":"https:\/\/moir.com.co\/web\/congreso-nacional-por-la-salud-y-la-seguridad-social\/","url_meta":{"origin":978,"position":3},"title":"CONGRESO NACIONAL POR LA SALUD Y LA SEGURIDAD SOCIAL","author":"admin","date":"noviembre 20, 2004","format":false,"excerpt":"Unos mil quinientos delegados, en representaci\u00f3n de sindicatos, sociedades cient\u00edficas, asociaciones de usuarios, pensionados, comit\u00e9s por la defensa de los hospitales p\u00fablicos, entre profesores y estudiantes de las facultades de salud, a m\u00e1s de muchos otros asistentes, deliberaron en doce comisiones que trataron la crisis en que se ha sumido\u2026","rel":"","context":"En \u00abTribuna Roja N\u00ba 98, diciembre 4 de 2004\u00bb","block_context":{"text":"Tribuna Roja N\u00ba 98, diciembre 4 de 2004","link":"https:\/\/moir.com.co\/web\/category\/tribuna-roja\/ediciones-2000-2004\/tribuna-roja-no-98-diciembre-4-de-2004\/"},"img":{"alt_text":"","src":"","width":0,"height":0},"classes":[]},{"id":6681,"url":"https:\/\/moir.com.co\/web\/movilicemonos-por-la-salud-como-derecho-fundamental\/","url_meta":{"origin":978,"position":4},"title":"Movilic\u00e9monos por la salud como derecho fundamental","author":"admin","date":"julio 18, 2012","format":false,"excerpt":"El pr\u00f3ximo a\u00f1o se cumplir\u00e1n 20 de la expedici\u00f3n de la Ley 100. Desde el tr\u00e1mite comenzaron las cr\u00edticas de m\u00e9dicos, enfermeras, trabajadores de la salud y usuarios que comprendieron que la reforma constitucional de 1991, a m\u00e1s de contener unos pocos enunciados democr\u00e1ticos ten\u00eda, como aspecto central, la carga\u2026","rel":"","context":"En \u00abPronunciamientos de Organizaciones Sociales\u00bb","block_context":{"text":"Pronunciamientos de Organizaciones Sociales","link":"https:\/\/moir.com.co\/web\/category\/pronunciamientos-de-organizaciones-sociales\/"},"img":{"alt_text":"","src":"","width":0,"height":0},"classes":[]},{"id":7397,"url":"https:\/\/moir.com.co\/web\/reforma-a-la-salud-de-santos-ley-100-version-2-0\/","url_meta":{"origin":978,"position":5},"title":"Reforma a la salud de santos: ley 100 versi\u00f3n 2.0","author":"admin","date":"marzo 21, 2013","format":false,"excerpt":"La propuesta de Santos es la pol\u00edtica de aseguramiento impulsada por el Banco Mundial (http:\/\/bit.ly\/Zyn0W3) y su principal objetivo es profundizar el negocio del capital financiero, creando la falsa impresi\u00f3n de un cambio fundamental. La reforma fortalece el aseguramiento privado, mantiene la intermediaci\u00f3n financiera y profundiza la desigualdad. Los principales\u2026","rel":"","context":"En \u00abJorge Enrique Robledo\u00bb","block_context":{"text":"Jorge Enrique Robledo","link":"https:\/\/moir.com.co\/web\/category\/jorge-enrique-robledo\/"},"img":{"alt_text":"","src":"","width":0,"height":0},"classes":[]}],"jetpack_sharing_enabled":true,"_links":{"self":[{"href":"https:\/\/moir.com.co\/web\/wp-json\/wp\/v2\/posts\/978","targetHints":{"allow":["GET"]}}],"collection":[{"href":"https:\/\/moir.com.co\/web\/wp-json\/wp\/v2\/posts"}],"about":[{"href":"https:\/\/moir.com.co\/web\/wp-json\/wp\/v2\/types\/post"}],"author":[{"embeddable":true,"href":"https:\/\/moir.com.co\/web\/wp-json\/wp\/v2\/users\/1"}],"replies":[{"embeddable":true,"href":"https:\/\/moir.com.co\/web\/wp-json\/wp\/v2\/comments?post=978"}],"version-history":[{"count":0,"href":"https:\/\/moir.com.co\/web\/wp-json\/wp\/v2\/posts\/978\/revisions"}],"wp:attachment":[{"href":"https:\/\/moir.com.co\/web\/wp-json\/wp\/v2\/media?parent=978"}],"wp:term":[{"taxonomy":"category","embeddable":true,"href":"https:\/\/moir.com.co\/web\/wp-json\/wp\/v2\/categories?post=978"},{"taxonomy":"post_tag","embeddable":true,"href":"https:\/\/moir.com.co\/web\/wp-json\/wp\/v2\/tags?post=978"}],"curies":[{"name":"wp","href":"https:\/\/api.w.org\/{rel}","templated":true}]}}