{"id":977,"date":"2004-08-17T07:00:00","date_gmt":"2004-08-17T07:00:00","guid":{"rendered":"https:\/\/moir.org.co\/web\/comunicado-asamblea-de-agricultores-arroceros-de-meta-y-casanare\/"},"modified":"2004-08-17T07:00:00","modified_gmt":"2004-08-17T07:00:00","slug":"comunicado-asamblea-de-agricultores-arroceros-de-meta-y-casanare","status":"publish","type":"post","link":"https:\/\/moir.com.co\/web\/comunicado-asamblea-de-agricultores-arroceros-de-meta-y-casanare\/","title":{"rendered":"COMUNICADO ASAMBLEA DE AGRICULTORES ARROCEROS DE META Y CASANARE"},"content":{"rendered":"<p>La asamblea de agricultores arroceros  del Meta y Casanare, reunida hoy 27 de Agosto de 2004  en las instalaciones de FEDEARROZ, en Villavicencio, ante la grave situaci\u00f3n presentada por el retiro de la moliner\u00eda de la comercializaci\u00f3n de la presente cosecha arrocera, bajo los t\u00e9rminos del incentivo al almacenamiento, acord\u00f3 los siguientes puntos:<\/p>\n<p>1. No aceptamos la renegociaci\u00f3n por debajo del precio m\u00ednimo establecido por el Gobierno Nacional de 70.000 pesos la carga de arroz paddy, con el 25 de humedad y el 5% de impurezas.<\/p>\n<p>2. Manifestar nuestro desacuerdo con la posici\u00f3n unilateral del Gobierno de descontar el 1.1% por cruce de cartera y solicitar que se extienda el plazo a los agricultores para inscribirse con el fin de acceder al incentivo del almacenamiento.<\/p>\n<p>3. Exigir del Gobierno la inmediata intervenci\u00f3n procediendo a comprar los CDM que se constituyan con arroz blanco o en paddy, fijando para el blanco un precio de 80.000 por bulto de 75 Kilos, puesto en Villavicencio, para almacenar hasta  por 6 meses de ser necesario, manteniendo como m\u00ednimo el precio de 70.000 por carga de paddy, fijado por el Gobierno.<\/p>\n<p>4. Dar un plazo perentorio hasta el lunes 30 de Agosto, para que el Gobierno Nacional decida sobre la soluci\u00f3n al problema de la presente cosecha, que se sigue recolectando; declar\u00e1ndonos desde ahora en m\u00e1ximo estado de alerta para aguardar las acciones del Gobierno, dado que en el presente fin de semana se colman las instalaciones de las diferentes almacenadoras y molinos de la Regi\u00f3n, cuando falta recolectar un 25% de la cosecha del Meta y el 90% de la del Casanare.<\/p>\n<p>5. Convocar para el pr\u00f3ximo lunes 30 de Agosto a todo el sector arrocero, agricultores, molinos, agrocomercios, trabajadores, para que en reuni\u00f3n que citamos para la misma fecha, esperemos la respuesta del Gobierno y de no tener soluciones, discutir la propuesta de desobediencia civil a que nos podemos ver abocados en caso de no tener soluciones.<\/p>\n<p>ASAMBLEA DE AGRICULTORES ARROCEROS DE META,<\/p>\n<p>COMITES ARROCEROS DE META Y CASANARE<\/p>\n<p>AGAMETA, ASIALL, ASOINSEOG, MOLIARROZ, AMOLILLANO<\/p>\n<p>VILLAVICENCIO, 27 DE AGOSTO DE 2004.<\/p>\n","protected":false},"excerpt":{"rendered":"<p>La asamblea de agricultores arroceros del Meta y Casanare, reunida hoy 27 de Agosto de 2004 en las instalaciones de FEDEARROZ, en Villavicencio, ante la grave situaci\u00f3n presentada por el retiro de la moliner\u00eda de la comercializaci\u00f3n de la presente cosecha arrocera, bajo los t\u00e9rminos del incentivo al almacenamiento, acord\u00f3 los siguientes puntos: 1. No [&hellip;]<\/p>\n","protected":false},"author":1,"featured_media":0,"comment_status":"open","ping_status":"open","sticky":false,"template":"","format":"standard","meta":{"advanced_seo_description":"","jetpack_seo_html_title":"","jetpack_seo_noindex":false,"_jetpack_memberships_contains_paid_content":false,"footnotes":""},"categories":[7],"tags":[],"class_list":["post-977","post","type-post","status-publish","format-standard","hentry","category-pronunciamientos-de-organizaciones-sociales"],"jetpack_featured_media_url":"","jetpack-related-posts":[{"id":999,"url":"https:\/\/moir.com.co\/web\/se-cocina-paro-nacional-arrocero\/","url_meta":{"origin":977,"position":0},"title":"SE COCINA PARO NACIONAL ARROCERO","author":"admin","date":"septiembre 7, 2004","format":false,"excerpt":"Oscar Var\u00f3n, El NUevo D\u00eda, Ibagu\u00e9, septiembre 13 de 2004 La semana arranc\u00f3 con una nueva reducci\u00f3n de los precios de arroz en el pa\u00eds. Esto desencadenar\u00e1 un paro nacional de los productores del cereal, del cual se definir\u00e1 su hora cero el pr\u00f3ximo jueves 16 de septiembre cuando diferentes\u2026","rel":"","context":"En \u00abPronunciamientos de Organizaciones Sociales\u00bb","block_context":{"text":"Pronunciamientos de Organizaciones Sociales","link":"https:\/\/moir.com.co\/web\/category\/pronunciamientos-de-organizaciones-sociales\/"},"img":{"alt_text":"","src":"","width":0,"height":0},"classes":[]},{"id":3335,"url":"https:\/\/moir.com.co\/web\/arroceros-del-meta-y-casanare-protestan-contra-el-gobierno-por-incumplimiento-de-acuerdo-sobre-precio\/","url_meta":{"origin":977,"position":1},"title":"ARROCEROS DEL META Y CASANARE PROTESTAN CONTRA EL GOBIERNO POR INCUMPLIMIENTO DE ACUERDO SOBRE PRECIO","author":"admin","date":"julio 31, 2009","format":false,"excerpt":"Con una larga caravana que recorri\u00f3 el centro de Villavicencio desde el Parque de los Fundadores hasta el Parque Central, los arroceros del Meta y Casanare protestaron hoy contra el gobierno nacional, al que acusan de haberles incumplido el acuerdo sobre el precio de sustentaci\u00f3n, fijado en 103 mil pesos\u2026","rel":"","context":"En \u00abJorge Enrique Robledo\u00bb","block_context":{"text":"Jorge Enrique Robledo","link":"https:\/\/moir.com.co\/web\/category\/jorge-enrique-robledo\/"},"img":{"alt_text":"","src":"","width":0,"height":0},"classes":[]},{"id":650,"url":"https:\/\/moir.com.co\/web\/politicas-de-uribe-afectan-sector-arrocero\/","url_meta":{"origin":977,"position":2},"title":"POL\u00cdTICAS DE URIBE AFECTAN SECTOR ARROCERO","author":"admin","date":"agosto 11, 2004","format":false,"excerpt":"En la agon\u00eda del gobierno Gaviria los ministros de aquella \u00e9poca se comprometieron en la OMC (Organizaci\u00f3n Mundial del Comercio), que a partir del 1 de enero de 2004 \"la fijaci\u00f3n de precios de absorci\u00f3n de cosechas quede ligada a los precios internacionales\", es decir se abandona el criterio con\u2026","rel":"","context":"En \u00abPronunciamientos de Organizaciones Sociales\u00bb","block_context":{"text":"Pronunciamientos de Organizaciones Sociales","link":"https:\/\/moir.com.co\/web\/category\/pronunciamientos-de-organizaciones-sociales\/"},"img":{"alt_text":"","src":"","width":0,"height":0},"classes":[]},{"id":7381,"url":"https:\/\/moir.com.co\/web\/cucarachero-hace-nido-pal-turpial\/","url_meta":{"origin":977,"position":3},"title":"\u201cCucarachero hace nido p\u2019al turpial\u201d","author":"admin","date":"marzo 17, 2013","format":false,"excerpt":"Delegaciones provenientes del Huila, Tolima, Meta, Casanare, Arauca y adherentes de Sucre y el Cesar, en vibrante asamblea realizada en Villavicencio, le pusieron \u201clos puntos sobre la \u00edes\u201d al gobierno nacional y reiteraron los reclamos del petitorio elaborado con motivo de la movilizaci\u00f3n nacional realizada por Dignidad Arrocera el 8\u2026","rel":"","context":"En \u00abTemas\u00bb","block_context":{"text":"Temas","link":"https:\/\/moir.com.co\/web\/category\/temas\/"},"img":{"alt_text":"","src":"","width":0,"height":0},"classes":[]},{"id":13240,"url":"https:\/\/moir.com.co\/web\/arroz-contienda-con-el-oligopolio-los-tlc-y-el-gobierno-santos\/","url_meta":{"origin":977,"position":4},"title":"Arroz, contienda con el oligopolio, los TLC y el Gobierno Santos","author":"admin","date":"septiembre 3, 2017","format":false,"excerpt":"Oscar Guti\u00e9rrez Reyes,\u00a0Director Ejecutivo Nacional\u00a0Dignidad Agropecuaria Colombiana, septiembre 3 de 2017 Ayer, 29 de agosto, tal y como estaba previsto y acordado, se realiz\u00f3 el Paro Nacional Arrocero. En las carreteras de Arauca, Casanare, Meta, Cesar, Norte de Santander, Tolima y Huila caminaron o se instalaron m\u00e1s de 8.000 productores\u2026","rel":"","context":"En \u00abAgro\u00bb","block_context":{"text":"Agro","link":"https:\/\/moir.com.co\/web\/category\/temas\/agro\/"},"img":{"alt_text":"","src":"https:\/\/i0.wp.com\/moir.com.co\/web\/wp-content\/uploads\/2017\/09\/tlccampasinado.jpeg?fit=729%2C536&ssl=1&resize=350%2C200","width":350,"height":200,"srcset":"https:\/\/i0.wp.com\/moir.com.co\/web\/wp-content\/uploads\/2017\/09\/tlccampasinado.jpeg?fit=729%2C536&ssl=1&resize=350%2C200 1x, https:\/\/i0.wp.com\/moir.com.co\/web\/wp-content\/uploads\/2017\/09\/tlccampasinado.jpeg?fit=729%2C536&ssl=1&resize=525%2C300 1.5x, https:\/\/i0.wp.com\/moir.com.co\/web\/wp-content\/uploads\/2017\/09\/tlccampasinado.jpeg?fit=729%2C536&ssl=1&resize=700%2C400 2x"},"classes":[]},{"id":546,"url":"https:\/\/moir.com.co\/web\/llego-la-catastrofe-arrocera-salvacion-agropecuaria\/","url_meta":{"origin":977,"position":5},"title":"LLEG\u00d3 LA CAT\u00c1STROFE ARROCERA: SALVACI\u00d3N AGROPECUARIA","author":"admin","date":"agosto 10, 2004","format":false,"excerpt":"GERSAN; EL NUEVO DIA\/ 3 agosto de 2003 Una protesta de agricultores tolimenses, en especial de los arroceros, se producir\u00eda la pr\u00f3xima semana en busca de que el Gobierno nacional tome medidas inmediatas para frenar la baja en el precio de la carga de arroz que en las \u00faltimas dos\u2026","rel":"","context":"En \u00abPronunciamientos de Organizaciones Sociales\u00bb","block_context":{"text":"Pronunciamientos de Organizaciones Sociales","link":"https:\/\/moir.com.co\/web\/category\/pronunciamientos-de-organizaciones-sociales\/"},"img":{"alt_text":"","src":"","width":0,"height":0},"classes":[]}],"jetpack_sharing_enabled":true,"_links":{"self":[{"href":"https:\/\/moir.com.co\/web\/wp-json\/wp\/v2\/posts\/977","targetHints":{"allow":["GET"]}}],"collection":[{"href":"https:\/\/moir.com.co\/web\/wp-json\/wp\/v2\/posts"}],"about":[{"href":"https:\/\/moir.com.co\/web\/wp-json\/wp\/v2\/types\/post"}],"author":[{"embeddable":true,"href":"https:\/\/moir.com.co\/web\/wp-json\/wp\/v2\/users\/1"}],"replies":[{"embeddable":true,"href":"https:\/\/moir.com.co\/web\/wp-json\/wp\/v2\/comments?post=977"}],"version-history":[{"count":0,"href":"https:\/\/moir.com.co\/web\/wp-json\/wp\/v2\/posts\/977\/revisions"}],"wp:attachment":[{"href":"https:\/\/moir.com.co\/web\/wp-json\/wp\/v2\/media?parent=977"}],"wp:term":[{"taxonomy":"category","embeddable":true,"href":"https:\/\/moir.com.co\/web\/wp-json\/wp\/v2\/categories?post=977"},{"taxonomy":"post_tag","embeddable":true,"href":"https:\/\/moir.com.co\/web\/wp-json\/wp\/v2\/tags?post=977"}],"curies":[{"name":"wp","href":"https:\/\/api.w.org\/{rel}","templated":true}]}}