{"id":961,"date":"2004-08-13T07:00:00","date_gmt":"2004-08-13T07:00:00","guid":{"rendered":"https:\/\/moir.org.co\/web\/arroceros-de-tolima-y-huila-inician-lucha-y-declaran-alerta-maxima\/"},"modified":"2004-08-13T07:00:00","modified_gmt":"2004-08-13T07:00:00","slug":"arroceros-de-tolima-y-huila-inician-lucha-y-declaran-alerta-maxima","status":"publish","type":"post","link":"https:\/\/moir.com.co\/web\/arroceros-de-tolima-y-huila-inician-lucha-y-declaran-alerta-maxima\/","title":{"rendered":"ARROCEROS DE TOLIMA Y HUILA INICIAN LUCHA Y DECLARAN ALERTA MAXIMA"},"content":{"rendered":"<p>El viernes 20 de agosto, desde Salda\u00f1a hasta El Espinal, marcharon varios miles de arroceros, trabajadores, organizaciones sociales y dirigentes pol\u00edticos de la regi\u00f3n hasta culminar en una manifestaci\u00f3n de protesta por las calles de la capital agr\u00edcola tolimense que culmin\u00f3 en la glorieta de La Tambora. Desplegando decenas de tractores y maquinaria agr\u00edcola en camiones, camionetas y camperos, expresaron los comienzos de una gran protesta masiva en ciernes contra las importaciones de arroz, venidas de Tailandia, Venezuela y Estados Unidos, las cuales, autorizadas por el gobierno, han deprimido los precios de compra de la cosecha arrocera a escalas de ruina para los cultivadores de arroz de esta zona del pa\u00eds.  <\/p>\n<p>Las empresas industriales y comerciales comprometidas en estas compras externas est\u00e1n haciendo inmensas ganancias que tienen como contrapartida no s\u00f3lo la p\u00e9rdida de la rentabilidad de todos los arroceros sino hasta su voluntad de seguir laborando ante unas pol\u00edticas oficiales que hacia fuera propalan &#8220;que todo se est\u00e1 arreglando&#8221; pero en la pr\u00e1ctica &#8220;todo sigue peor&#8221;. Las desastrosas condiciones que hoy padece el cultivo nacional del arroz  tienden a agravarse en los pr\u00f3ximos d\u00edas ante el aviso de las grandes firmas de moliner\u00eda de reducir todav\u00eda m\u00e1s los precios de adquisici\u00f3n del cereal.  <\/p>\n<p>Los arroceros tolimenses y huilenses quienes en una actitud encomiable aportaron recursos y equipos y los trabajadores que en forma patri\u00f3tica acompa\u00f1aron esta jornada han ido entendiendo  que \u00e9stas son las primeras tareas que deber\u00e1n adelantarse para contener las pretensiones estadounidenses de tomarse el mercado colombiano del arroz mediante la suscripci\u00f3n del tratado de libre comercio (TLC) con Colombia. Por ello en esa marcha se declar\u00f3 a los arroceros en estado de alerta m\u00e1xima conociendo que las negociaciones de dicho acuerdo se est\u00e1n adelantando en la direcci\u00f3n menos favorable para la estabilidad y el progreso del sector rural nacional.               <\/p>\n<p>\u00c1ngel Mar\u00eda Caballero L\u00edan<br \/>\nPresidente<\/p>\n<p>Aurelio Su\u00e1rez Montoya<br \/>\nDirector Ejecutivo<\/p>\n","protected":false},"excerpt":{"rendered":"<p>El viernes 20 de agosto, desde Salda\u00f1a hasta El Espinal, marcharon varios miles de arroceros, trabajadores, organizaciones sociales y dirigentes pol\u00edticos de la regi\u00f3n hasta culminar en una manifestaci\u00f3n de protesta por las calles de la capital agr\u00edcola tolimense que culmin\u00f3 en la glorieta de La Tambora. Desplegando decenas de tractores y maquinaria agr\u00edcola en [&hellip;]<\/p>\n","protected":false},"author":1,"featured_media":0,"comment_status":"open","ping_status":"open","sticky":false,"template":"","format":"standard","meta":{"advanced_seo_description":"","jetpack_seo_html_title":"","jetpack_seo_noindex":false,"_jetpack_memberships_contains_paid_content":false,"footnotes":""},"categories":[7],"tags":[],"class_list":["post-961","post","type-post","status-publish","format-standard","hentry","category-pronunciamientos-de-organizaciones-sociales"],"jetpack_featured_media_url":"","jetpack-related-posts":[{"id":20095,"url":"https:\/\/moir.com.co\/web\/gran-jornada-por-la-defensa-del-arroz\/","url_meta":{"origin":961,"position":0},"title":"GRAN JORNADA POR LA DEFENSA DEL ARROZ","author":"admin","date":"septiembre 16, 2004","format":false,"excerpt":"Miles de arroceros de los distritos de riego del Tolima y el Huila, dirigentes de decenas de municipios, alcaldes, concejales y diputados, transportadores, comerciantes y trabajadores agr\u00edcolas de la zona, organizaciones sociales y sindicales de los departamentos de Tolima y Huila y los afiliados a la Asociacion Nacional por la\u2026","rel":"","context":"En \u00abTribuna Roja N\u00ba 97; septiembre 28 de 2004\u00bb","block_context":{"text":"Tribuna Roja N\u00ba 97; septiembre 28 de 2004","link":"https:\/\/moir.com.co\/web\/category\/tribuna-roja\/ediciones-2000-2004\/tribuna-roja-no-97-septiembre-28-de-2004\/"},"img":{"alt_text":"","src":"","width":0,"height":0},"classes":[]},{"id":13179,"url":"https:\/\/moir.com.co\/web\/respaldemos-a-los-productores-de-arroz\/","url_meta":{"origin":961,"position":1},"title":"Respaldemos a los productores de Arroz","author":"admin","date":"agosto 24, 2017","format":false,"excerpt":"Pronunciamiento de Dignidad Arrocera y Agropecuaria,\u00a0Bogot\u00e1, 23 de Agosto de 2017 Realizada la Audiencia P\u00fablica solicitada por arroceros de Casanare y concedida por la Comisi\u00f3n V de la C\u00e1mara de Representantes y que cont\u00f3 con la presencia de 3 Senadores de la Rep\u00fablica, los arroceros pertenecientes a Dignidad Arrocera y\u2026","rel":"","context":"En \u00abAgro\u00bb","block_context":{"text":"Agro","link":"https:\/\/moir.com.co\/web\/category\/temas\/agro\/"},"img":{"alt_text":"","src":"","width":0,"height":0},"classes":[]},{"id":4299,"url":"https:\/\/moir.com.co\/web\/protesta-arrocera-el-martes-27-de-abril-en-villavicencio\/","url_meta":{"origin":961,"position":2},"title":"Protesta arrocera el martes 27 de abril en Villavicencio","author":"admin","date":"abril 22, 2010","format":false,"excerpt":"El Comit\u00e9 de Fedearroz-Villavicencio y la Asociaci\u00f3n de Ganaderos y Agricultores de Meta adelantar\u00e1n una protesta pac\u00edfica y democr\u00e1tica a la que han denominado \"toma de Villavicencio\". Las siguientes son las consideraciones: \u00b7 El gobierno nacional insiste en autorizar la importaci\u00f3n de arroces provenientes de la Comunidad Andina de Naciones\u2026","rel":"","context":"En \u00abPronunciamientos de Organizaciones Sociales\u00bb","block_context":{"text":"Pronunciamientos de Organizaciones Sociales","link":"https:\/\/moir.com.co\/web\/category\/pronunciamientos-de-organizaciones-sociales\/"},"img":{"alt_text":"","src":"","width":0,"height":0},"classes":[]},{"id":402,"url":"https:\/\/moir.com.co\/web\/carta-al-ministro-de-agricultura-sobre-el-problema-arrocero\/","url_meta":{"origin":961,"position":3},"title":"CARTA AL MINISTRO DE AGRICULTURA SOBRE EL PROBLEMA ARROCERO","author":"admin","date":"agosto 8, 2004","format":false,"excerpt":"ASOCIACION NACIONAL POR LA SALVACION AGROPECUARIA Ibagu\u00e9, 20 de noviembre de 2001 Doctor RODRIGO VILLALBA MOSQUERA Ministro de Agricultura y Desarrollo Rural Santa F\u00e9 de Bogot\u00e1 Se\u00f1or Ministro: Las entidades y personas firmantes, manifestamos a Ud. Nuestra preocupaci\u00f3n por el acontecer del mercado arrocero, fuertemente distorsionado por hechos que son\u2026","rel":"","context":"En \u00abPronunciamientos de Organizaciones Sociales\u00bb","block_context":{"text":"Pronunciamientos de Organizaciones Sociales","link":"https:\/\/moir.com.co\/web\/category\/pronunciamientos-de-organizaciones-sociales\/"},"img":{"alt_text":"","src":"","width":0,"height":0},"classes":[]},{"id":1034,"url":"https:\/\/moir.com.co\/web\/marcharemos-por-la-dignidad-de-los-arroceros-y-el-empleo-de-la-region\/","url_meta":{"origin":961,"position":4},"title":"MARCHAREMOS POR LA DIGNIDAD DE LOS ARROCEROS Y EL EMPLEO DE LA REGI\u00d3N","author":"admin","date":"octubre 7, 2004","format":false,"excerpt":"Centenares de agricultores y trabajadores participaremos masivamente en la marcha por la dignidad arrocera programada para el 19 de Octubre de 2004 hacia las capitales del Tolima, Huila y Meta. Las razones m\u00e1s que suficientes son las 7 bajas consecutivas en el precio del cereal, decretados por la gran industria\u2026","rel":"","context":"En \u00abPronunciamientos de Organizaciones Sociales\u00bb","block_context":{"text":"Pronunciamientos de Organizaciones Sociales","link":"https:\/\/moir.com.co\/web\/category\/pronunciamientos-de-organizaciones-sociales\/"},"img":{"alt_text":"","src":"","width":0,"height":0},"classes":[]},{"id":650,"url":"https:\/\/moir.com.co\/web\/politicas-de-uribe-afectan-sector-arrocero\/","url_meta":{"origin":961,"position":5},"title":"POL\u00cdTICAS DE URIBE AFECTAN SECTOR ARROCERO","author":"admin","date":"agosto 11, 2004","format":false,"excerpt":"En la agon\u00eda del gobierno Gaviria los ministros de aquella \u00e9poca se comprometieron en la OMC (Organizaci\u00f3n Mundial del Comercio), que a partir del 1 de enero de 2004 \"la fijaci\u00f3n de precios de absorci\u00f3n de cosechas quede ligada a los precios internacionales\", es decir se abandona el criterio con\u2026","rel":"","context":"En \u00abPronunciamientos de Organizaciones Sociales\u00bb","block_context":{"text":"Pronunciamientos de Organizaciones Sociales","link":"https:\/\/moir.com.co\/web\/category\/pronunciamientos-de-organizaciones-sociales\/"},"img":{"alt_text":"","src":"","width":0,"height":0},"classes":[]}],"jetpack_sharing_enabled":true,"_links":{"self":[{"href":"https:\/\/moir.com.co\/web\/wp-json\/wp\/v2\/posts\/961","targetHints":{"allow":["GET"]}}],"collection":[{"href":"https:\/\/moir.com.co\/web\/wp-json\/wp\/v2\/posts"}],"about":[{"href":"https:\/\/moir.com.co\/web\/wp-json\/wp\/v2\/types\/post"}],"author":[{"embeddable":true,"href":"https:\/\/moir.com.co\/web\/wp-json\/wp\/v2\/users\/1"}],"replies":[{"embeddable":true,"href":"https:\/\/moir.com.co\/web\/wp-json\/wp\/v2\/comments?post=961"}],"version-history":[{"count":0,"href":"https:\/\/moir.com.co\/web\/wp-json\/wp\/v2\/posts\/961\/revisions"}],"wp:attachment":[{"href":"https:\/\/moir.com.co\/web\/wp-json\/wp\/v2\/media?parent=961"}],"wp:term":[{"taxonomy":"category","embeddable":true,"href":"https:\/\/moir.com.co\/web\/wp-json\/wp\/v2\/categories?post=961"},{"taxonomy":"post_tag","embeddable":true,"href":"https:\/\/moir.com.co\/web\/wp-json\/wp\/v2\/tags?post=961"}],"curies":[{"name":"wp","href":"https:\/\/api.w.org\/{rel}","templated":true}]}}