{"id":681,"date":"2004-08-11T07:00:00","date_gmt":"2004-08-11T07:00:00","guid":{"rendered":"https:\/\/moir.org.co\/web\/gran-coalicion-democratica-de-barrancabermeja\/"},"modified":"2004-08-11T07:00:00","modified_gmt":"2004-08-11T07:00:00","slug":"gran-coalicion-democratica-de-barrancabermeja","status":"publish","type":"post","link":"https:\/\/moir.com.co\/web\/gran-coalicion-democratica-de-barrancabermeja\/","title":{"rendered":"GRAN COALICI\u00d3N DEMOCR\u00c1TICA DE BARRANCABERMEJA"},"content":{"rendered":"<p>Comit\u00e9 Coordinador, agosto 18 de 2004<\/p>\n<p>Las diferentes organizaciones, sociales, pol\u00edticas, sindicales, cooperativas, comunales, estudiantiles, campesinas, pensi\u00f3nales, acad\u00e9micas y ongs del puerto petrolero, reunidas en el Club Infantas el pasado 12 de agosto, acogiendo el llamado de la gran cumbre pol\u00edtica y social que se realiz\u00f3 en Bogota el 22 de julio pasado, de conformar los cap\u00edtulos regionales de la Gran Coalici\u00f3n Democr\u00e1tica, hemos decidido ocuparnos ha fondo en esta tarea nacional y propugnamos por espacios democr\u00e1ticos, pol\u00edticos, sociales y econ\u00f3micos que permitan sacar a Colombia del atraso sostenido por el imperialismo y las pol\u00edticas del gobierno de Uribe V\u00e9lez.<\/p>\n<p>Para este prop\u00f3sito y ante la grave situaci\u00f3n en que se encuentra nuestra naci\u00f3n, por el experimento dictatorial montado por los Estado Unidos en Colombia y acogido por una minor\u00eda fascistoide que goza ante las penurias de las masas empobrecidas, la ruina del agro y la industria, el desempleo, el cierre de los hospitales, la deuda externa creciente, la falta de inversi\u00f3n social, la conculcaci\u00f3n de los derechos de los trabajadores y las masas, la perversa utilizaci\u00f3n de los grandes medios de comunicaci\u00f3n que hacen de las ejecutorias del gobierno un \u201creality\u201d como forma de mantener a la opini\u00f3n p\u00fablica con el artificio de las encuestas, y en Barrancabermeja se mantiene la amenaza del cierre del Hospital San Rafael, Fertilizantes de Colombia S.A., el desalojo de las comunidades de El Centro y El Llanito, los escandalosos aumentos de la tarifas de los servicios p\u00fablicos, los continuos anuncios de ventas de las acciones de ECOPETROL como pasos a su privatizaci\u00f3n, el desempleo y desplazamiento de la mano de obra barrameja, se constituy\u00f3 el comit\u00e9 coordinador provisional de la Gran Coalici\u00f3n Democr\u00e1tica en el puerto petrolero.<\/p>\n<p>Igualmente se acord\u00f3 hacer la cumbre pol\u00edtica y social como lanzamiento de la gran Coalici\u00f3n en Barrancabermeja, acto que se realizar\u00e1 el pr\u00f3ximo 2 de septiembre en el sal\u00f3n Cusiana del Club Infantas a partir de las 5: PM, con la presencia de los coordinadores nacionales los Parlamentarios (a) Carlos Gaviria, Piedad C\u00f3rdoba, Martha Diago, Jorge Robledo, Carlos Avellaneda, Antonio Navarro, Jaime Duss\u00e1n, Wilson Borja, Gustavo Petro, Francisco Roja Birry, German Navas, Alexander L\u00f3pez, El ex gobernador del Tolima Guillermo Alfonso Jaramillo, el padre Bernardo Hoyos, el presiente de la CUT Carlos Rodr\u00edguez y Julio Roberto G\u00f3mez de la CGTD, adem\u00e1s de los coordinadores departamentales de Santander. En este evento se ratificar\u00e1n y ampliar\u00e1n las comisiones de prensa, organizaci\u00f3n, finanzas, servicios p\u00fablicos, comunas y barrios y se definir\u00e1n las reglas democr\u00e1ticas de funcionamiento de la coalici\u00f3n en el Magdalena Medio, cuyos fundamentos ser\u00e1n los cinco puntos declarados como objetivos de lucha por la coalici\u00f3n nacional y estos son los siguientes:<\/p>\n<p>1. Por la defensa del estado social de derecho oponi\u00e9ndonos al proyecto de reforma a la justicia, el recorte a las facultades a la corte Constitucional, la eliminaci\u00f3n de la acci\u00f3n de tutela, el desmonte de las obligaciones sociales del estado. La defensa de las libertades ciudadanas y el rechazo a la presencia de tropas norteamericanas en nuestro territorio.<br \/>\n2. Luchar en las calles, plazas y el parlamento contra la agenda legislativa del gobierno por aplicar IVA a los productos de la canasta familiar; la reforma pensional que aumenta requisitos, implementa impuestos a las pensiones, elimina derechos como la mesada 14 y establece otra reforma tributaria.<br \/>\n3. Contra el regresivo Tratado de Libre Comercio con los EE.UU., que acaba con los pocos sectores de la producci\u00f3n nacional que sobrevivieron a la ruina, de los 14 a\u00f1os la apertura econ\u00f3mica, entrega el mercado interno a las importaciones gringas, pauperizar y esclaviza la mano de obra nacional.<br \/>\n4. Contra la reelecci\u00f3n presidencial que auspicia la embajada norteamericana, la reforma constitucional que adelanta el gobierno de Uribe V\u00e9lez en causa propia y la compra de votos de los parlamentarios beneficiarios del r\u00e9gimen.<br \/>\n5. Por la superaci\u00f3n de la violencia generalizada y una soluci\u00f3n pol\u00edtica negociada al conflicto armado.<\/p>\n<p>Comit\u00e9 Coordinador<\/p>\n<p>Jorge Ferreira<br \/>\nPartido Liberal<\/p>\n<p>Pedro Luis G\u00f3mez<br \/>\nNuevo Liberalismo<\/p>\n<p>Hernando Hern\u00e1ndez<br \/>\nDignidad Obrera<\/p>\n<p>Roberto Schmalbach<br \/>\nMOIR<\/p>\n<p>David Ravelo<br \/>\nP. Comunista<\/p>\n<p>Arturo Moncada<br \/>\nP.D.I.<\/p>\n<p>Maricruz Jaimes<br \/>\nMUDEUB<\/p>\n<p>Juan Bautista Ord\u00f3\u00f1ez<br \/>\nM. Comunal<\/p>\n<p>Ulpiano Quintero<br \/>\nP.T.C.<\/p>\n<p>Herman Tapias<br \/>\nS.E.S. Bca\/bja<\/p>\n","protected":false},"excerpt":{"rendered":"<p>Comit\u00e9 Coordinador, agosto 18 de 2004 Las diferentes organizaciones, sociales, pol\u00edticas, sindicales, cooperativas, comunales, estudiantiles, campesinas, pensi\u00f3nales, acad\u00e9micas y ongs del puerto petrolero, reunidas en el Club Infantas el pasado 12 de agosto, acogiendo el llamado de la gran cumbre pol\u00edtica y social que se realiz\u00f3 en Bogota el 22 de julio pasado, de conformar [&hellip;]<\/p>\n","protected":false},"author":1,"featured_media":0,"comment_status":"open","ping_status":"open","sticky":false,"template":"","format":"standard","meta":{"advanced_seo_description":"","jetpack_seo_html_title":"","jetpack_seo_noindex":false,"_jetpack_memberships_contains_paid_content":false,"footnotes":""},"categories":[7],"tags":[],"class_list":["post-681","post","type-post","status-publish","format-standard","hentry","category-pronunciamientos-de-organizaciones-sociales"],"jetpack_featured_media_url":"","jetpack-related-posts":[{"id":679,"url":"https:\/\/moir.com.co\/web\/a-defender-la-red-publica-hospitalaria\/","url_meta":{"origin":681,"position":0},"title":"\u00a1A DEFENDER LA RED P\u00daBLICA HOSPITALARIA!","author":"admin","date":"agosto 11, 2004","format":false,"excerpt":"Gran Coalici\u00f3n Democr\u00e1tica del Magdalena, San Marta, agosto 12 de 2004 La Gran Coalici\u00f3n Democr\u00e1tica del Magdalena alerta a todas las fuerzas vivas de la sociedad samaria y magdalenense sobre el posible cierre de varios hospitales del departamento y del Hospital Central Julio M\u00e9ndez Barreneche de Santa Marta, seg\u00fan se\u2026","rel":"","context":"En \u00abPronunciamientos de Organizaciones Sociales\u00bb","block_context":{"text":"Pronunciamientos de Organizaciones Sociales","link":"https:\/\/moir.com.co\/web\/category\/pronunciamientos-de-organizaciones-sociales\/"},"img":{"alt_text":"","src":"","width":0,"height":0},"classes":[]},{"id":674,"url":"https:\/\/moir.com.co\/web\/lanzamiento-de-la-gran-coalicion-democratica-del-magdalena\/","url_meta":{"origin":681,"position":1},"title":"LANZAMIENTO DE LA GRAN COALICI\u00d3N DEMOCR\u00c1TICA DEL MAGDALENA","author":"admin","date":"agosto 11, 2004","format":false,"excerpt":"El Mi\u00e9rcoles 4 de agosto de 2004 se constituy\u00f3 la Gran Coalici\u00f3n Democr\u00e1tica del Magdalena con la participaci\u00f3n de las organizaciones pol\u00edticas, gremiales, sindicales y comunitarias abajo firmantes, las cuales est\u00e1n de acuerdo con los siguientes objetivos de lucha de car\u00e1cter nacional, regional y distrital. OBJETIVOS NACIONALES 1. Rechazo al\u2026","rel":"","context":"En \u00abPronunciamientos de Organizaciones Sociales\u00bb","block_context":{"text":"Pronunciamientos de Organizaciones Sociales","link":"https:\/\/moir.com.co\/web\/category\/pronunciamientos-de-organizaciones-sociales\/"},"img":{"alt_text":"","src":"","width":0,"height":0},"classes":[]},{"id":673,"url":"https:\/\/moir.com.co\/web\/encuentro-departamental-de-la-gran-coalicion-democratica\/","url_meta":{"origin":681,"position":2},"title":"ENCUENTRO DEPARTAMENTAL DE LA GRAN COALICI\u00d3N DEMOCR\u00c1TICA","author":"admin","date":"agosto 11, 2004","format":false,"excerpt":"Gran Coalici\u00f3n Democr\u00e1tica, julio 28 de 2004 S\u00e1bado 31 de Julio de 2004 \u2013 9:00 A.M. LUGAR: HEMICICLO DEL CONCEJO MUNICIPAL DE SANTIAGO DE CALI La Gran Coalici\u00f3n Democr\u00e1tica, frente amplio de organizaciones sociales, movimientos y partidos de izquierda, como tambi\u00e9n de sectores pol\u00edticos liberales que deslindan campos con el\u2026","rel":"","context":"En \u00abPronunciamientos de Organizaciones Sociales\u00bb","block_context":{"text":"Pronunciamientos de Organizaciones Sociales","link":"https:\/\/moir.com.co\/web\/category\/pronunciamientos-de-organizaciones-sociales\/"},"img":{"alt_text":"","src":"","width":0,"height":0},"classes":[]},{"id":19566,"url":"https:\/\/moir.com.co\/web\/encuentro-nacional-de-organizaciones-politicas-y-sociales\/","url_meta":{"origin":681,"position":3},"title":"ENCUENTRO NACIONAL DE ORGANIZACIONES POL\u00cdTICAS Y SOCIALES","author":"admin","date":"julio 28, 2004","format":false,"excerpt":"La Gran Coalici\u00f3n Democr\u00e1tica es la coordinaci\u00f3n de un importante n\u00famero de fuerzas pol\u00edticas, sindicales y sociales que se aglutinaron a comienzos del a\u00f1o pasado con el objetivo de enfrentar la pol\u00edtica oficial plasmada en la propuesta del Referendo, como parte de los acuerdos de esta administraci\u00f3n con el gobierno\u2026","rel":"","context":"En \u00abTribuna Roja N\u00ba 95; abril 27 de 2004\u00bb","block_context":{"text":"Tribuna Roja N\u00ba 95; abril 27 de 2004","link":"https:\/\/moir.com.co\/web\/category\/tribuna-roja\/ediciones-2000-2004\/tribuna-roja-no-95-abril-27-de-2004\/"},"img":{"alt_text":"","src":"","width":0,"height":0},"classes":[]},{"id":4240,"url":"https:\/\/moir.com.co\/web\/organizaciones-sociales-colombianas-lanzan-coalicion-contra-las-bases-de-ee-uu\/","url_meta":{"origin":681,"position":4},"title":"Organizaciones Sociales colombianas lanzan  coalici\u00f3n contra las bases de EE.UU.","author":"admin","date":"marzo 27, 2010","format":false,"excerpt":"M\u00e1s de 150 organizaciones colombianas, entre ellas el Comando Nacional Unitario (CUT, CGT, CTC, CPC), la Gran Coalici\u00f3n Democr\u00e1tica, Fecode, Recalca, e importantes personalidades democr\u00e1ticas del pa\u00eds, han firmado una declaraci\u00f3n rechazando la presencia militar estadounidense en Colombia en \u2013por lo menos\u2013 siete bases militares. El documento con todas sus\u2026","rel":"","context":"En \u00abPronunciamientos de Organizaciones Sociales\u00bb","block_context":{"text":"Pronunciamientos de Organizaciones Sociales","link":"https:\/\/moir.com.co\/web\/category\/pronunciamientos-de-organizaciones-sociales\/"},"img":{"alt_text":"","src":"","width":0,"height":0},"classes":[]},{"id":4246,"url":"https:\/\/moir.com.co\/web\/circular-de-la-gran-coalicion-democratica-sobre-las-tareas-del-movimiento-popular\/","url_meta":{"origin":681,"position":5},"title":"Circular de la Gran Coalici\u00f3n Democr\u00e1tica sobre las tareas del movimiento popular","author":"admin","date":"marzo 29, 2010","format":false,"excerpt":"Reunidas las organizaciones sociales y pol\u00edticas que hacemos parte de la Gran Coalici\u00f3n Democr\u00e1tica GCD, en la sede de la CTC el 24 de Marzo, acordamos orientar y desarrollar con su colaboraci\u00f3n las siguientes actividades: 1. Al igual que lo hicimos a nivel nacional esperamos hayan hecho la evaluaci\u00f3n de\u2026","rel":"","context":"En \u00abPronunciamientos de Organizaciones Sociales\u00bb","block_context":{"text":"Pronunciamientos de Organizaciones Sociales","link":"https:\/\/moir.com.co\/web\/category\/pronunciamientos-de-organizaciones-sociales\/"},"img":{"alt_text":"","src":"","width":0,"height":0},"classes":[]}],"jetpack_sharing_enabled":true,"_links":{"self":[{"href":"https:\/\/moir.com.co\/web\/wp-json\/wp\/v2\/posts\/681","targetHints":{"allow":["GET"]}}],"collection":[{"href":"https:\/\/moir.com.co\/web\/wp-json\/wp\/v2\/posts"}],"about":[{"href":"https:\/\/moir.com.co\/web\/wp-json\/wp\/v2\/types\/post"}],"author":[{"embeddable":true,"href":"https:\/\/moir.com.co\/web\/wp-json\/wp\/v2\/users\/1"}],"replies":[{"embeddable":true,"href":"https:\/\/moir.com.co\/web\/wp-json\/wp\/v2\/comments?post=681"}],"version-history":[{"count":0,"href":"https:\/\/moir.com.co\/web\/wp-json\/wp\/v2\/posts\/681\/revisions"}],"wp:attachment":[{"href":"https:\/\/moir.com.co\/web\/wp-json\/wp\/v2\/media?parent=681"}],"wp:term":[{"taxonomy":"category","embeddable":true,"href":"https:\/\/moir.com.co\/web\/wp-json\/wp\/v2\/categories?post=681"},{"taxonomy":"post_tag","embeddable":true,"href":"https:\/\/moir.com.co\/web\/wp-json\/wp\/v2\/tags?post=681"}],"curies":[{"name":"wp","href":"https:\/\/api.w.org\/{rel}","templated":true}]}}