{"id":680,"date":"2004-08-11T07:00:00","date_gmt":"2004-08-11T07:00:00","guid":{"rendered":"https:\/\/moir.org.co\/web\/se-perdio-el-encanto-y-llegamos-a-la-cruel-realidad\/"},"modified":"2004-08-11T07:00:00","modified_gmt":"2004-08-11T07:00:00","slug":"se-perdio-el-encanto-y-llegamos-a-la-cruel-realidad","status":"publish","type":"post","link":"https:\/\/moir.com.co\/web\/se-perdio-el-encanto-y-llegamos-a-la-cruel-realidad\/","title":{"rendered":"SE PERDIO EL ENCANTO Y LLEGAMOS A LA CRUEL REALIDAD"},"content":{"rendered":"<p>Salvaci\u00f3n Agropecuaria, agosto 18 de 2004<\/p>\n<p>Para los que so\u00f1\u00e1bamos con la exclusi\u00f3n del arroz de las negociaciones del TLC, qued\u00f3 claro que NO. Hernando Jos\u00e9 G\u00f3mez Jefe de las negociaciones por parte de Colombia as\u00ed lo expreso en Ibagu\u00e9 el pasado 14 de Agosto ante la sociedad colombiana de ingenieros.<\/p>\n<p>Adem\u00e1s dijo que para esta decisi\u00f3n hubo acompa\u00f1amiento gremial. Lo cual no es cierto, en nuestro buen saber y entender, para la gran mayor\u00eda de las agremiaciones entre ellas Fedearroz, esta claro que el arroz y la casi totalidad de los productos de dieta b\u00e1sica del pueblo colombiano no son competitivos a nivel internacional. Es muy sencillo de demostrar: en siete a\u00f1os de la d\u00e9cada pasada Estados Unidos baj\u00f3 el precio del arroz un 51% e increment\u00f3 los subsidios en un 281%, igual pasa con los dem\u00e1s productos de dicha canasta; ni que hablar del algod\u00f3n que en el mes de febrero su precio estaba en 0.82 centavos de d\u00f3lar la libra, cuando el gobierno invito masivamente al interior del pa\u00eds a cultivar la fibra, y hoy esta 0.43 centavos de d\u00f3lar y con faltantes de tesorer\u00eda respecto a lo ofrecido y al mercado internacional de 19.000 millones de pesos para la cosecha del interior del pa\u00eds, y de 26.000 millones para la Costa, los cuales deber\u00e1n ser pagados entre el Gobierno y los productores, para que el sector industrial pueda supuestamente exportar competitivamente sus textiles y confecciones.<\/p>\n<p>Tambi\u00e9n manifest\u00f3 el negociador que si se eliminan las franjas de precios por petici\u00f3n de E.E. Unidos en Lima, este pa\u00eds debe escogernos el nuevo mecanismo para reemplazarlas. Creemos que salidas en falso de esta \u00edndole no se pueden dar en negociaciones tan importantes, pues es jugar con 4 millones de empleos del sector agropecuario Colombiano, ya que los aranceles de las franjas de precios es el \u00fanico subsidio de que dispone el sector agropecuario Nacional.<\/p>\n<p>Cuando en el mes de Junio le solicitamos en el Espinal al Ministro Cano excluir al arroz y los productos sensibles del TLC, \u00e9l expres\u00f3 que el arroz y el algod\u00f3n no pod\u00edan competir por los abultados subsidios que da Estados Unidos a sus productores y textualmente cit\u00f3 el caso del algod\u00f3n en que la producci\u00f3n de este pa\u00eds vale 3.200 millones de d\u00f3lares y los subsidios 3.600 millones de d\u00f3lares.<\/p>\n<p>El arroz lo entregaron en Lima en la canasta D de desgravaci\u00f3n a m\u00e1s de diez a\u00f1os, pero el algod\u00f3n, el consentido del Gobierno \u201cpor aquello del empleo rural\u201d, parece que lo sacaron de la canasta agropecuaria y lo pasaron a la canasta textil confecciones como un insumo m\u00e1s, y hasta donde sabemos porque casi todo es un secreto por aquello de la confidencialidad; \u201cPara que no se da\u00f1e el negocio\u201d; muy posiblemente qued\u00f3 como los textiles o sea a desgravaci\u00f3n inmediata. Ya se les olvido que Fabricato, Coltejer y la gran mayor\u00eda de textileras en la d\u00e9cada de los 90 quedaron en la ley 550 o de quiebras, igual que hoy Fibratolima. Porque si al agro le fue mal en la d\u00e9cada pasada de la apertura econ\u00f3mica con crecimiento de 7.5% para el per\u00edodo, al sector industrial le fue peor con decrecimiento del 6%.<\/p>\n<p>Ya casi firman el TLC, porque para el gobierno y la ANDI entre m\u00e1s r\u00e1pido mejor, porque m\u00e1s pronto \u201cllegaremos al cielo\u201d; y todav\u00eda no hemos elaborado la famosa agenda interna o de competitividad, la cual para el Se\u00f1or G\u00f3mez jefe de negociaciones se reduce a m\u00e1s distritos de riego e infraestructura, lo cual nos deja ver el poco conocimiento que tiene nuestro jefe del sector. Para mayor informaci\u00f3n una agenda interna para el arroz y otros cultivos tiene que ver: con costos de agroqu\u00edmicos, tasas de inter\u00e9s, costo de energ\u00eda y combustibles, ciencia y tecnolog\u00eda, cualquier regi\u00f3n arrocera de Estados Unidos trabaja con m\u00e1s de 20 variedades de semillas de arroz, y en otros cultivos con semillas transg\u00e9nicas; subsidios a la producci\u00f3n y a la exportaci\u00f3n ya que por cada d\u00f3lar que invierte un agricultor gringo, el estado le regala otro, rotaci\u00f3n de cultivos, en Estados Unidos el arroz se rota con soya, despu\u00e9s ma\u00edz, luego algod\u00f3n, sorgo etc. todav\u00eda aplican herbicidas para el arroz como el Saturno 50 que nosotros dejamos de aplicar hace 20 a\u00f1os; sin rotaci\u00f3n de cultivos no hay competitividad por el empobrecimiento de los suelos; tambi\u00e9n incide en la agenda el costo y tipo del transporte para las cosechas, ellos lo hacen por v\u00eda f\u00e9rrea y fluvial cuyo costo es un 50% menos que el nuestro, valor de los impuestos, costos del agua, en E.E Unidos subsidian el agua para riego, valor de la maquinaria agr\u00edcola etc.<\/p>\n<p>Hemos dicho que el tiempo por s\u00ed solo no da competitividad, prueba de ello es que despu\u00e9s de 14 a\u00f1os de apertura carecemos de la misma. Una sola de las variables de la agenda mencionada anteriormente la de transporte, fue calculada por nuestros economistas criollos en 10 billones de pesos, es decir la agenda completa puede llegar a cifras por encima del presupuesto Nacional; la pregunta es \u00bfdonde est\u00e1n los recursos?<\/p>\n","protected":false},"excerpt":{"rendered":"<p>Salvaci\u00f3n Agropecuaria, agosto 18 de 2004 Para los que so\u00f1\u00e1bamos con la exclusi\u00f3n del arroz de las negociaciones del TLC, qued\u00f3 claro que NO. Hernando Jos\u00e9 G\u00f3mez Jefe de las negociaciones por parte de Colombia as\u00ed lo expreso en Ibagu\u00e9 el pasado 14 de Agosto ante la sociedad colombiana de ingenieros. Adem\u00e1s dijo que para [&hellip;]<\/p>\n","protected":false},"author":1,"featured_media":0,"comment_status":"open","ping_status":"open","sticky":false,"template":"","format":"standard","meta":{"advanced_seo_description":"","jetpack_seo_html_title":"","jetpack_seo_noindex":false,"_jetpack_memberships_contains_paid_content":false,"footnotes":""},"categories":[7],"tags":[],"class_list":["post-680","post","type-post","status-publish","format-standard","hentry","category-pronunciamientos-de-organizaciones-sociales"],"jetpack_featured_media_url":"","jetpack-related-posts":[{"id":678,"url":"https:\/\/moir.com.co\/web\/20-de-agosto-gran-jornada-por-la-defensa-del-arroz-del-tolima-y-del-huila\/","url_meta":{"origin":680,"position":0},"title":"20 DE AGOSTO: GRAN JORNADA POR LA DEFENSA DEL ARROZ DEL TOLIMA Y DEL HUILA","author":"admin","date":"agosto 11, 2004","format":false,"excerpt":"Como consecuencia de las importaciones de cerca de 200.000 toneladas de arroz, provenientes de Tailandia y Venezuela, autorizadas por el gobierno al amparo de la implantaci\u00f3n del Mecanismo P\u00fablico de Administraci\u00f3n de Contingentes Agropecuarios, los precios de compra de la cosecha de este cereal para los productores de los departamentos\u2026","rel":"","context":"En \u00abPronunciamientos de Organizaciones Sociales\u00bb","block_context":{"text":"Pronunciamientos de Organizaciones Sociales","link":"https:\/\/moir.com.co\/web\/category\/pronunciamientos-de-organizaciones-sociales\/"},"img":{"alt_text":"","src":"","width":0,"height":0},"classes":[]},{"id":20095,"url":"https:\/\/moir.com.co\/web\/gran-jornada-por-la-defensa-del-arroz\/","url_meta":{"origin":680,"position":1},"title":"GRAN JORNADA POR LA DEFENSA DEL ARROZ","author":"admin","date":"septiembre 16, 2004","format":false,"excerpt":"Miles de arroceros de los distritos de riego del Tolima y el Huila, dirigentes de decenas de municipios, alcaldes, concejales y diputados, transportadores, comerciantes y trabajadores agr\u00edcolas de la zona, organizaciones sociales y sindicales de los departamentos de Tolima y Huila y los afiliados a la Asociacion Nacional por la\u2026","rel":"","context":"En \u00abTribuna Roja N\u00ba 97; septiembre 28 de 2004\u00bb","block_context":{"text":"Tribuna Roja N\u00ba 97; septiembre 28 de 2004","link":"https:\/\/moir.com.co\/web\/category\/tribuna-roja\/ediciones-2000-2004\/tribuna-roja-no-97-septiembre-28-de-2004\/"},"img":{"alt_text":"","src":"","width":0,"height":0},"classes":[]},{"id":444,"url":"https:\/\/moir.com.co\/web\/reforma-tributaria-hara-colapsar-cultivo-del-arroz-en-colombia\/","url_meta":{"origin":680,"position":2},"title":"&#8220;REFORMA TRIBUTARIA HAR\u00c1 COLAPSAR CULTIVO DEL ARROZ EN COLOMBIA&#8221;","author":"admin","date":"agosto 9, 2004","format":false,"excerpt":"Asociaci\u00f3n Nacional por la Salvaci\u00f3n Agropecuaria, Ibagu\u00e9, octubre 1 de 2002. Cuando termin\u00f3 la d\u00e9cada de los 90 con la borrasca de la apertura, que borr\u00f3 de un tajo cultivos transitorios como el ma\u00edz, algod\u00f3n, sorgo y soya entre otros, y dej\u00f3 agonizando el caf\u00e9, arroz y hortalizas, no mencionando\u2026","rel":"","context":"En \u00abPronunciamientos de Organizaciones Sociales\u00bb","block_context":{"text":"Pronunciamientos de Organizaciones Sociales","link":"https:\/\/moir.com.co\/web\/category\/pronunciamientos-de-organizaciones-sociales\/"},"img":{"alt_text":"","src":"","width":0,"height":0},"classes":[]},{"id":1136,"url":"https:\/\/moir.com.co\/web\/jorge-enrique-robledo-angel-maria-caballero-tiene-la-razon\/","url_meta":{"origin":680,"position":3},"title":"JORGE ENRIQUE ROBLEDO: \u00c1NGEL MAR\u00cdA CABALLERO TIENE LA RAZ\u00d3N","author":"admin","date":"marzo 25, 2005","format":false,"excerpt":"\u00c1ngel Mar\u00eda Caballero, presidente de la Asociaci\u00f3n Nacional por la Salvaci\u00f3n Agropecuaria, tiene la raz\u00f3n cuando afirma que el gobierno que preside \u00c1lvaro Uribe V\u00e9lez entreg\u00f3 los intereses de los arroceros en las negociaciones del Tratado de Libre Comercio con Estados Unidos (TLC). Y la tiene por las siguientes razones:\u2026","rel":"","context":"En \u00abEscritos del Moir\u00bb","block_context":{"text":"Escritos del Moir","link":"https:\/\/moir.com.co\/web\/category\/moir\/escritos-del-moir\/"},"img":{"alt_text":"","src":"","width":0,"height":0},"classes":[]},{"id":4264,"url":"https:\/\/moir.com.co\/web\/el-parkinson-del-arroz\/","url_meta":{"origin":680,"position":4},"title":"El Parkinson del arroz","author":"admin","date":"abril 11, 2010","format":false,"excerpt":"Esta semana la mayor\u00eda de los colombianos conocer\u00e1 sobre una patolog\u00eda que aqueja a algunas personas en su edad madura y que les causa molestias en su sistema motriz, sin alterar las facultades cognitivas, por cuenta de la confesi\u00f3n de la campa\u00f1a de uno de los candidatos presidenciales en relaci\u00f3n\u2026","rel":"","context":"En \u00abTemas\u00bb","block_context":{"text":"Temas","link":"https:\/\/moir.com.co\/web\/category\/temas\/"},"img":{"alt_text":"","src":"","width":0,"height":0},"classes":[]},{"id":11404,"url":"https:\/\/moir.com.co\/web\/colombia-siembra-desastre-en-arroz\/","url_meta":{"origin":680,"position":5},"title":"Colombia Siembra: desastre en arroz","author":"admin","date":"diciembre 28, 2016","format":false,"excerpt":"Eudoro Alvarez Cohecha, Villavicencio, diciembre 28 de 2016 Mucho dinero ha invertido el gobierno nacional en publicidad y en tiempo del Ministro de Agricultura para promover el llamado plan de \u201cColombia siembra\u201d, veamos un ejercicio para evaluar este programa en el caso espec\u00edfico del arroz. Comencemos con lo dicho por\u2026","rel":"","context":"En \u00abAgro\u00bb","block_context":{"text":"Agro","link":"https:\/\/moir.com.co\/web\/category\/temas\/agro\/"},"img":{"alt_text":"","src":"","width":0,"height":0},"classes":[]}],"jetpack_sharing_enabled":true,"_links":{"self":[{"href":"https:\/\/moir.com.co\/web\/wp-json\/wp\/v2\/posts\/680","targetHints":{"allow":["GET"]}}],"collection":[{"href":"https:\/\/moir.com.co\/web\/wp-json\/wp\/v2\/posts"}],"about":[{"href":"https:\/\/moir.com.co\/web\/wp-json\/wp\/v2\/types\/post"}],"author":[{"embeddable":true,"href":"https:\/\/moir.com.co\/web\/wp-json\/wp\/v2\/users\/1"}],"replies":[{"embeddable":true,"href":"https:\/\/moir.com.co\/web\/wp-json\/wp\/v2\/comments?post=680"}],"version-history":[{"count":0,"href":"https:\/\/moir.com.co\/web\/wp-json\/wp\/v2\/posts\/680\/revisions"}],"wp:attachment":[{"href":"https:\/\/moir.com.co\/web\/wp-json\/wp\/v2\/media?parent=680"}],"wp:term":[{"taxonomy":"category","embeddable":true,"href":"https:\/\/moir.com.co\/web\/wp-json\/wp\/v2\/categories?post=680"},{"taxonomy":"post_tag","embeddable":true,"href":"https:\/\/moir.com.co\/web\/wp-json\/wp\/v2\/tags?post=680"}],"curies":[{"name":"wp","href":"https:\/\/api.w.org\/{rel}","templated":true}]}}