{"id":677,"date":"2004-08-11T07:00:00","date_gmt":"2004-08-11T07:00:00","guid":{"rendered":"https:\/\/moir.org.co\/web\/hospital-universitario-san-jorge-36-000-millones-de-deficit-817-trabajadores-95-000-pacientes-por-ano-y-1-millon-de-risar\/"},"modified":"2004-08-11T07:00:00","modified_gmt":"2004-08-11T07:00:00","slug":"hospital-universitario-san-jorge-36-000-millones-de-deficit-817-trabajadores-95-000-pacientes-por-ano-y-1-millon-de-risar","status":"publish","type":"post","link":"https:\/\/moir.com.co\/web\/hospital-universitario-san-jorge-36-000-millones-de-deficit-817-trabajadores-95-000-pacientes-por-ano-y-1-millon-de-risar\/","title":{"rendered":"HOSPITAL UNIVERSITARIO SAN JORGE: $36.000 MILLONES DE D\u00c9FICIT, 817 TRABAJADORES, 95.000 PACIENTES POR A\u00d1O Y 1 MILL\u00d3N DE RISAR"},"content":{"rendered":"<p>Risaralda, agosto 9 de 2004<\/p>\n<p>El Hospital Universitario San Jorge \u2013HUSJ-, la instituci\u00f3n de salud m\u00e1s importante de Risaralda, \u00fanica de tercer nivel en el departamento, est\u00e1 padeciendo la peor crisis de su historia y corre peligro inminente su supervivencia.<\/p>\n<p>El San Jorge no es el \u00fanico en atravesar por esta crisis. En igual situaci\u00f3n se encuentran el Hospital Universitario Evaristo Garc\u00eda de Cali, el Erasmo Me\u00f3s de C\u00facuta, el Hospital Universitario Ram\u00f3n Gonz\u00e1lez Valencia de Bucaramanga, un sin n\u00famero de hospitales de primer y segundo nivel, adem\u00e1s de los que ya cerraron como el San Juan de Dios y el Lorencita Villegas de Santos en la capital de la rep\u00fablica, el Hospital Universitario de Cartagena y hace poco el Hospital Universitario de Caldas. La comunidad risaraldense debe conocer que el responsable de la crisis es el Presidente \u00c1lvaro Uribe V\u00e9lez, porque adem\u00e1s de haber sido el ponente de la Ley 100 en el Congreso de la Rep\u00fablica, hoy se niega a pagar la deuda que tiene el gobierno central con la red p\u00fablica hospitalaria, la cual asciende a casi $1 bill\u00f3n de pesos.<\/p>\n<p>Y es que el balance de la Ley 100 de 1993 no puede ser peor. En tan s\u00f3lo 6 a\u00f1os los gastos en salud pasaron de $4.2 billones de pesos a $14 billones y, aunque la cifra se multiplico por m\u00e1s de 3 veces, la cobertura en atenci\u00f3n en salud baj\u00f3 del 67% al 51% (Contralor\u00eda Delegada para el Sector Social). La red p\u00fablica hospitalaria est\u00e1 quebrada, hay brotes epid\u00e9micos de enfermedades que antes estaban controladas y menos personas enfermas est\u00e1n siendo atendidas. Queda claro que el \u00fanico actor beneficiado con la Ley 100 es el capital financiero, las EPSs que est\u00e1n acabando con la salud del pueblo colombiano son auxiliadas en esa labor por la irresponsabilidad del gobierno al no pagar la atenci\u00f3n en salud de la gente pobre que como \u00fanico recurso acude a los hospitales p\u00fablicos.<\/p>\n<p>El caso del HUSJ no se aleja del de otros hospitales. El a\u00f1o pasado atendi\u00f3 94.234 pacientes, de los cuales 65% fueron poblaci\u00f3n vinculada, es decir aquellas personas que no est\u00e1n aseguradas. Por los servicios de salud prestados el HUSJ factur\u00f3 $43.922 millones de pesos, $29.150 millones con cargo al gobierno por la atenci\u00f3n de aquella poblaci\u00f3n ubicada bajo los \u00edndices de pobreza e indigencia. El Estado tan s\u00f3lo gir\u00f3 $14.515 millones de pesos, la mitad de la deuda. A diciembre de 2003 el San Jorge ten\u00eda deudas por $27.767 millones y una cartera de $16.293 millones; sumando el d\u00e9ficit hist\u00f3rico a las deudas actuales del gobierno, da como resultado un d\u00e9ficit real de m\u00e1s de 36.000 millones pesos.<\/p>\n<p>As\u00ed las cosas, el HUSJ ha venido funcionando a media marcha, fusionando los servicios de urgencias, cerrando servicios como la Unidad Psicosom\u00e1tica, colapsando otros como la Consulta Externa y la Cirug\u00eda Programada; este hospital ha pasado hasta por la falta de comida para alimentar a los pacientes, de material de sutura, ox\u00edgeno, medicamentos y un sin fin de materiales de trabajo; por pedir a los familiares de los pacientes las jeringas que se usan para los procedimientos y por un atraso en el pago de salarios a sus trabajadores de casi 3 meses.<\/p>\n<p>Mientras tanto el gobierno Departamental y Nacional presionan al Hospital para que funcione como una cl\u00ednica privada, como una empresa rentable, y proponen discretamente no atender a los vinculados, ind\u00edgenas, habitantes de calle, desplazados y a todos aquellos que no tengan dinero para pagar los servicios.<\/p>\n<p>La Asamblea Departamental aprob\u00f3 el 30 de julio una ordenanza para la reestructuraci\u00f3n del Hospital, financiada con un cr\u00e9dito del BID. El 3 de agosto la Junta Directiva de la instituci\u00f3n, con el Gobernador Botero a la cabeza, decidi\u00f3 lanzar a la calle m\u00e1s de 400 trabajadores, el primer paso hacia el cierre del San Jorge. Mientras ello ocurre, la clase pol\u00edtica tradicional de Risaralda, representantes y senadores, guardan un silencio c\u00f3mplice con el genocidio que se avecina. Contrasta esta posici\u00f3n con la asumida por la dirigencia pol\u00edtica y gubernamental de Santander, que con entereza ha enfrentado al gobierno nacional para que responda por sus obligaciones, respaldando la decisi\u00f3n de los sectores sociales de irse a un paro c\u00edvico departamental, en el caso de no lograr acuerdos satisfactorios para los trabajadores y la comunidad.<\/p>\n<p>Recordemos lo que pas\u00f3 con nuestro vecino de Manizales, el Hospital de Caldas, que luego de ser sometido a una severa reestructuraci\u00f3n, procedi\u00f3 a contratar a los trabajadores despedidos a trav\u00e9s de Empresas Asociativas de Trabajo, y Cooperativas, propuesta que hoy se hace en el caso del San Jorge, disminuyendo su remuneraci\u00f3n hasta en un 70% e imponi\u00e9ndoles una mayor carga laboral. Finalmente, hace poco m\u00e1s de un mes, fue cerrado el mejor hospital del departamento de Caldas, sitio de referencia para cuarto nivel de Risaralda y Quind\u00edo.<\/p>\n<p>El panorama es sombr\u00edo y puede empeorar. De no preservar al San Jorge, defendi\u00e9ndolo como instituci\u00f3n p\u00fablica con una funci\u00f3n social para la comunidad, como centro de pr\u00e1ctica para los futuros profesionales, como sitio de atenci\u00f3n para la gente pobre, como la instituci\u00f3n de mayor calidad en atenci\u00f3n en salud del departamento, estaremos ante la peor crisis social y de salud p\u00fablica de Risaralda en su historia: El c\u00e1ncer, el infarto, las enfermedades cr\u00f3nicas y las agudas cobrar\u00e1n, sin lugar a dudas, miles de vidas.<\/p>\n<p>Esta defensa no s\u00f3lo es mantenerlo con las puertas abiertas, es que sus servicios funcionen a plena marcha, con la dotaci\u00f3n necesaria, actualizaci\u00f3n de equipos, presupuesto acorde con las necesidades de salud de la poblaci\u00f3n y una planta de personal completa y en las mejores condiciones laborales para cumplir a cabalidad sus funciones.<\/p>\n<p>En este momento hist\u00f3rico, los risaraldenses debemos rodear al Hospital Universitario San Jorge, construido con el sudor y el esfuerzo de la comunidad pereirana y que ha servido como centro de pr\u00e1cticas en la formaci\u00f3n de los profesionales de la salud en los \u00faltimos 22 a\u00f1os, saliendo a las calles a exigirle al gobierno el rescate y financiaci\u00f3n del hospital, as\u00ed como conmin\u00e1ndolo a asumir la responsabilidad de la salud como una obligaci\u00f3n de Estado. La indiferencia ciudadana ante este fat\u00eddico proceder gubernamental es contemporizar con la masacre social que de el se deriva.<\/p>\n<p>EL HOSPITAL UNIVERSITARIO SAN JORGE<br \/>\nNI CERRADO, NI REESTRUCTURADO, NI PRIVATIZADO<\/p>\n<p>AGOSTO 18: GRAN MOVILIZACI\u00d3N en defensa del Hospital Universitario San Jorge y por el derecho a la Salud. Saliendo del Hospital a las 4 p.m.<\/p>\n<p>GRAN COALICI\u00d3N DEMOCR\u00c1TICA \u2013 Subdirectiva CUT \u2013 UTRAR \u2013 FEDETRAR \u2013 CGTD \u2013 ASPU \u2013 SER \u2013 SINTRAEMSDES \u2013 SINBIENESTAR \u2013 SINTRADIN \u2013 SINALTRAINAL \u2013 CRECE \u2013 SINTRAPOSTOB\u00d3N \u2013 SINTIGAL \u2013 SINDESS &#8211; Liga de Usuarios de los Servicios P\u00fablicos &#8211; SINDIVENDEDORES &#8211; ANTHOC \u2013 SINDIBASE \u2013 ASUR \u2013 ASDECOL \u2013 Red de Control Social &#8211; ASMEDAS \u2013 PCC \u2013 PTC \u2013 FSP \u2013 PDI \u2013 MOIR \u2013 MODEP \u2013ACEU \u2013 ANDES \u2013 FUN Comisiones\u2013 OCE &#8211; Asociaci\u00f3n Nacional por la Salvaci\u00f3n Agropecuaria &#8211; Asamblea de m\u00e9dicos internos y estudiantes de la facultad de medicina.<\/p>\n<p>PREPAREMOS EL PARO C\u00cdVICO DEPARTAMENTAL POR LA DEFENSA DEL HUSJ<\/p>\n","protected":false},"excerpt":{"rendered":"<p>Risaralda, agosto 9 de 2004 El Hospital Universitario San Jorge \u2013HUSJ-, la instituci\u00f3n de salud m\u00e1s importante de Risaralda, \u00fanica de tercer nivel en el departamento, est\u00e1 padeciendo la peor crisis de su historia y corre peligro inminente su supervivencia. El San Jorge no es el \u00fanico en atravesar por esta crisis. En igual situaci\u00f3n [&hellip;]<\/p>\n","protected":false},"author":1,"featured_media":0,"comment_status":"open","ping_status":"open","sticky":false,"template":"","format":"standard","meta":{"advanced_seo_description":"","jetpack_seo_html_title":"","jetpack_seo_noindex":false,"_jetpack_memberships_contains_paid_content":false,"footnotes":""},"categories":[7],"tags":[],"class_list":["post-677","post","type-post","status-publish","format-standard","hentry","category-pronunciamientos-de-organizaciones-sociales"],"jetpack_featured_media_url":"","jetpack-related-posts":[{"id":9533,"url":"https:\/\/moir.com.co\/web\/el-cartel-de-las-eps-arruina-a-los-hospitales-y-las-clinicas-senador-robledo\/","url_meta":{"origin":677,"position":0},"title":"El Cartel de las EPS arruina a los hospitales y las cl\u00ednicas: Senador Robledo","author":"admin","date":"julio 22, 2015","format":false,"excerpt":"Deudas billonarias de las EPS con los hospitales y las cl\u00ednicas; se est\u00e1n cerrando instituciones p\u00fablicas y privadas; planes de ajuste del gobierno Santos se aplican contra los pacientes y los trabajadores y el personal m\u00e9dico; respaldo a las movilizaciones del pr\u00f3ximo 22 de julio. Los hospitales y las cl\u00ednicas\u2026","rel":"","context":"En \u00abJorge Enrique Robledo\u00bb","block_context":{"text":"Jorge Enrique Robledo","link":"https:\/\/moir.com.co\/web\/category\/jorge-enrique-robledo\/"},"img":{"alt_text":"","src":"","width":0,"height":0},"classes":[]},{"id":978,"url":"https:\/\/moir.com.co\/web\/la-salud-es-un-derecho-fundamental-de-los-colombianos\/","url_meta":{"origin":677,"position":1},"title":"LA SALUD ES UN DERECHO FUNDAMENTAL DE LOS COLOMBIANOS","author":"admin","date":"agosto 21, 2004","format":false,"excerpt":"Frente \u00danico por la Defensa de la Salud P\u00fablica, Risaralda, agosto 31 de 2004 \u00bfSab\u00eda Usted? que: - En 1993 siendo senador \u00c1lvaro Uribe V\u00e9lez y actuando como ponente, hizo aprobar en el Congreso de la Rep\u00fablica, la Ley 100 (Seguridad Social), base de la privatizaci\u00f3n de la Salud P\u00fablica,\u2026","rel":"","context":"En \u00abPronunciamientos de Organizaciones Sociales\u00bb","block_context":{"text":"Pronunciamientos de Organizaciones Sociales","link":"https:\/\/moir.com.co\/web\/category\/pronunciamientos-de-organizaciones-sociales\/"},"img":{"alt_text":"","src":"","width":0,"height":0},"classes":[]},{"id":9653,"url":"https:\/\/moir.com.co\/web\/gobierno-santos-debe-solucionar-crisis-del-hospital-universitario-del-valle-senador-robledo\/","url_meta":{"origin":677,"position":2},"title":"Gobierno Santos debe solucionar crisis del Hospital Universitario del Valle: senador Robledo","author":"admin","date":"septiembre 17, 2015","format":false,"excerpt":"Al Hospital Universitario del Valle (HUV), lo tienen quebrado la deuda de las EPS y en general el esquema de financiaci\u00f3n de la Ley 100, asegur\u00f3 el senador del Polo Democr\u00e1tico Alternativo, Jorge Enrique Robledo, quien adem\u00e1s expres\u00f3 su solidaridad con los reclamos de toda la comunidad (estudiantes, personal de\u2026","rel":"","context":"En \u00abJorge Enrique Robledo\u00bb","block_context":{"text":"Jorge Enrique Robledo","link":"https:\/\/moir.com.co\/web\/category\/jorge-enrique-robledo\/"},"img":{"alt_text":"","src":"","width":0,"height":0},"classes":[]},{"id":14456,"url":"https:\/\/moir.com.co\/web\/la-ley-100-esta-hundiendo-al-hospital-universitario-de-santander-robledo\/","url_meta":{"origin":677,"position":3},"title":"La Ley 100 est\u00e1 hundiendo al Hospital Universitario de Santander: Robledo","author":"admin","date":"febrero 10, 2018","format":false,"excerpt":"Oficina de prensa del senador Jorge Enrique Robledo, Bogot\u00e1, febrero 8 de 2018 Hace tres meses que no le pagan al personal de la salud del Hospital; las deudas de las EPS est\u00e1n quebrando a los hospitales universitarios; es necesario hacer una reforma integral al sistema de salud. \u201cEs inaceptable\u2026","rel":"","context":"En \u00abEconom\u00eda\u00bb","block_context":{"text":"Econom\u00eda","link":"https:\/\/moir.com.co\/web\/category\/temas\/economia\/"},"img":{"alt_text":"","src":"https:\/\/i0.wp.com\/moir.com.co\/web\/wp-content\/uploads\/2018\/02\/hospitaluniversitariosantander.jpg?fit=700%2C500&ssl=1&resize=350%2C200","width":350,"height":200,"srcset":"https:\/\/i0.wp.com\/moir.com.co\/web\/wp-content\/uploads\/2018\/02\/hospitaluniversitariosantander.jpg?fit=700%2C500&ssl=1&resize=350%2C200 1x, https:\/\/i0.wp.com\/moir.com.co\/web\/wp-content\/uploads\/2018\/02\/hospitaluniversitariosantander.jpg?fit=700%2C500&ssl=1&resize=525%2C300 1.5x, https:\/\/i0.wp.com\/moir.com.co\/web\/wp-content\/uploads\/2018\/02\/hospitaluniversitariosantander.jpg?fit=700%2C500&ssl=1&resize=700%2C400 2x"},"classes":[]},{"id":9523,"url":"https:\/\/moir.com.co\/web\/ubeimar-y-santos-vectores-de-la-privatizacion\/","url_meta":{"origin":677,"position":4},"title":"Ubeimar y Santos: vectores de la privatizaci\u00f3n","author":"admin","date":"julio 16, 2015","format":false,"excerpt":"Hace m\u00e1s de ocho a\u00f1os el Hospital Universitario del Valle est\u00e1 sumido en una crisis financiera debido a las pol\u00edticas mercantilistas que sobre la salud han puesto los gobiernos de turno, especialmente el de Juan Manuel Santos y Ubeimar Delgado. actual gobernador del Valle; su pilar ha sido la privatizaci\u00f3n,\u2026","rel":"","context":"En \u00abTemas\u00bb","block_context":{"text":"Temas","link":"https:\/\/moir.com.co\/web\/category\/temas\/"},"img":{"alt_text":"","src":"","width":0,"height":0},"classes":[]},{"id":20091,"url":"https:\/\/moir.com.co\/web\/cerrado-el-hospital-universitario-de-caldas\/","url_meta":{"origin":677,"position":5},"title":"CERRADO EL HOSPITAL UNIVERSITARIO DE CALDAS","author":"admin","date":"septiembre 16, 2004","format":false,"excerpt":"La situaci\u00f3n que sufre el Hospital de Caldas y otros m\u00e1s del departamento es un fiel reflejo de la crisis nacional de la salud p\u00fablica. Las cifras del Hospital muestran con claridad la situaci\u00f3n que padece: La cartera a junio de 2003 era de casi 20 mil millones de pesos,\u2026","rel":"","context":"En \u00abTribuna Roja N\u00ba 97; septiembre 28 de 2004\u00bb","block_context":{"text":"Tribuna Roja N\u00ba 97; septiembre 28 de 2004","link":"https:\/\/moir.com.co\/web\/category\/tribuna-roja\/ediciones-2000-2004\/tribuna-roja-no-97-septiembre-28-de-2004\/"},"img":{"alt_text":"","src":"","width":0,"height":0},"classes":[]}],"jetpack_sharing_enabled":true,"_links":{"self":[{"href":"https:\/\/moir.com.co\/web\/wp-json\/wp\/v2\/posts\/677","targetHints":{"allow":["GET"]}}],"collection":[{"href":"https:\/\/moir.com.co\/web\/wp-json\/wp\/v2\/posts"}],"about":[{"href":"https:\/\/moir.com.co\/web\/wp-json\/wp\/v2\/types\/post"}],"author":[{"embeddable":true,"href":"https:\/\/moir.com.co\/web\/wp-json\/wp\/v2\/users\/1"}],"replies":[{"embeddable":true,"href":"https:\/\/moir.com.co\/web\/wp-json\/wp\/v2\/comments?post=677"}],"version-history":[{"count":0,"href":"https:\/\/moir.com.co\/web\/wp-json\/wp\/v2\/posts\/677\/revisions"}],"wp:attachment":[{"href":"https:\/\/moir.com.co\/web\/wp-json\/wp\/v2\/media?parent=677"}],"wp:term":[{"taxonomy":"category","embeddable":true,"href":"https:\/\/moir.com.co\/web\/wp-json\/wp\/v2\/categories?post=677"},{"taxonomy":"post_tag","embeddable":true,"href":"https:\/\/moir.com.co\/web\/wp-json\/wp\/v2\/tags?post=677"}],"curies":[{"name":"wp","href":"https:\/\/api.w.org\/{rel}","templated":true}]}}