{"id":676,"date":"2004-08-11T07:00:00","date_gmt":"2004-08-11T07:00:00","guid":{"rendered":"https:\/\/moir.org.co\/web\/importar-cafe-es-un-disparate-importar-del-que-ya-se-habia-exportado-es-una-verguenza\/"},"modified":"2004-08-11T07:00:00","modified_gmt":"2004-08-11T07:00:00","slug":"importar-cafe-es-un-disparate-importar-del-que-ya-se-habia-exportado-es-una-verguenza","status":"publish","type":"post","link":"https:\/\/moir.com.co\/web\/importar-cafe-es-un-disparate-importar-del-que-ya-se-habia-exportado-es-una-verguenza\/","title":{"rendered":"IMPORTAR CAF\u00c9 ES UN DISPARATE, IMPORTAR DEL QUE YA SE HAB\u00cdA EXPORTADO ES UNA VERG\u00dcENZA"},"content":{"rendered":"<p>Unidad Cafetera Nacional, Medell\u00edn, julio 28 de 2004.<\/p>\n<p>Como una medida genial quiso presentar ayer el Gerente de la Federaci\u00f3n Nacional de Cafeteros, la decisi\u00f3n de reimportar 150.000 sacos de caf\u00e9 para abastecer el mercado nacional. Hay que recordar que el volumen anunciado representar\u00eda el 10% del total del consumo nacional, y en las declaraciones a la prensa, el Doctor Silva Luj\u00e1n, afirm\u00f3 que la cantidad podr\u00eda ser mayor.<\/p>\n<p>Esta decisi\u00f3n de importar caf\u00e9 no es nueva. Anteriormente se hab\u00edan registrado importaciones de pasillas brasile\u00f1as para abastecer a los torrefactores nacionales, y caf\u00e9 verde o procesado de diversos or\u00edgenes, entre ellos M\u00e9xico, Ecuador y Per\u00fa. Esos antecedentes hab\u00edan sido se\u00f1alados por nuestra organizaci\u00f3n como un absoluto disparate. Pero esta medida, la de repatriar caf\u00e9 que ya hab\u00eda sido exportado, combina lo disparatado con lo vergonzoso.<\/p>\n<p>Parad\u00f3jicamente, en medio de la gigantesca sobreoferta mundial, que ha colocado los precios del grano en los niveles m\u00e1s bajos de toda la historia, en nuestro pa\u00eds parece suceder lo contrario, escasea. Este absurdo solo demuestra que lo que ha sucedido durante los quince largos a\u00f1os de \u201clibre comercio\u201d, es que las existencias, que siempre han sido superiores a las necesidades del mercado, pasaron de estar en poder de los pa\u00edses productores, para convertirse en un formidable herramienta de chantaje y empobrecimiento en manos de los especuladores y los monopolios torrefactores principalmente norteamericanos.<\/p>\n<p>Queda tambi\u00e9n al descubierto el fracaso rotundo de la aplicaci\u00f3n de la pol\u00edtica neoliberal que rinde culto al mercado y proscribe la intervenci\u00f3n y el control del mismo. Debemos exigir a la Federaci\u00f3n que le explique al pa\u00eds porqu\u00e9 no previ\u00f3 la escasez interna, a quien se le va a comprar el caf\u00e9, quien se va a ganar la diferencia entre el precio a que fue comprado y el que se pagar\u00e1 por la repatriaci\u00f3n, y cu\u00e1les ser\u00e1n los costos para el consumidor del vergonzoso disparate.<\/p>\n<p>UNIDAD CAFETERA NACIONAL reitera su exigencia al Gobierno Nacional para que con recursos del presupuesto nacional intervenga el mercado, financiando la retenci\u00f3n en los vol\u00famenes que sean necesarios para impulsar el precio internacional a niveles dignos, para que adopte medidas que contrarresten la revaluaci\u00f3n que golpea el precio interno y otorgue subsidios suficientes para restablecer un precio de sustentaci\u00f3n estable y remunerativo para los empobrecidos cafeteros colombianos.<\/p>\n<p>JORGE A. G\u00d3MEZ GALLEGO<br \/>\nCoordinador Departamental<\/p>\n<p>Organizaci\u00f3n miembro de la ASOCIACI\u00d3N NACIONAL POR LA SALVACI\u00d3N AGROPECUARIA<\/p>\n","protected":false},"excerpt":{"rendered":"<p>Unidad Cafetera Nacional, Medell\u00edn, julio 28 de 2004. Como una medida genial quiso presentar ayer el Gerente de la Federaci\u00f3n Nacional de Cafeteros, la decisi\u00f3n de reimportar 150.000 sacos de caf\u00e9 para abastecer el mercado nacional. Hay que recordar que el volumen anunciado representar\u00eda el 10% del total del consumo nacional, y en las declaraciones [&hellip;]<\/p>\n","protected":false},"author":1,"featured_media":0,"comment_status":"open","ping_status":"open","sticky":false,"template":"","format":"standard","meta":{"advanced_seo_description":"","jetpack_seo_html_title":"","jetpack_seo_noindex":false,"_jetpack_memberships_contains_paid_content":false,"footnotes":""},"categories":[7],"tags":[],"class_list":["post-676","post","type-post","status-publish","format-standard","hentry","category-pronunciamientos-de-organizaciones-sociales"],"jetpack_featured_media_url":"","jetpack-related-posts":[{"id":19934,"url":"https:\/\/moir.com.co\/web\/importar-cafe-verguenza-para-los-neoliberales\/","url_meta":{"origin":676,"position":0},"title":"IMPORTAR CAF\u00c9: VERG\u00dcENZA PARA LOS NEOLIBERALES","author":"admin","date":"agosto 10, 2004","format":false,"excerpt":"Por Jorge Enrique Robledo Castillo Luego de exportar caf\u00e9 por m\u00e1s de 150 a\u00f1os, el Comit\u00e9 Nacional de Cafeteros est\u00e1 a punto de autorizar la importaci\u00f3n de un mill\u00f3n de sacos de caf\u00e9 semitostado, al decir de Mario G\u00f3mez Estrada, uno de sus miembros (La Patria, 7 de marzo de\u2026","rel":"","context":"En \u00abTribuna Roja N\u00ba 80, abril 27 de 2000\u00bb","block_context":{"text":"Tribuna Roja N\u00ba 80, abril 27 de 2000","link":"https:\/\/moir.com.co\/web\/category\/tribuna-roja\/ediciones-2000-2004\/tribuna-roja-no-80-abril-27-de-2000\/"},"img":{"alt_text":"","src":"","width":0,"height":0},"classes":[]},{"id":21256,"url":"https:\/\/moir.com.co\/web\/unidad-cafetera-firme-contra-politica-neoliberal-en-el-cafe\/","url_meta":{"origin":676,"position":1},"title":"UNIDAD CAFETERA, FIRME CONTRA POLITICA NEOLIBERAL EN EL CAFE","author":"admin","date":"febrero 15, 2009","format":false,"excerpt":"(Apartes) Mi dif\u00edcil encargo es entregarle a este Congreso el balance de una batalla en la que nos comprometimos hace dieciocho a\u00f1os. Una tarde, en un restaurante en Pereira, Jorge Robledo, Fernando Ruiz y yo, despu\u00e9s de una larga conversaci\u00f3n, concluimos: la crisis del caf\u00e9 se viene inexorablemente, y vamos\u2026","rel":"","context":"En \u00abINTERVENCIONES EN EL CONGRESO NACIONAL AGROPECUARIO\u00bb","block_context":{"text":"INTERVENCIONES EN EL CONGRESO NACIONAL AGROPECUARIO","link":"https:\/\/moir.com.co\/web\/category\/temas\/agro\/intervenciones-en-el-congreso-nacional-agropecuario\/"},"img":{"alt_text":"","src":"","width":0,"height":0},"classes":[]},{"id":6395,"url":"https:\/\/moir.com.co\/web\/detrimento-patrimonial-de-60-000-millones-en-el-fondo-nacional-del-cafe\/","url_meta":{"origin":676,"position":2},"title":"Detrimento patrimonial de $60.000 millones en el Fondo Nacional del Caf\u00e9","author":"admin","date":"marzo 21, 2012","format":false,"excerpt":"La cosecha cafetera se ha reducido en 8 millones de sacos. La mitad del caf\u00e9 que se consume en Colombia es importado. Los precios internacionales, en picada. Si Santos no le pone control a la revaluaci\u00f3n, aqu\u00ed no va a quedar nada del aparato productivo. Santos anuncia m\u00e1s impuestos a\u2026","rel":"","context":"En \u00abJorge Enrique Robledo\u00bb","block_context":{"text":"Jorge Enrique Robledo","link":"https:\/\/moir.com.co\/web\/category\/jorge-enrique-robledo\/"},"img":{"alt_text":"","src":"","width":0,"height":0},"classes":[]},{"id":7283,"url":"https:\/\/moir.com.co\/web\/el-porque-del-paro-civico-cafetero-nacional\/","url_meta":{"origin":676,"position":3},"title":"El porqu\u00e9 del paro c\u00edvico cafetero nacional","author":"admin","date":"febrero 22, 2013","format":false,"excerpt":"\u201c\u00bfEs cierto que est\u00e1n trayendo caf\u00e9 de afuera?\u201d pregunta con incredulidad un cafetero guambiano durante una reuni\u00f3n en Piendam\u00f3, Cauca. \u201c!Es cierto!\u201d grita otro sentado a mi lado y un murmullo de indignaci\u00f3n se extiende por el auditorio. Efectivamente esta situaci\u00f3n no puede causar m\u00e1s que indignaci\u00f3n. Muy probablemente el\u2026","rel":"","context":"En \u00abTemas\u00bb","block_context":{"text":"Temas","link":"https:\/\/moir.com.co\/web\/category\/temas\/"},"img":{"alt_text":"","src":"","width":0,"height":0},"classes":[]},{"id":1290,"url":"https:\/\/moir.com.co\/web\/jorge-enrique-robledo-inundados-de-cafe-extranjero\/","url_meta":{"origin":676,"position":4},"title":"JORGE ENRIQUE ROBLEDO: \u00a1\u00a1\u00a1INUNDADOS DE CAF\u00c9 EXTRANJERO!!!","author":"admin","date":"octubre 10, 2005","format":false,"excerpt":"\"Aunque no lo crea, uno de cada tres tintos es importado\". As\u00ed titul\u00f3 El Tiempo del 9 de octubre pasado la noticia de que entre enero y julio hab\u00edan ingresado a Colombia 250.000 sacos de caf\u00e9 de Per\u00fa, Ecuador y Viet Nam. Pero m\u00e1s incre\u00edble a\u00fan es que nadie del\u2026","rel":"","context":"En \u00abEscritos del Moir\u00bb","block_context":{"text":"Escritos del Moir","link":"https:\/\/moir.com.co\/web\/category\/moir\/escritos-del-moir\/"},"img":{"alt_text":"","src":"","width":0,"height":0},"classes":[]},{"id":7691,"url":"https:\/\/moir.com.co\/web\/declaracion-de-la-viii-asamblea-nacional-de-dignidad-cafetera-ante-los-incumplimientos-del-gobierno-movilizacion-nacional-en-defensa-del-cafe-y-el-agro-colombiano\/","url_meta":{"origin":676,"position":5},"title":"Declaraci\u00f3n de la VIII Asamblea Nacional de Dignidad Cafetera. Ante los incumplimientos del Gobierno, movilizaci\u00f3n nacional en defensa del caf\u00e9 y el agro colombiano","author":"admin","date":"julio 4, 2013","format":false,"excerpt":"Los delegados a la VIII Asamblea Nacional del Movimiento por la Defensa y la Dignidad de los Cafeteros Colombianos, reunidos en Armenia, Quind\u00edo, el 3 de Julio de 2013, declaramos: 1. La caficultura nacional atraviesa las m\u00e1s dif\u00edciles condiciones en a\u00f1os por la baja continua en el precio internacional del\u2026","rel":"","context":"En \u00abPronunciamientos de Organizaciones Sociales\u00bb","block_context":{"text":"Pronunciamientos de Organizaciones Sociales","link":"https:\/\/moir.com.co\/web\/category\/pronunciamientos-de-organizaciones-sociales\/"},"img":{"alt_text":"","src":"","width":0,"height":0},"classes":[]}],"jetpack_sharing_enabled":true,"_links":{"self":[{"href":"https:\/\/moir.com.co\/web\/wp-json\/wp\/v2\/posts\/676","targetHints":{"allow":["GET"]}}],"collection":[{"href":"https:\/\/moir.com.co\/web\/wp-json\/wp\/v2\/posts"}],"about":[{"href":"https:\/\/moir.com.co\/web\/wp-json\/wp\/v2\/types\/post"}],"author":[{"embeddable":true,"href":"https:\/\/moir.com.co\/web\/wp-json\/wp\/v2\/users\/1"}],"replies":[{"embeddable":true,"href":"https:\/\/moir.com.co\/web\/wp-json\/wp\/v2\/comments?post=676"}],"version-history":[{"count":0,"href":"https:\/\/moir.com.co\/web\/wp-json\/wp\/v2\/posts\/676\/revisions"}],"wp:attachment":[{"href":"https:\/\/moir.com.co\/web\/wp-json\/wp\/v2\/media?parent=676"}],"wp:term":[{"taxonomy":"category","embeddable":true,"href":"https:\/\/moir.com.co\/web\/wp-json\/wp\/v2\/categories?post=676"},{"taxonomy":"post_tag","embeddable":true,"href":"https:\/\/moir.com.co\/web\/wp-json\/wp\/v2\/tags?post=676"}],"curies":[{"name":"wp","href":"https:\/\/api.w.org\/{rel}","templated":true}]}}