{"id":674,"date":"2004-08-11T07:00:00","date_gmt":"2004-08-11T07:00:00","guid":{"rendered":"https:\/\/moir.org.co\/web\/lanzamiento-de-la-gran-coalicion-democratica-del-magdalena\/"},"modified":"2004-08-11T07:00:00","modified_gmt":"2004-08-11T07:00:00","slug":"lanzamiento-de-la-gran-coalicion-democratica-del-magdalena","status":"publish","type":"post","link":"https:\/\/moir.com.co\/web\/lanzamiento-de-la-gran-coalicion-democratica-del-magdalena\/","title":{"rendered":"LANZAMIENTO DE LA GRAN COALICI\u00d3N DEMOCR\u00c1TICA DEL MAGDALENA"},"content":{"rendered":"<p>El Mi\u00e9rcoles 4 de agosto de 2004 se constituy\u00f3 la Gran Coalici\u00f3n Democr\u00e1tica del Magdalena con la participaci\u00f3n de las organizaciones pol\u00edticas, gremiales, sindicales y comunitarias abajo firmantes, las cuales est\u00e1n de acuerdo con los siguientes objetivos de lucha de car\u00e1cter nacional, regional y distrital. <\/p>\n<p>OBJETIVOS NACIONALES <\/p>\n<p>1. Rechazo al tratado de libre comercio con Estados Unidos y al Alca. <\/p>\n<p>2. Rechazo a las neoliberales reformas constitucionales, econ\u00f3micas y sociales del gobierno de \u00c1lvaro Uribe V\u00e9lez, tales como: reformas pensional y tributaria, recorte a las transferencias territoriales, etc. <\/p>\n<p>3. Defensa del Estado Social de Derecho, las libertades y la soberan\u00eda nacional y rechazo a la reforma a la justicia. Oposici\u00f3n  a las reformas a la tutela y a las funciones de la Corte Constitucional y al estatuto antiterrorista. <\/p>\n<p>4. Rechazo a la reelecci\u00f3n presidencial y al autoritarismo uribista. <\/p>\n<p>5. Soluci\u00f3n pol\u00edtica al conflicto armado y los acuerdos humanitarios. <\/p>\n<p>OBJETIVOS REGIONALES Y DISTRITALES <\/p>\n<p>1) Defensa de la red hospitalaria nacional, del Hospital Central de Santa Marta y de la red hospitalaria del departamento. Por la derogatoria de la ley 100 de 1993<\/p>\n<p>2) Defensa de la educaci\u00f3n p\u00fablica gratuita y de calidad.<\/p>\n<p>3) Defensa de los usuarios de los servicios p\u00fablicos y rechazo a las altas tarifas, cortes del servicio y a la nueva estratificaci\u00f3n.<\/p>\n<p>4) Rechazo al relleno sanitario de Palangana.<\/p>\n<p>5) Rechazo a los despidos masivos de los trabajadores del distrito de Santa Marta y de la Gobernaci\u00f3n del Magdalena.<\/p>\n<p>6) Exigir una pol\u00edtica de verdadera prevenci\u00f3n y atenci\u00f3n de desastres financiada por el estado.  Que se construya una eficiente red de canales de aguas lluvias. <\/p>\n<p>GRAN ACTO DE LANZAMIENTO: S\u00c1BADO 18  DE SEPTIEMBRE DE 2004  <\/p>\n<p>GRAN COALICI\u00d3N DEMOCR\u00c1TICA DEL MAGDALENA <\/p>\n<p>Central Unitaria de Trabajadores, Confederaci\u00f3n General  Democr\u00e1tica de Trabajadores, Federaci\u00f3n departamental de Pensionados del Magdalena, Liga de Usuarios de Servicios P\u00fablicos de Santa Marta, Sociedad de Pensionados del Terminal Mar\u00edtimo, Sociedad Uni\u00f3n de Pensionados de Santa Marta, Sintraol\u00edmpica, Edumag, Organizaci\u00f3n Colombiana de Estudiantes, Partido Polo Democr\u00e1tico Independiente, Movimiento Obrero Independiente y Revolucionario, Partido Comunista de Colombia, Partido Unidad Democr\u00e1tica, Frente Social y Pol\u00edtico.<\/p>\n","protected":false},"excerpt":{"rendered":"<p>El Mi\u00e9rcoles 4 de agosto de 2004 se constituy\u00f3 la Gran Coalici\u00f3n Democr\u00e1tica del Magdalena con la participaci\u00f3n de las organizaciones pol\u00edticas, gremiales, sindicales y comunitarias abajo firmantes, las cuales est\u00e1n de acuerdo con los siguientes objetivos de lucha de car\u00e1cter nacional, regional y distrital. OBJETIVOS NACIONALES 1. Rechazo al tratado de libre comercio con [&hellip;]<\/p>\n","protected":false},"author":1,"featured_media":0,"comment_status":"open","ping_status":"open","sticky":false,"template":"","format":"standard","meta":{"advanced_seo_description":"","jetpack_seo_html_title":"","jetpack_seo_noindex":false,"_jetpack_memberships_contains_paid_content":false,"footnotes":""},"categories":[7],"tags":[],"class_list":["post-674","post","type-post","status-publish","format-standard","hentry","category-pronunciamientos-de-organizaciones-sociales"],"jetpack_featured_media_url":"","jetpack-related-posts":[{"id":1041,"url":"https:\/\/moir.com.co\/web\/avanza-gran-coalicion-democratica-del-magdalena\/","url_meta":{"origin":674,"position":0},"title":"AVANZA GRAN COALICI\u00d3N DEMOCR\u00c1TICA DEL MAGDALENA","author":"admin","date":"octubre 11, 2004","format":false,"excerpt":"Las actividades desarrolladas en el departamento del Magdalena y en el distrito de Santa Marta, encaminadas a defender la soberan\u00eda nacional y los derechos de los trabajadores y el pueblo; a rechazar el TLC, el ALCA, la reelecci\u00f3n de Uribe y su paquetazo de reformas neoliberales, como la tributaria y\u2026","rel":"","context":"En \u00abPronunciamientos de Organizaciones Sociales\u00bb","block_context":{"text":"Pronunciamientos de Organizaciones Sociales","link":"https:\/\/moir.com.co\/web\/category\/pronunciamientos-de-organizaciones-sociales\/"},"img":{"alt_text":"","src":"","width":0,"height":0},"classes":[]},{"id":681,"url":"https:\/\/moir.com.co\/web\/gran-coalicion-democratica-de-barrancabermeja\/","url_meta":{"origin":674,"position":1},"title":"GRAN COALICI\u00d3N DEMOCR\u00c1TICA DE BARRANCABERMEJA","author":"admin","date":"agosto 11, 2004","format":false,"excerpt":"Comit\u00e9 Coordinador, agosto 18 de 2004 Las diferentes organizaciones, sociales, pol\u00edticas, sindicales, cooperativas, comunales, estudiantiles, campesinas, pensi\u00f3nales, acad\u00e9micas y ongs del puerto petrolero, reunidas en el Club Infantas el pasado 12 de agosto, acogiendo el llamado de la gran cumbre pol\u00edtica y social que se realiz\u00f3 en Bogota el 22\u2026","rel":"","context":"En \u00abPronunciamientos de Organizaciones Sociales\u00bb","block_context":{"text":"Pronunciamientos de Organizaciones Sociales","link":"https:\/\/moir.com.co\/web\/category\/pronunciamientos-de-organizaciones-sociales\/"},"img":{"alt_text":"","src":"","width":0,"height":0},"classes":[]},{"id":7091,"url":"https:\/\/moir.com.co\/web\/2012-avances-en-la-movilizacion-y-la-solidaridad\/","url_meta":{"origin":674,"position":2},"title":"2012: avances en la movilizaci\u00f3n y la solidaridad","author":"admin","date":"diciembre 13, 2012","format":false,"excerpt":"Una d\u00e9cada de existencia de la Gran Coalici\u00f3n Democr\u00e1tica en el Atl\u00e1ntico como un espacio de coordinaci\u00f3n y unidad de acci\u00f3n de los sectores sindicales, sociales, pol\u00edticos y gremiales en contra de las pol\u00edticas desp\u00f3ticas y antidemocr\u00e1ticas de los gobiernos neoliberales de los \u00faltimos a\u00f1os es un logro que debemos\u2026","rel":"","context":"En \u00abPronunciamientos de Organizaciones Sociales\u00bb","block_context":{"text":"Pronunciamientos de Organizaciones Sociales","link":"https:\/\/moir.com.co\/web\/category\/pronunciamientos-de-organizaciones-sociales\/"},"img":{"alt_text":"","src":"","width":0,"height":0},"classes":[]},{"id":1010,"url":"https:\/\/moir.com.co\/web\/gran-coalicion-democratica-del-magdalena-respalda-el-paro-de-los-camioneros\/","url_meta":{"origin":674,"position":3},"title":"GRAN COALICI\u00d3N DEMOCR\u00c1TICA DEL MAGDALENA RESPALDA EL PARO DE LOS CAMIONEROS","author":"admin","date":"septiembre 16, 2004","format":false,"excerpt":"Desde el pasado martes 14 de septiembre miles de camioneros de todo el pa\u00eds se lanzaron a un paro nacional indefinido, guardaron sus veh\u00edculos y dieron a conocer su determinaci\u00f3n, las razones de la misma y los objetivos del movimiento. Es claro que las pol\u00edticas neoliberales aplicadas por los \u00faltimos\u2026","rel":"","context":"En \u00abPronunciamientos de Organizaciones Sociales\u00bb","block_context":{"text":"Pronunciamientos de Organizaciones Sociales","link":"https:\/\/moir.com.co\/web\/category\/pronunciamientos-de-organizaciones-sociales\/"},"img":{"alt_text":"","src":"","width":0,"height":0},"classes":[]},{"id":19566,"url":"https:\/\/moir.com.co\/web\/encuentro-nacional-de-organizaciones-politicas-y-sociales\/","url_meta":{"origin":674,"position":4},"title":"ENCUENTRO NACIONAL DE ORGANIZACIONES POL\u00cdTICAS Y SOCIALES","author":"admin","date":"julio 28, 2004","format":false,"excerpt":"La Gran Coalici\u00f3n Democr\u00e1tica es la coordinaci\u00f3n de un importante n\u00famero de fuerzas pol\u00edticas, sindicales y sociales que se aglutinaron a comienzos del a\u00f1o pasado con el objetivo de enfrentar la pol\u00edtica oficial plasmada en la propuesta del Referendo, como parte de los acuerdos de esta administraci\u00f3n con el gobierno\u2026","rel":"","context":"En \u00abTribuna Roja N\u00ba 95; abril 27 de 2004\u00bb","block_context":{"text":"Tribuna Roja N\u00ba 95; abril 27 de 2004","link":"https:\/\/moir.com.co\/web\/category\/tribuna-roja\/ediciones-2000-2004\/tribuna-roja-no-95-abril-27-de-2004\/"},"img":{"alt_text":"","src":"","width":0,"height":0},"classes":[]},{"id":4240,"url":"https:\/\/moir.com.co\/web\/organizaciones-sociales-colombianas-lanzan-coalicion-contra-las-bases-de-ee-uu\/","url_meta":{"origin":674,"position":5},"title":"Organizaciones Sociales colombianas lanzan  coalici\u00f3n contra las bases de EE.UU.","author":"admin","date":"marzo 27, 2010","format":false,"excerpt":"M\u00e1s de 150 organizaciones colombianas, entre ellas el Comando Nacional Unitario (CUT, CGT, CTC, CPC), la Gran Coalici\u00f3n Democr\u00e1tica, Fecode, Recalca, e importantes personalidades democr\u00e1ticas del pa\u00eds, han firmado una declaraci\u00f3n rechazando la presencia militar estadounidense en Colombia en \u2013por lo menos\u2013 siete bases militares. El documento con todas sus\u2026","rel":"","context":"En \u00abPronunciamientos de Organizaciones Sociales\u00bb","block_context":{"text":"Pronunciamientos de Organizaciones Sociales","link":"https:\/\/moir.com.co\/web\/category\/pronunciamientos-de-organizaciones-sociales\/"},"img":{"alt_text":"","src":"","width":0,"height":0},"classes":[]}],"jetpack_sharing_enabled":true,"_links":{"self":[{"href":"https:\/\/moir.com.co\/web\/wp-json\/wp\/v2\/posts\/674","targetHints":{"allow":["GET"]}}],"collection":[{"href":"https:\/\/moir.com.co\/web\/wp-json\/wp\/v2\/posts"}],"about":[{"href":"https:\/\/moir.com.co\/web\/wp-json\/wp\/v2\/types\/post"}],"author":[{"embeddable":true,"href":"https:\/\/moir.com.co\/web\/wp-json\/wp\/v2\/users\/1"}],"replies":[{"embeddable":true,"href":"https:\/\/moir.com.co\/web\/wp-json\/wp\/v2\/comments?post=674"}],"version-history":[{"count":0,"href":"https:\/\/moir.com.co\/web\/wp-json\/wp\/v2\/posts\/674\/revisions"}],"wp:attachment":[{"href":"https:\/\/moir.com.co\/web\/wp-json\/wp\/v2\/media?parent=674"}],"wp:term":[{"taxonomy":"category","embeddable":true,"href":"https:\/\/moir.com.co\/web\/wp-json\/wp\/v2\/categories?post=674"},{"taxonomy":"post_tag","embeddable":true,"href":"https:\/\/moir.com.co\/web\/wp-json\/wp\/v2\/tags?post=674"}],"curies":[{"name":"wp","href":"https:\/\/api.w.org\/{rel}","templated":true}]}}