{"id":673,"date":"2004-08-11T07:00:00","date_gmt":"2004-08-11T07:00:00","guid":{"rendered":"https:\/\/moir.org.co\/web\/encuentro-departamental-de-la-gran-coalicion-democratica\/"},"modified":"2004-08-11T07:00:00","modified_gmt":"2004-08-11T07:00:00","slug":"encuentro-departamental-de-la-gran-coalicion-democratica","status":"publish","type":"post","link":"https:\/\/moir.com.co\/web\/encuentro-departamental-de-la-gran-coalicion-democratica\/","title":{"rendered":"ENCUENTRO DEPARTAMENTAL DE LA GRAN COALICI\u00d3N DEMOCR\u00c1TICA"},"content":{"rendered":"<p>Gran Coalici\u00f3n Democr\u00e1tica, julio 28 de 2004<br \/>\nS\u00e1bado 31 de Julio de 2004 \u2013 9:00 A.M.<\/p>\n<p>LUGAR: HEMICICLO DEL CONCEJO MUNICIPAL DE SANTIAGO DE CALI<\/p>\n<p>La Gran Coalici\u00f3n Democr\u00e1tica, frente amplio de organizaciones sociales, movimientos y partidos de izquierda, como tambi\u00e9n de sectores pol\u00edticos liberales que deslindan campos con el r\u00e9gimen autoritario de Uribe V\u00e9lez, CONVOCA para el pr\u00f3ximo 31 de Julio su Gran Encuentro Departamental, a realizarse en la ciudad de Cali.<\/p>\n<p>Este Encuentro que tiene como objetivo central, IMPULSAR la Gran Coalici\u00f3n Democr\u00e1tica en el Valle del Cauca, le manifestar\u00e1 al pueblo Vallecaucano, a los trabajadores(as), a hombres y mujeres, y a la juventud, que se propone luchar:<\/p>\n<p>1. DEFENSA DEL ESTADO SOCIAL DE DERECHO, LAS LIBERTADES Y LA SOBERAN\u00cdA.<\/p>\n<p>2. CONTRA LAS REFORMAS CONSTITUCIONALES NEOLIBERALES DEL GOBIERNO.<\/p>\n<p>3. CONTRA LA REELECCI\u00d3N PRESIDENCIAL<\/p>\n<p>4. CONTRA EL TRATADO DE LIBRE COMERCIO CON LOS ESTADOS UNIDOS<\/p>\n<p>5. POR SOLUCI\u00d3N POL\u00cdTICA NEGOCIADA AL CONFLICTO SOCIAL Y ARMADO<\/p>\n<p>Asistir\u00e1n a este Gran Encuentro Departamental los parlamentarios de Alternativa Democr\u00e1tica, Carlos Gaviria D\u00edaz, Jorge Robledo, Alexander L\u00f3pez y Maria Isabel Urrutia, quien leer\u00e1 la proclama central y del Polo Democr\u00e1tico Independiente.<\/p>\n<p>Integran la Gran Coalici\u00f3n Democr\u00e1tica en el Valle del Cauca: Alternativa Democr\u00e1tica, Frente Social y Pol\u00edtico, Moir, Partido del Trabajo de Colombia, Partido Comunista Colombiano, Unidad Democr\u00e1tica, Partido Liberal Colombiano, Polo Democr\u00e1tico Independiente, Central Unitaria de Trabajadores, Sindicato \u00danico de Trabajadores de la Educaci\u00f3n del Valle, Uni\u00f3n Nacional de Empleados Bancarios, Red Democr\u00e1tica Afrocolombiana, Presentes por el Socialismo.<\/p>\n","protected":false},"excerpt":{"rendered":"<p>Gran Coalici\u00f3n Democr\u00e1tica, julio 28 de 2004 S\u00e1bado 31 de Julio de 2004 \u2013 9:00 A.M. LUGAR: HEMICICLO DEL CONCEJO MUNICIPAL DE SANTIAGO DE CALI La Gran Coalici\u00f3n Democr\u00e1tica, frente amplio de organizaciones sociales, movimientos y partidos de izquierda, como tambi\u00e9n de sectores pol\u00edticos liberales que deslindan campos con el r\u00e9gimen autoritario de Uribe V\u00e9lez, [&hellip;]<\/p>\n","protected":false},"author":1,"featured_media":0,"comment_status":"open","ping_status":"open","sticky":false,"template":"","format":"standard","meta":{"advanced_seo_description":"","jetpack_seo_html_title":"","jetpack_seo_noindex":false,"_jetpack_memberships_contains_paid_content":false,"footnotes":""},"categories":[7],"tags":[],"class_list":["post-673","post","type-post","status-publish","format-standard","hentry","category-pronunciamientos-de-organizaciones-sociales"],"jetpack_featured_media_url":"","jetpack-related-posts":[{"id":1729,"url":"https:\/\/moir.com.co\/web\/gran-coalicion-democratica-de-antioquia-creo-capitulo-de-servicios-publicos-domiciliarios\/","url_meta":{"origin":673,"position":0},"title":"GRAN COALICI\u00d3N DEMOCR\u00c1TICA DE ANTIOQUIA CRE\u00d3 CAP\u00cdTULO DE SERVICIOS P\u00daBLICOS DOMICILIARIOS","author":"admin","date":"agosto 25, 2004","format":false,"excerpt":"Recogiendo la valiosa lecci\u00f3n que dej\u00f3 la campa\u00f1a unificada contra el referendo uribista, el pasado 4 de mayo, las organizaciones pol\u00edticas, sociales, sindicales, c\u00edvicas y populares de Antioquia que hacen parte del acuerdo nacional Gran Coalici\u00f3n Democr\u00e1tica, decidieron crear un cap\u00edtulo especializado para organizar y orientar la lucha de los\u2026","rel":"","context":"En \u00abEL USUARIO N\u00ba9 JULIO-AGOSTO 2004\u00bb","block_context":{"text":"EL USUARIO N\u00ba9 JULIO-AGOSTO 2004","link":"https:\/\/moir.com.co\/web\/category\/temas\/servicios-publicos-articulos-de-actualidad\/el-usuario\/el-usuario-no9-julio-agosto-2004\/"},"img":{"alt_text":"","src":"","width":0,"height":0},"classes":[]},{"id":679,"url":"https:\/\/moir.com.co\/web\/a-defender-la-red-publica-hospitalaria\/","url_meta":{"origin":673,"position":1},"title":"\u00a1A DEFENDER LA RED P\u00daBLICA HOSPITALARIA!","author":"admin","date":"agosto 11, 2004","format":false,"excerpt":"Gran Coalici\u00f3n Democr\u00e1tica del Magdalena, San Marta, agosto 12 de 2004 La Gran Coalici\u00f3n Democr\u00e1tica del Magdalena alerta a todas las fuerzas vivas de la sociedad samaria y magdalenense sobre el posible cierre de varios hospitales del departamento y del Hospital Central Julio M\u00e9ndez Barreneche de Santa Marta, seg\u00fan se\u2026","rel":"","context":"En \u00abPronunciamientos de Organizaciones Sociales\u00bb","block_context":{"text":"Pronunciamientos de Organizaciones Sociales","link":"https:\/\/moir.com.co\/web\/category\/pronunciamientos-de-organizaciones-sociales\/"},"img":{"alt_text":"","src":"","width":0,"height":0},"classes":[]},{"id":681,"url":"https:\/\/moir.com.co\/web\/gran-coalicion-democratica-de-barrancabermeja\/","url_meta":{"origin":673,"position":2},"title":"GRAN COALICI\u00d3N DEMOCR\u00c1TICA DE BARRANCABERMEJA","author":"admin","date":"agosto 11, 2004","format":false,"excerpt":"Comit\u00e9 Coordinador, agosto 18 de 2004 Las diferentes organizaciones, sociales, pol\u00edticas, sindicales, cooperativas, comunales, estudiantiles, campesinas, pensi\u00f3nales, acad\u00e9micas y ongs del puerto petrolero, reunidas en el Club Infantas el pasado 12 de agosto, acogiendo el llamado de la gran cumbre pol\u00edtica y social que se realiz\u00f3 en Bogota el 22\u2026","rel":"","context":"En \u00abPronunciamientos de Organizaciones Sociales\u00bb","block_context":{"text":"Pronunciamientos de Organizaciones Sociales","link":"https:\/\/moir.com.co\/web\/category\/pronunciamientos-de-organizaciones-sociales\/"},"img":{"alt_text":"","src":"","width":0,"height":0},"classes":[]},{"id":674,"url":"https:\/\/moir.com.co\/web\/lanzamiento-de-la-gran-coalicion-democratica-del-magdalena\/","url_meta":{"origin":673,"position":3},"title":"LANZAMIENTO DE LA GRAN COALICI\u00d3N DEMOCR\u00c1TICA DEL MAGDALENA","author":"admin","date":"agosto 11, 2004","format":false,"excerpt":"El Mi\u00e9rcoles 4 de agosto de 2004 se constituy\u00f3 la Gran Coalici\u00f3n Democr\u00e1tica del Magdalena con la participaci\u00f3n de las organizaciones pol\u00edticas, gremiales, sindicales y comunitarias abajo firmantes, las cuales est\u00e1n de acuerdo con los siguientes objetivos de lucha de car\u00e1cter nacional, regional y distrital. OBJETIVOS NACIONALES 1. Rechazo al\u2026","rel":"","context":"En \u00abPronunciamientos de Organizaciones Sociales\u00bb","block_context":{"text":"Pronunciamientos de Organizaciones Sociales","link":"https:\/\/moir.com.co\/web\/category\/pronunciamientos-de-organizaciones-sociales\/"},"img":{"alt_text":"","src":"","width":0,"height":0},"classes":[]},{"id":2456,"url":"https:\/\/moir.com.co\/web\/continua-lucha-contra-privatizacion-de-la-educacion\/","url_meta":{"origin":673,"position":4},"title":"CONTIN\u00daA LUCHA CONTRA PRIVATIZACI\u00d3N DE LA EDUCACI\u00d3N","author":"admin","date":"agosto 1, 2008","format":false,"excerpt":"Gran Coalici\u00f3n Democr\u00e1tica, Atl\u00e1ntico, Barranquilla, julio 31 de 2008 El jueves 31 de julio el Concejo Distrital de Barranquilla aprob\u00f3 por mayor\u00eda, el proyecto de acuerdo que dispone la entrega por concesi\u00f3n al sector privado de cuatro establecimientos educativos que van a ser construidos con recursos de la Naci\u00f3n y\u2026","rel":"","context":"En \u00abPronunciamientos de Organizaciones Sociales\u00bb","block_context":{"text":"Pronunciamientos de Organizaciones Sociales","link":"https:\/\/moir.com.co\/web\/category\/pronunciamientos-de-organizaciones-sociales\/"},"img":{"alt_text":"","src":"","width":0,"height":0},"classes":[]},{"id":4240,"url":"https:\/\/moir.com.co\/web\/organizaciones-sociales-colombianas-lanzan-coalicion-contra-las-bases-de-ee-uu\/","url_meta":{"origin":673,"position":5},"title":"Organizaciones Sociales colombianas lanzan  coalici\u00f3n contra las bases de EE.UU.","author":"admin","date":"marzo 27, 2010","format":false,"excerpt":"M\u00e1s de 150 organizaciones colombianas, entre ellas el Comando Nacional Unitario (CUT, CGT, CTC, CPC), la Gran Coalici\u00f3n Democr\u00e1tica, Fecode, Recalca, e importantes personalidades democr\u00e1ticas del pa\u00eds, han firmado una declaraci\u00f3n rechazando la presencia militar estadounidense en Colombia en \u2013por lo menos\u2013 siete bases militares. El documento con todas sus\u2026","rel":"","context":"En \u00abPronunciamientos de Organizaciones Sociales\u00bb","block_context":{"text":"Pronunciamientos de Organizaciones Sociales","link":"https:\/\/moir.com.co\/web\/category\/pronunciamientos-de-organizaciones-sociales\/"},"img":{"alt_text":"","src":"","width":0,"height":0},"classes":[]}],"jetpack_sharing_enabled":true,"_links":{"self":[{"href":"https:\/\/moir.com.co\/web\/wp-json\/wp\/v2\/posts\/673","targetHints":{"allow":["GET"]}}],"collection":[{"href":"https:\/\/moir.com.co\/web\/wp-json\/wp\/v2\/posts"}],"about":[{"href":"https:\/\/moir.com.co\/web\/wp-json\/wp\/v2\/types\/post"}],"author":[{"embeddable":true,"href":"https:\/\/moir.com.co\/web\/wp-json\/wp\/v2\/users\/1"}],"replies":[{"embeddable":true,"href":"https:\/\/moir.com.co\/web\/wp-json\/wp\/v2\/comments?post=673"}],"version-history":[{"count":0,"href":"https:\/\/moir.com.co\/web\/wp-json\/wp\/v2\/posts\/673\/revisions"}],"wp:attachment":[{"href":"https:\/\/moir.com.co\/web\/wp-json\/wp\/v2\/media?parent=673"}],"wp:term":[{"taxonomy":"category","embeddable":true,"href":"https:\/\/moir.com.co\/web\/wp-json\/wp\/v2\/categories?post=673"},{"taxonomy":"post_tag","embeddable":true,"href":"https:\/\/moir.com.co\/web\/wp-json\/wp\/v2\/tags?post=673"}],"curies":[{"name":"wp","href":"https:\/\/api.w.org\/{rel}","templated":true}]}}