{"id":672,"date":"2004-08-11T07:00:00","date_gmt":"2004-08-11T07:00:00","guid":{"rendered":"https:\/\/moir.org.co\/web\/cumbre-politica-y-social-plan-de-accion\/"},"modified":"2004-08-11T07:00:00","modified_gmt":"2004-08-11T07:00:00","slug":"cumbre-politica-y-social-plan-de-accion","status":"publish","type":"post","link":"https:\/\/moir.com.co\/web\/cumbre-politica-y-social-plan-de-accion\/","title":{"rendered":"CUMBRE POLITICA  Y SOCIAL: PLAN DE ACCI\u00d3N"},"content":{"rendered":"<p>Plan de Acci\u00f3n Cumbre Social y pol\u00edtica, Bogot\u00e1, julio 22 de 2004<\/p>\n<p>Los sectores sociales, pol\u00edticos y parlamentarios que hacemos presencia en este evento, nos comprometemos a desarrollar el siguiente Plan de Acci\u00f3n:<\/p>\n<p>En lo legislativo<\/p>\n<p>\u00d8 En este sentido, consideramos de particular importancia realizar eventos para ilustrar a la opini\u00f3n p\u00fablica sobre las graves consecuencias sociales de los proyectos de ley que impulsan el gobierno y los parlamentarios que lo apoyan, para realizar grandes movilizaciones de masas.<\/p>\n<p>\u00d8 Coordinar nuestros esfuerzos para presentar Proyectos de Ley alternativos y respaldar los presentados por los parlamentarios de oposici\u00f3n sobre los temas m\u00e1s sensibles para los colombianos y que contrarresten las pretensiones gubernamentales<\/p>\n<p>\u00d8 Coordinar estrategias para de participaci\u00f3n en el debate parlamentario, promoviendo la constituci\u00f3n de mesas de trabajos con representantes de los sectores interesados y especialistas en cada uno de los temas que se debaten en el Congreso y que son parte del acuerdo pol\u00edtico de esta cumbre.<\/p>\n<p>\u00d8 Promover desde el Congreso escenarios de debate y deliberaci\u00f3n p\u00fablica de estos temas en distintas ciudades y regiones del pa\u00eds.<\/p>\n<p>Reelecci\u00f3n Presidencial<\/p>\n<p>\u00d8 Frente al proyecto de reelecci\u00f3n presidencial de \u00c1lvaro Uribe V\u00e9lez, planteamos promover una gran campa\u00f1a de denuncia sobre las implicaciones que para la democracia del pa\u00eds tiene este antipopular proyecto. Aqu\u00ed consideramos de mucha utilidad retomar las experiencias positivas de trabajo que obtuvimos en la lucha contra el Referendo.<\/p>\n<p>\u00d8 Realizar asambleas, foros, seminarios, a nivel nacional y regional.<\/p>\n<p>Lucha contra el TLC<\/p>\n<p>\u00d8 Impulso de una campa\u00f1a nacional de educaci\u00f3n, agitaci\u00f3n y denuncia al TLC con la realizaci\u00f3n de seminarios, foros, de educaci\u00f3n alrededor de las implicaciones del ALCA y el TLC.<\/p>\n<p>\u00d8 Jornadas de movilizaci\u00f3n nacional y continental, en los d\u00edas que se desarrollan las negociaciones del TLC, impulsadas desde la Gran Coalici\u00f3n y el Comit\u00e9 Coordinador de lucha contra el ALCA de la Comunidad Andina.<\/p>\n<p>\u00d8 As\u00ed mismo, es conveniente elaborar un cronograma de orden nacional y regional para que todas las actividades est\u00e9n debidamente planificadas y coordinadas, alrededor del trabajo que vienen desarrollando el Comit\u00e9 de Lucha contra el ALCA y Recalca.<\/p>\n<p>Soluci\u00f3n pol\u00edtica al conflicto interno<\/p>\n<p>\u00d8 Promover foros, seminarios y actos p\u00fablicos con participaci\u00f3n amplia de los mas variados sectores del pa\u00eds, en la perspectiva de la defensa y fortalecimiento del Estado Social de Derecho, las libertades ciudadanas y sindicales.<\/p>\n<p>\u00d8 Con la realizaci\u00f3n de eventos y la movilizaci\u00f3n exigir que se concrete el acuerdo humanitario y otras iniciativas que puedan conducir a la apertura de la negociaci\u00f3n, con el objetivo supremo de lograr la paz con justicia social, sin ning\u00fan tipo de injerencia extranjera.<\/p>\n<p>La movilizaci\u00f3n como eje central<\/p>\n<p>\u00d8 En el Encuentro Nacional de Organizaciones Sociales, realizado en Bogot\u00e1 los d\u00edas 29 y 30 de abril del presente a\u00f1o, nos comprometimos en la preparaci\u00f3n y desarrollo de una gran acci\u00f3n de lucha nacional para la primera quincena del mes de octubre.<\/p>\n<p>\u00d8 Realizaci\u00f3n de cumbres regionales, asambleas, reuniones, foros, seminarios y otros eventos en los cuales logremos comprometer al mayor numero de organizaciones pol\u00edticas, sociales, c\u00edvicas y cooperativas entre otras, del orden nacional, regional y sectorial.<\/p>\n<p>\u00d8 Prestar la solidaridad concreta y pr\u00e1ctica a todos los conflictos laborales y sociales que se preparan y los que se realicen en el pa\u00eds.<\/p>\n<p>Actividades inmediatas<\/p>\n<p>\u00d8 Foro Internacional sobre pensiones, 29 de julio de 2004, 9:00 a.m., Plaza de Bol\u00edvar.<\/p>\n<p>\u00d8 Encuentro Internacional \u201cVoces por la Vida\u201d, 26 al 28 de agosto, Bogot\u00e1<\/p>\n<p>\u00d8 SOS Internacional contra la aniquilaci\u00f3n del movimiento sindical, del 15 al 18 de septiembre en Bogot\u00e1, bajo la orientaci\u00f3n de las centrales obreras y el movimiento sindical mundial.<\/p>\n<p>\u00d8 Foros sobre impactos regionales del TLC. Foros tem\u00e1ticos sectoriales sobre educaci\u00f3n, salud, propiedad intelectual y otros aspectos que toca la negociaci\u00f3n. Agosto \u2013 septiembre<\/p>\n<p>\u00d8 Seis foros impactos regionales del TLC, de manera simult\u00e1nea el 4 de septiembre, en la siguientes ciudades: Barranquilla, Medell\u00edn, Bucaramanga, Pereira, Bogot\u00e1 y Cali<\/p>\n<p>\u00d8 Jornada ciudadana de movilizaci\u00f3n pol\u00edtica para el d\u00eda 16 de septiembre en todas las capitales, para manifestarse en contra la reelecci\u00f3n de AUV y en solidaridad con el movimiento sindical colombiano.<\/p>\n<p>\u00d8 Gran movilizaci\u00f3n nacional contra el paquete legislativo del gobierno, la reelecci\u00f3n, el TLC y el recorte de las libertades p\u00fablicas. Primera quincena de octubre.<\/p>\n<p>\u00d8 Organizaci\u00f3n de cumbres municipales, departamentales, sociales y pol\u00edticas, cuya programaci\u00f3n ser\u00e1 acordada posteriormente.<\/p>\n<p>INVITAMOS A TRABAJAR SIN PREVENCIONES DE MANERA AMPLIA Y PLURAL CON LOS CINCO EJES DEFINIDOS EN LA DECLARACI\u00d3N POL\u00cdTICA Y CON EL MAYOR ESP\u00cdRITU DE UNIDAD Y COMPROMISOS PR\u00c1CTICOS. <\/p>\n","protected":false},"excerpt":{"rendered":"<p>Plan de Acci\u00f3n Cumbre Social y pol\u00edtica, Bogot\u00e1, julio 22 de 2004 Los sectores sociales, pol\u00edticos y parlamentarios que hacemos presencia en este evento, nos comprometemos a desarrollar el siguiente Plan de Acci\u00f3n: En lo legislativo \u00d8 En este sentido, consideramos de particular importancia realizar eventos para ilustrar a la opini\u00f3n p\u00fablica sobre las graves [&hellip;]<\/p>\n","protected":false},"author":1,"featured_media":0,"comment_status":"open","ping_status":"open","sticky":false,"template":"","format":"standard","meta":{"advanced_seo_description":"","jetpack_seo_html_title":"","jetpack_seo_noindex":false,"_jetpack_memberships_contains_paid_content":false,"footnotes":""},"categories":[7],"tags":[],"class_list":["post-672","post","type-post","status-publish","format-standard","hentry","category-pronunciamientos-de-organizaciones-sociales"],"jetpack_featured_media_url":"","jetpack-related-posts":[{"id":675,"url":"https:\/\/moir.com.co\/web\/declaracion-de-la-cumbre-politica-y-social\/","url_meta":{"origin":672,"position":0},"title":"DECLARACI\u00d3N DE LA CUMBRE POL\u00cdTICA Y SOCIAL","author":"admin","date":"agosto 11, 2004","format":false,"excerpt":"En esta amplia y representativa Cumbre Pol\u00edtica y Social que se ha realizado hoy, 22 de julio, en el auditorio del edificio Orqu\u00eddea Real de Bogot\u00e1, la Gran Coalici\u00f3n Democr\u00e1tica, los partidos pol\u00edticos democr\u00e1ticos, el movimiento sindical confederado, parlamentarios, diputados y concejales de diversas corrientes pol\u00edticas, los pensionados y las\u2026","rel":"","context":"En \u00abPronunciamientos de Organizaciones Sociales\u00bb","block_context":{"text":"Pronunciamientos de Organizaciones Sociales","link":"https:\/\/moir.com.co\/web\/category\/pronunciamientos-de-organizaciones-sociales\/"},"img":{"alt_text":"","src":"","width":0,"height":0},"classes":[]},{"id":19558,"url":"https:\/\/moir.com.co\/web\/declaracion-de-la-cumbre-politica-y-social-2\/","url_meta":{"origin":672,"position":1},"title":"DECLARACI\u00d3N DE LA CUMBRE POL\u00cdTICA Y SOCIAL","author":"admin","date":"agosto 4, 2004","format":false,"excerpt":"Bogot\u00e1, julio 22 de 2004 En esta amplia y representativa Cumbre Pol\u00edtica y Social que se ha realizado hoy, 22 de julio, en el auditorio del edificio Orqu\u00eddea Real de Bogot\u00e1, la Gran Coalici\u00f3n Democr\u00e1tica, los partidos pol\u00edticos democr\u00e1ticos, el movimiento sindical confederado, parlamentarios, diputados y concejales de diversas corrientes\u2026","rel":"","context":"En \u00abTribuna Roja N\u00ba 96; Julio 23 de 2004\u00bb","block_context":{"text":"Tribuna Roja N\u00ba 96; Julio 23 de 2004","link":"https:\/\/moir.com.co\/web\/category\/tribuna-roja\/ediciones-2000-2004\/tribuna-roja-no-96-julio-23-de-2004\/"},"img":{"alt_text":"","src":"","width":0,"height":0},"classes":[]},{"id":681,"url":"https:\/\/moir.com.co\/web\/gran-coalicion-democratica-de-barrancabermeja\/","url_meta":{"origin":672,"position":2},"title":"GRAN COALICI\u00d3N DEMOCR\u00c1TICA DE BARRANCABERMEJA","author":"admin","date":"agosto 11, 2004","format":false,"excerpt":"Comit\u00e9 Coordinador, agosto 18 de 2004 Las diferentes organizaciones, sociales, pol\u00edticas, sindicales, cooperativas, comunales, estudiantiles, campesinas, pensi\u00f3nales, acad\u00e9micas y ongs del puerto petrolero, reunidas en el Club Infantas el pasado 12 de agosto, acogiendo el llamado de la gran cumbre pol\u00edtica y social que se realiz\u00f3 en Bogota el 22\u2026","rel":"","context":"En \u00abPronunciamientos de Organizaciones Sociales\u00bb","block_context":{"text":"Pronunciamientos de Organizaciones Sociales","link":"https:\/\/moir.com.co\/web\/category\/pronunciamientos-de-organizaciones-sociales\/"},"img":{"alt_text":"","src":"","width":0,"height":0},"classes":[]},{"id":3432,"url":"https:\/\/moir.com.co\/web\/pronunciamiento-de-la-cumbre-nacional-de-organizaciones-sociales-y-politicas-al-pueblo-colombiano-convocatoria-a-la-accion-politica-y-movilizacion-social\/","url_meta":{"origin":672,"position":3},"title":"PRONUNCIAMIENTO DE LA CUMBRE NACIONAL DE ORGANIZACIONES SOCIALES Y POLITICAS. AL PUEBLO COLOMBIANO: Convocatoria a la acci\u00f3n pol\u00edtica y movilizaci\u00f3n social","author":"admin","date":"agosto 24, 2009","format":false,"excerpt":"Esta Cumbre Social y Pol\u00edtica, realizada exitosamente en Bogot\u00e1 del 20 al 22 de agosto con la participaci\u00f3n de 1030 delegados de todo el pa\u00eds, marca un punto alto en los pasos que debemos dar para la construcci\u00f3n de la unidad de las fuerzas sociales y pol\u00edticas, tal como se\u2026","rel":"","context":"En \u00abPronunciamientos de Organizaciones Sociales\u00bb","block_context":{"text":"Pronunciamientos de Organizaciones Sociales","link":"https:\/\/moir.com.co\/web\/category\/pronunciamientos-de-organizaciones-sociales\/"},"img":{"alt_text":"","src":"","width":0,"height":0},"classes":[]},{"id":669,"url":"https:\/\/moir.com.co\/web\/nace-alternativa-democratica-en-boyaca\/","url_meta":{"origin":672,"position":4},"title":"NACE ALTERNATIVA DEMOCR\u00c1TICA EN BOYAC\u00c1","author":"admin","date":"agosto 11, 2004","format":false,"excerpt":"Alternativa Democratica Boyac\u00e1, Tunja, julio 5 de 2004 El s\u00e1bado 3 de los corrientes en la ciudad de Tunja, con la asistencia de los representantes de las fuerzas integrantes de Alternativa Democr\u00e1tica y algunos observadores se constituy\u00f3 el Comit\u00e9 que se encargar\u00e1 de coordinar e impulsar la difusi\u00f3n de su\u2026","rel":"","context":"En \u00abPronunciamientos de Organizaciones Sociales\u00bb","block_context":{"text":"Pronunciamientos de Organizaciones Sociales","link":"https:\/\/moir.com.co\/web\/category\/pronunciamientos-de-organizaciones-sociales\/"},"img":{"alt_text":"","src":"","width":0,"height":0},"classes":[]},{"id":83,"url":"https:\/\/moir.com.co\/web\/plan-de-accion-campana-continental-de-lucha-contra-el-alca\/","url_meta":{"origin":672,"position":5},"title":"PLAN DE ACCI\u00d3N CAMPA\u00d1A CONTINENTAL DE LUCHA CONTRA EL ALCA","author":"admin","date":"agosto 6, 2004","format":false,"excerpt":"I- OBJETIVOS - DERROTAR AL ALCA EN TODAS SUS VERSIONES: INTEGRAL, \"LIGHT\" o \"A LA CARTA\", AS\u00cd COMO LOS TRATADOS DE LIBRE COMERCIO BILATERALES O SUBREGIONALES - Fortalecer la campa\u00f1a contra el ALCA en su vinculaci\u00f3n a las luchas populares en nuestros pa\u00edses, en este momento decisivo. - Impedir el\u2026","rel":"","context":"En \u00ab\u00a1No a los TLC y al ALCA!\u00bb","block_context":{"text":"\u00a1No a los TLC y al ALCA!","link":"https:\/\/moir.com.co\/web\/category\/temas\/no-a-los-tlc-y-al-alca\/"},"img":{"alt_text":"","src":"","width":0,"height":0},"classes":[]}],"jetpack_sharing_enabled":true,"_links":{"self":[{"href":"https:\/\/moir.com.co\/web\/wp-json\/wp\/v2\/posts\/672","targetHints":{"allow":["GET"]}}],"collection":[{"href":"https:\/\/moir.com.co\/web\/wp-json\/wp\/v2\/posts"}],"about":[{"href":"https:\/\/moir.com.co\/web\/wp-json\/wp\/v2\/types\/post"}],"author":[{"embeddable":true,"href":"https:\/\/moir.com.co\/web\/wp-json\/wp\/v2\/users\/1"}],"replies":[{"embeddable":true,"href":"https:\/\/moir.com.co\/web\/wp-json\/wp\/v2\/comments?post=672"}],"version-history":[{"count":0,"href":"https:\/\/moir.com.co\/web\/wp-json\/wp\/v2\/posts\/672\/revisions"}],"wp:attachment":[{"href":"https:\/\/moir.com.co\/web\/wp-json\/wp\/v2\/media?parent=672"}],"wp:term":[{"taxonomy":"category","embeddable":true,"href":"https:\/\/moir.com.co\/web\/wp-json\/wp\/v2\/categories?post=672"},{"taxonomy":"post_tag","embeddable":true,"href":"https:\/\/moir.com.co\/web\/wp-json\/wp\/v2\/tags?post=672"}],"curies":[{"name":"wp","href":"https:\/\/api.w.org\/{rel}","templated":true}]}}