{"id":671,"date":"2004-08-11T07:00:00","date_gmt":"2004-08-11T07:00:00","guid":{"rendered":"https:\/\/moir.org.co\/web\/ponencia-para-el-foro-del-sector-agropecuario-y-productivo-organizado-por-la-asamblea-departamental-de-boyaca\/"},"modified":"2004-08-11T07:00:00","modified_gmt":"2004-08-11T07:00:00","slug":"ponencia-para-el-foro-del-sector-agropecuario-y-productivo-organizado-por-la-asamblea-departamental-de-boyaca","status":"publish","type":"post","link":"https:\/\/moir.com.co\/web\/ponencia-para-el-foro-del-sector-agropecuario-y-productivo-organizado-por-la-asamblea-departamental-de-boyaca\/","title":{"rendered":"PONENCIA PARA EL FORO DEL SECTOR AGROPECUARIO Y PRODUCTIVO, ORGANIZADO POR LA ASAMBLEA DEPARTAMENTAL DE BOYAC\u00c1"},"content":{"rendered":"<p>Salvaci\u00f3n Agropecuaria Boyac\u00e1, julio 22 de 2004<\/p>\n<p>Todos los sectores productivos y sociales del departamento de Boyac\u00e1 y el pa\u00eds hoy padecen las nefastas consecuencias de los 14 a\u00f1os de apertura econ\u00f3mica iniciada a finales de los a\u00f1os 80 y principios de la d\u00e9cada de los noventa.<\/p>\n<p>Los resultados son desastrosos : Boyac\u00e1 pierde 11.000 Has. de trigo y 21.000 de cebada entre 1.991 y el 2.001 y se levantan las malter\u00edas porque hoy la cebada viene procesada desde Norteam\u00e9rica. Hoy estamos importando toda la cebada ya procesada para la producci\u00f3n de cerveza; dos millones de toneladas de ma\u00edz, 1.5 millones de toneladas de trigo, en un claro rechazo a los productores nacionales en beneficio de las multinacionales norteamericanas, sin que el precio al consumidor haya disminuido y por el contrario, como lo afirma el mismo ministerio de Comercio, consumimos uno de los panes m\u00e1s caros del mundo con el 98% del trigo importado. En caf\u00e9, las multinacionales sabotearon el Pacto Internacional de Cuotas en 1.989 y fomentaron su cultivo en Asia y \u00c1frica, ocasionando la sobreproducci\u00f3n mundial, para fijar bajos precios a su antojo. Los precios al productor de papa, cebolla, tomate, hortalizas y frutales est\u00e1n siendo afectados por la llegada de estos productos a los hipermercados condenado a la ruina a los agricultores. Boyac\u00e1 tiene una superproducci\u00f3n de panela y sus productores enfrentan cuantiosas p\u00e9rdidas con precios bajos. Los 70.000 productores de leche est\u00e1n vendiendo a p\u00e9rdida y sometidos a las multinacionales y hoy el viceministro de agricultura les anuncia nuevas importaciones.<\/p>\n<p>Como consecuencia, hoy en Colombia, seg\u00fan estad\u00edsticas oficiales, tenemos 30 millones de pobres de los cuales 850 mil corresponden a Boyac\u00e1, incluidos 10 millones de miserables que para Boyac\u00e1 llegan a 350.000 personas. En Boyac\u00e1 existen m\u00e1s de 16.000 agricultores arruinados con deudas impagables a la Banca, de los cuales alrededor de 12.000 no han accedido siquiera a los paliativos del PRAN. Las cifras del desempleo, el subempleo y el empleo informal son alarmantes y no tiene parang\u00f3n en la historia de Boyac\u00e1 ni del Pa\u00eds.<\/p>\n<p>A pesar de este contundente y tr\u00e1gico balance para los productores de Boyac\u00e1 y el pa\u00eds, el gobierno y su equipo asesor, el mismo que asesor\u00f3 al Dr. Cesar Gaviria en la primera etapa de la apertura, insisten en profundizarlo para su beneficio y el de las multinacionales que comercializan los alimentos que constituyen la dieta b\u00e1sica de los pueblos como son los cereales, la leche, la carne, los carbohidratos y energizantes.<\/p>\n<p>\u201cEl pasado 18 de mayo, el gobierno de \u00c1lvaro Uribe V\u00e9lez inici\u00f3 las negociaciones con Estados Unidos para suscribir un Tratado de Libre Comercio, TLC., con su segunda ronda de entregas en Atlanta y la pr\u00f3xima en Lima Per\u00fa entre el 25 y 30 de los corrientes. El cronograma gubernamental es culminarlas en ocho o nueve rondas, cada una de cinco d\u00edas, pactando un tratado que ser\u00e1 decisivo para el rumbo del pa\u00eds durante las pr\u00f3ximas d\u00e9cadas. En este acuerdo se definir\u00e1 qu\u00e9 se producir\u00e1 en el agro, si habr\u00e1 industrializaci\u00f3n, qui\u00e9n prestar\u00e1 los servicios p\u00fablicos y con qu\u00e9 criterios, qui\u00e9n resolver\u00e1 las controversias econ\u00f3micas, qu\u00e9 papel jugar\u00e1 la inversi\u00f3n extranjera en el desarrollo, en qu\u00e9 condiciones laborar\u00e1n los trabajadores, c\u00f3mo se manejar\u00e1 el medio ambiente y muchas otras cosas m\u00e1s.<\/p>\n<p>Como puede concluirse, el futuro del pa\u00eds est\u00e1 en juego, y tambi\u00e9n su soberan\u00eda, el papel del Estado en la econom\u00eda y el futuro del desarrollo productivo y social de la naci\u00f3n.\u201d<\/p>\n<p>Hay muchas razones para decir no al TLC. algunas sobre temas que afectan en forma directa, vitales intereses de Boyac\u00e1 y el pa\u00eds son:<\/p>\n<p>1. \u201cAgricultura: pobreza, desaparici\u00f3n de la producci\u00f3n nacional y p\u00e9rdida de la soberan\u00eda alimentaria.<\/p>\n<p>Con el TLC aumentar\u00e1n enormemente las importaciones agropecuarias, especialmente las de alimentos. Ser\u00e1 eliminado lo que queda de cultivos ya fuertemente golpeados como el trigo, la cebada y el ma\u00edz (de estos tres productos se importan anualmente m\u00e1s de tres millones de toneladas) y se continuar\u00e1n debilitando el arroz, la soya, el sorgo, el fr\u00edjol y otras leguminosas de grano. Tambi\u00e9n est\u00e1n amenazados el algod\u00f3n, la ca\u00f1a, la papa, la palma de aceite, el pollo, la carne, pues todos ser\u00e1n sometidos a la competencia implacable de las importaciones masivas desde Estados Unidos, potencia que \u2013con agricultores altamente subsidiados\u2013 vende por debajo de sus costos de producci\u00f3n. Nuestro pa\u00eds y Boyac\u00e1 acabar\u00e1n de perder la capacidad de alimentar a su propia poblaci\u00f3n y la pobreza se generalizar\u00e1 en el campo.<\/p>\n<p>Ya en la d\u00e9cada pasada Colombia fue v\u00edctima de la apertura econ\u00f3mica, que llev\u00f3 a que las importaciones agrarias pasaran de 700 mil a siete millones de toneladas de alimentos anuales, y que se perdieran m\u00e1s de 900 mil hect\u00e1reas de cultivos transitorios y 150 mil empleos. El TLC significa el desmonte de los precarios mecanismos de protecci\u00f3n que aun subsisten y busca que el campo se especialice en la producci\u00f3n de frutas ex\u00f3ticas, plantas medicinales, flores y otros productos secundarios sin mayor elaboraci\u00f3n y poca demanda internacional, sacrificando la producci\u00f3n de alimentos.\u201d<\/p>\n<p>2. Deterioro del medio ambiente y depredaci\u00f3n de los recursos naturales.<\/p>\n<p>Las selvas, los r\u00edos, la privilegiada posici\u00f3n geogr\u00e1fica, el agua, el ox\u00edgeno, ser\u00e1n tratados en el TLC como simples mercanc\u00edas, convirtiendo en norma su explotaci\u00f3n irresponsable y en beneficio de unos pocos. A las empresas norteamericanas no se les exigir\u00e1 cuidar el medio ambiente, pues hacerlo podr\u00eda vulnerar sus ganancias. El medio ambiente solamente se preservar\u00e1 cuando sirva a las ganancias de las multinacionales, y los recursos naturales \u2013uno de los platos m\u00e1s apetecidos en este tratado\u2013 ser\u00e1n saqueados. Los proyectos de entregar los r\u00edos en concesi\u00f3n, los parques nacionales y la biodiversidad al sector privado forman parte de esta tendencia. En el TLC los derechos de los inversionistas estar\u00e1n por encima de la protecci\u00f3n del ambiente. El TLC significa la desnacionalizaci\u00f3n de los recursos naturales, la privatizaci\u00f3n y apropiaci\u00f3n del patrimonio ambiental y cultural, los cuales representan la base de la soberan\u00eda nacional. Est\u00e1n en grave peligro riquezas tan importantes como el petr\u00f3leo, el agua, recursos forestales, la biodiversidad y los parques naturales, entre otros.<\/p>\n<p>* Por otra parte, Otorgar a las multinacionales nuevos derechos de propiedad intelectual significa impedir el acceso de los productores a los agroqu\u00edmicos gen\u00e9ricos mucho m\u00e1s baratos e implicar\u00eda sobrecostos anuales superiores a los 300 millones de d\u00f3lares (810.000 millones de pesos), los cuales saldr\u00edan de los bolsillos de los campesinos y empresarios para engrosar las arcas de las multinacionales.<\/p>\n<p>Mientras los pa\u00edses desarrollados les entregan a sus agricultores subsidios superiores a mil millones de d\u00f3lares diarios, en Colombia se recortan cada vez m\u00e1s los escasos recursos del agro y se abandona al agricultor a su propia suerte.<\/p>\n<p>* Por lo anterior Salvaci\u00f3n Agropecuaria reclama para el sector agropecuario un tratamiento similar al dado en los pa\u00edses desarrollados donde la agricultura ha tenido \u00e9xito, es decir protecci\u00f3n del mercado interno con rechazo a las pol\u00edticas que inducen las importaci\u00f3n de productos que se cultivan en el pa\u00eds; Precios de sustentaci\u00f3n rentables y estables garantizados por el Estado; Cr\u00e9ditos suficientes, oportunos y baratos; Efectivo control a los precios de los insumos, impuestos y dem\u00e1s costos de producci\u00f3n; Garant\u00edas y canales de comercializaci\u00f3n, investigaci\u00f3n cient\u00edfica y tecnol\u00f3gica, asistencia t\u00e9cnica y distritos de riego; Condonaci\u00f3n total de las deudas del sector agropecuario y cese de los procesos jur\u00eddicos y pre jur\u00eddicos con embargos y remates; cumplimiento de los acuerdos firmados con los agricultores y ganaderos por el gobierno nacional. Tratamiento que responde a los intereses de los jornaleros, campesinos, y empresarios colombianos, y que implica generaci\u00f3n de empleo y dinamizaci\u00f3n de la econom\u00eda con oportunidades para los treinta millones de pobres y diez millones de miserables para que puedan comprar los productos agropecuarios y se fortalezca el mercado interno, se garantice la seguridad alimentaria y el autoabastecimiento de la dieta b\u00e1sica del pueblo colombiano.<\/p>\n<p>Convocamos a desarrollar una amplia campa\u00f1a de informaci\u00f3n y organizaci\u00f3n entre los productores que desmienta el sofisma de la inevitabilidad de entregarle todo a las multinacionales norteamericanas y condenar a los 44 millones de colombianos al hambre y miseria absolutas, ante la destrucci\u00f3n de sus fuentes de trabajo y la entrega del mercado interno; para desmentir falacias de que a M\u00e9xico, Chile y a otros pa\u00edses que ya firmaron el TLC les ha ido bien cuando la realidad es la miseria de millones de productores y trabajadores frente al aumento de inmensas ganancias para las multinacionales norteamericanas; ni menos que a otros departamentos de Colombia les haya ido bien con las supuestas cadenas productivas ni con cultivos tropicales ni con microempresas ya que todos sufren el azote social y econ\u00f3mico del libre comercio que de libre no tiene nada ya que es una imposici\u00f3n a favor de intereses extranjeros y sus socios menores en nuestra patria. A su lado crece tambi\u00e9n la organizaci\u00f3n y la resistencia de los productores, los pueblos y sus esclarecidos dirigentes.<\/p>\n<p>Igualmente invitamos a todos los presentes a continuar con este tipo de eventos de informaci\u00f3n y debate a nivel de cada uno de los municipios, veredas, y al interior de sus organizaciones gremiales, de forma amplia, democr\u00e1tica y civilizada, por la defensa de la soberan\u00eda, la producci\u00f3n y el trabajo de la naci\u00f3n y el departamento.<\/p>\n<p>Atentamente,<\/p>\n<p>OLIVERIO CASTILLO BURBANO<br \/>\nCoordinador Salvaci\u00f3n Agropecuaria Boyac\u00e1.<\/p>\n<p>Oficina: CANAPRO: Carrera 10 No. 22-97, Interior 03 Tunja.<\/p>\n","protected":false},"excerpt":{"rendered":"<p>Salvaci\u00f3n Agropecuaria Boyac\u00e1, julio 22 de 2004 Todos los sectores productivos y sociales del departamento de Boyac\u00e1 y el pa\u00eds hoy padecen las nefastas consecuencias de los 14 a\u00f1os de apertura econ\u00f3mica iniciada a finales de los a\u00f1os 80 y principios de la d\u00e9cada de los noventa. Los resultados son desastrosos : Boyac\u00e1 pierde 11.000 [&hellip;]<\/p>\n","protected":false},"author":1,"featured_media":0,"comment_status":"open","ping_status":"open","sticky":false,"template":"","format":"standard","meta":{"advanced_seo_description":"","jetpack_seo_html_title":"","jetpack_seo_noindex":false,"_jetpack_memberships_contains_paid_content":false,"footnotes":""},"categories":[7],"tags":[],"class_list":["post-671","post","type-post","status-publish","format-standard","hentry","category-pronunciamientos-de-organizaciones-sociales"],"jetpack_featured_media_url":"","jetpack-related-posts":[{"id":1012,"url":"https:\/\/moir.com.co\/web\/realizada-asamblea-nacional-de-salvacion-agropecuaria-boyaca\/","url_meta":{"origin":671,"position":0},"title":"REALIZADA ASAMBLEA NACIONAL DE SALVACI\u00d3N AGROPECUARIA BOYAC\u00c1","author":"admin","date":"septiembre 26, 2004","format":false,"excerpt":"Con la asistencia de 120 delegados de 18 municipios, la presencia de Asogriboy, el presidente de Fabegan, los invitados de la CUT, el Sector Salud, y delegados de la alcald\u00eda de Tunja, se llev\u00f3 a cabo la Asamblea departamental de Salvaci\u00f3n Agropecuaria en Tunja el d\u00eda 1 de octubre entre\u2026","rel":"","context":"En \u00abPronunciamientos de Organizaciones Sociales\u00bb","block_context":{"text":"Pronunciamientos de Organizaciones Sociales","link":"https:\/\/moir.com.co\/web\/category\/pronunciamientos-de-organizaciones-sociales\/"},"img":{"alt_text":"","src":"","width":0,"height":0},"classes":[]},{"id":1213,"url":"https:\/\/moir.com.co\/web\/la-ruana-corre-peligro-con-el-tlc\/","url_meta":{"origin":671,"position":1},"title":"LA RUANA CORRE PELIGRO CON EL TLC","author":"admin","date":"julio 30, 2005","format":false,"excerpt":"Las especializaciones regionales de la agricultura en Colombia est\u00e1n ligadas a la diversidad de climas. Existe zona cafetera, de ca\u00f1a panelera y tambi\u00e9n de az\u00facar; el arroz, aunque presente en m\u00e1s de diez departamentos del pa\u00eds, cerca del 80% se produce en Tolima, Meta, Huila y Casanare. Antes del Revolc\u00f3n,\u2026","rel":"","context":"En \u00abTemas\u00bb","block_context":{"text":"Temas","link":"https:\/\/moir.com.co\/web\/category\/temas\/"},"img":{"alt_text":"","src":"","width":0,"height":0},"classes":[]},{"id":102,"url":"https:\/\/moir.com.co\/web\/carta-a-los-diputados-sobre-las-consecuencias-del-tlc-para-el-departamento-de-boyaca\/","url_meta":{"origin":671,"position":2},"title":"CARTA A LOS DIPUTADOS SOBRE LAS CONSECUENCIAS DEL TLC PARA EL DEPARTAMENTO DE BOYACA","author":"admin","date":"agosto 6, 2004","format":false,"excerpt":"Tunja , 24 de mayo de 2004. Oficio No. 014- 2004. Honorables Diputados Atentamente Dr. LUIS ALEJANDRO JIMENEZ Presidente de la Asamblea Departamental E. S. M. Referencia: Solidaridad y apoyo al agro boyacense. Honorables Diputados. En su calidad de dirigentes pol\u00edticos del departamento y ante la grave crisis del Sector\u2026","rel":"","context":"En \u00ab\u00a1No a los TLC y al ALCA!\u00bb","block_context":{"text":"\u00a1No a los TLC y al ALCA!","link":"https:\/\/moir.com.co\/web\/category\/temas\/no-a-los-tlc-y-al-alca\/"},"img":{"alt_text":"","src":"","width":0,"height":0},"classes":[]},{"id":14118,"url":"https:\/\/moir.com.co\/web\/boyaca-riqueza-extranjera-y-rebusque-criollo\/","url_meta":{"origin":671,"position":3},"title":"Boyac\u00e1, riqueza extranjera y &#8220;rebusque&#8221; criollo","author":"admin","date":"diciembre 19, 2017","format":false,"excerpt":"Aurelio Su\u00e1rez Montoya, Bogot\u00e1, diciembre 18 de 2017 La poblaci\u00f3n boyacense est\u00e1 regada en 123 municipios que son m\u00e1s del 10% de los del pa\u00eds\u2013 muchos de ellos poblados con menos de diez mil habitantes- y produce tres de cada cien pesos de la econom\u00eda nacional. Constituye caso especial en\u2026","rel":"","context":"En \u00abAurelio Su\u00e1rez Montoya\u00bb","block_context":{"text":"Aurelio Su\u00e1rez Montoya","link":"https:\/\/moir.com.co\/web\/category\/bitacoras\/aurelio-suarez-montoya\/"},"img":{"alt_text":"","src":"https:\/\/i0.wp.com\/moir.com.co\/web\/wp-content\/uploads\/2017\/09\/aureliosuarezblu.jpg?fit=650%2C466&ssl=1&resize=350%2C200","width":350,"height":200,"srcset":"https:\/\/i0.wp.com\/moir.com.co\/web\/wp-content\/uploads\/2017\/09\/aureliosuarezblu.jpg?fit=650%2C466&ssl=1&resize=350%2C200 1x, https:\/\/i0.wp.com\/moir.com.co\/web\/wp-content\/uploads\/2017\/09\/aureliosuarezblu.jpg?fit=650%2C466&ssl=1&resize=525%2C300 1.5x"},"classes":[]},{"id":1247,"url":"https:\/\/moir.com.co\/web\/el-rechazo-campesino-al-tlc\/","url_meta":{"origin":671,"position":4},"title":"EL RECHAZO CAMPESINO AL TLC","author":"admin","date":"agosto 25, 2005","format":false,"excerpt":"Quiz\u00e1s muchos colombianos se sorprendieron cuando se conoci\u00f3 que m\u00e1s de 20.000 campesinos que producen bienes agropecuarios de clima fr\u00edo, principalmente del centro de Boyac\u00e1, del sur de Nari\u00f1o y de los p\u00e1ramos de Cundinamarca, rechazaron en una consulta ciudadana las negociaciones que Colombia adelanta en el TLC con Estados\u2026","rel":"","context":"En \u00abTemas\u00bb","block_context":{"text":"Temas","link":"https:\/\/moir.com.co\/web\/category\/temas\/"},"img":{"alt_text":"","src":"","width":0,"height":0},"classes":[]},{"id":7850,"url":"https:\/\/moir.com.co\/web\/de-boyaca-en-los-campos\/","url_meta":{"origin":671,"position":5},"title":"De Boyac\u00e1 en los campos","author":"admin","date":"agosto 28, 2013","format":false,"excerpt":"La frase m\u00e1s sonada en estos d\u00edas de marchas, bloqueos, heridos, detenidos, forcejeos, f\u00edsicos y verbales, fue: \u201cImportar alimentos, es traici\u00f3n a la patria\u201d, pronunciada por el obispo de Tunja, Luis Augusto Castro. Los neoliberales -que se escandalizan con ella- seguramente desconocen otra similar de George Bush (padre), quien dijera:\u2026","rel":"","context":"En \u00abAurelio Su\u00e1rez Montoya\u00bb","block_context":{"text":"Aurelio Su\u00e1rez Montoya","link":"https:\/\/moir.com.co\/web\/category\/bitacoras\/aurelio-suarez-montoya\/"},"img":{"alt_text":"","src":"","width":0,"height":0},"classes":[]}],"jetpack_sharing_enabled":true,"_links":{"self":[{"href":"https:\/\/moir.com.co\/web\/wp-json\/wp\/v2\/posts\/671","targetHints":{"allow":["GET"]}}],"collection":[{"href":"https:\/\/moir.com.co\/web\/wp-json\/wp\/v2\/posts"}],"about":[{"href":"https:\/\/moir.com.co\/web\/wp-json\/wp\/v2\/types\/post"}],"author":[{"embeddable":true,"href":"https:\/\/moir.com.co\/web\/wp-json\/wp\/v2\/users\/1"}],"replies":[{"embeddable":true,"href":"https:\/\/moir.com.co\/web\/wp-json\/wp\/v2\/comments?post=671"}],"version-history":[{"count":0,"href":"https:\/\/moir.com.co\/web\/wp-json\/wp\/v2\/posts\/671\/revisions"}],"wp:attachment":[{"href":"https:\/\/moir.com.co\/web\/wp-json\/wp\/v2\/media?parent=671"}],"wp:term":[{"taxonomy":"category","embeddable":true,"href":"https:\/\/moir.com.co\/web\/wp-json\/wp\/v2\/categories?post=671"},{"taxonomy":"post_tag","embeddable":true,"href":"https:\/\/moir.com.co\/web\/wp-json\/wp\/v2\/tags?post=671"}],"curies":[{"name":"wp","href":"https:\/\/api.w.org\/{rel}","templated":true}]}}