{"id":670,"date":"2004-08-11T07:00:00","date_gmt":"2004-08-11T07:00:00","guid":{"rendered":"https:\/\/moir.org.co\/web\/lanzamiento-de-alternativa-democratica-en-la-costa\/"},"modified":"2004-08-11T07:00:00","modified_gmt":"2004-08-11T07:00:00","slug":"lanzamiento-de-alternativa-democratica-en-la-costa","status":"publish","type":"post","link":"https:\/\/moir.com.co\/web\/lanzamiento-de-alternativa-democratica-en-la-costa\/","title":{"rendered":"LANZAMIENTO DE ALTERNATIVA DEMOCRATICA EN LA COSTA"},"content":{"rendered":"<p>Por estos d\u00edas y despu\u00e9s de varias reuniones de preparaci\u00f3n, lideradas por el Padre Bernardo Hoyos Montoya dirigente nacional del Movimiento Ciudadano, con la presencia de representantes de todos las organizaciones partidarias comprometidas en la causa, suenan en las diversas emisoras y se lee en la prensa escrita los avisos de los diversos actos programados para la primera semana de agosto que marcar\u00e1n la protocolizaci\u00f3n de la existencia de Alternativa Democr\u00e1tica en la Costa Norte Colombiana.<\/p>\n<p>Los d\u00edas siete y ocho de agosto del presente a\u00f1o se lanza en Barranquilla el movimiento de Alternativa Democr\u00e1tica, con la asistencia de los l\u00edderes de la bancada parlamentaria y de los partidos en ellos representados y otros que han adherido \u00faltimamente. Est\u00e1 confirmada la presencia de Carlos Gaviria, precandidato presidencial, Jorge Enrique Robledo, Luis Carlos Avellaneda, Vladimir Zabala, Senadores de la  Rep\u00f9blica y de los representantes: Wils\u00f3n Borja, Venus Albeiro Silva, y Alexander L\u00f2pez<\/p>\n<p>El s\u00e1bado 7 de agosto en el Hotel Dos Mundos ser\u00e1 la reuni\u00f3n de los parlamentarios con los l\u00edderes pol\u00ecticos de  los departamento de la costa de las organizaciones partidarias como Movimiento Ciudadano, MOIR,   Frente Social y Pol\u00ectico, Partido Comunista, Unidad Democr\u00e1trica, Movimiento Comunal y el Partido del Trabajo Colombiano. <\/p>\n<p>El d\u00eda siguiente domingo ocho de agosto  a las once de la ma\u00f1ana en el famoso Rinc\u00f3n Latino se realizar\u00e1 una multitudinaria concentraci\u00f3n popular, en la cual los dirigentes arriba mencionados explicar\u00e1n los alcances de Alternativa Democr\u00e1tica m\u00e1s all\u00e1 de sus acciones en el Parlamento: CONTRA LAS REFORMAS CONSTITUCIONALES NEOLIBERALES DEL GOBIERNO;  CONTRA LA REELECCI\u00d3N PRESIDENCIAL  CONTRA EL TRATADO DE LIBRE COMERCIO CON LOS ESTADOS UNIDOS, entre otras y el proceso de unidad de todos los sectores que se opongan a la recolonizaci\u00f3n de los Estados sobre Colombia.<\/p>\n<p>Dirigentes del Polo Democr\u00e1tico Independiente anuncian su presencia en el cert\u00e1men con un saludo solidario. Se espera la concurrencia de m\u00e1s de 100.000 personas.<\/p>\n<p>Barranquilla, julio 27 de 2004<\/p>\n","protected":false},"excerpt":{"rendered":"<p>Por estos d\u00edas y despu\u00e9s de varias reuniones de preparaci\u00f3n, lideradas por el Padre Bernardo Hoyos Montoya dirigente nacional del Movimiento Ciudadano, con la presencia de representantes de todos las organizaciones partidarias comprometidas en la causa, suenan en las diversas emisoras y se lee en la prensa escrita los avisos de los diversos actos programados [&hellip;]<\/p>\n","protected":false},"author":1,"featured_media":0,"comment_status":"open","ping_status":"open","sticky":false,"template":"","format":"standard","meta":{"advanced_seo_description":"","jetpack_seo_html_title":"","jetpack_seo_noindex":false,"_jetpack_memberships_contains_paid_content":false,"footnotes":""},"categories":[7],"tags":[],"class_list":["post-670","post","type-post","status-publish","format-standard","hentry","category-pronunciamientos-de-organizaciones-sociales"],"jetpack_featured_media_url":"","jetpack-related-posts":[{"id":8002,"url":"https:\/\/moir.com.co\/web\/declaracion-de-la-asamblea-europea-del-polo-democratico-alternativo\/","url_meta":{"origin":670,"position":0},"title":"Declaraci\u00f3n de la Asamblea Europea del Polo Democr\u00e1tico Alternativo","author":"admin","date":"octubre 20, 2013","format":false,"excerpt":"Del Polo en Europa, por los derechos y la unidad de todos los colombianos y colombianas en el exterior. Los miembros del Polo Democr\u00e1tico Alternativo residentes en Europa, reunidos en Asamblea Europea del PDA en Bruselas los d\u00edas 11, 12 y 13 de Octubre de 2013, declaramos: 1. Saludamos calurosamente\u2026","rel":"","context":"En \u00abPolo Democr\u00e1tico Alternativo\u00bb","block_context":{"text":"Polo Democr\u00e1tico Alternativo","link":"https:\/\/moir.com.co\/web\/category\/polo-democratico-alternativo\/"},"img":{"alt_text":"","src":"","width":0,"height":0},"classes":[]},{"id":19557,"url":"https:\/\/moir.com.co\/web\/avanza-alternativa-democratica\/","url_meta":{"origin":670,"position":1},"title":"AVANZA ALTERNATIVA DEMOCR\u00c1TICA","author":"admin","date":"agosto 4, 2004","format":false,"excerpt":"Importante seminario pol\u00edtico e ideol\u00f3gico Los d\u00edas 5 y 6 del pasado mes de junio, se realiz\u00f3 en el Hotel Sochagota de Paipa un importante evento de Alternativa Democr\u00e1tica, con la participaci\u00f3n de ocho parlamentarios de la bancada y dirigentes de los partidos y organizaciones que la integran. En las\u2026","rel":"","context":"En \u00abTribuna Roja N\u00ba 96; Julio 23 de 2004\u00bb","block_context":{"text":"Tribuna Roja N\u00ba 96; Julio 23 de 2004","link":"https:\/\/moir.com.co\/web\/category\/tribuna-roja\/ediciones-2000-2004\/tribuna-roja-no-96-julio-23-de-2004\/"},"img":{"alt_text":"","src":"","width":0,"height":0},"classes":[]},{"id":1214,"url":"https:\/\/moir.com.co\/web\/congreso-nacional-de-unidad-carlos-gaviria-presidente-2006-2010\/","url_meta":{"origin":670,"position":2},"title":"CONGRESO NACIONAL DE UNIDAD CARLOS GAVIRIA PRESIDENTE 2006 &#8211; 2010","author":"admin","date":"julio 28, 2005","format":false,"excerpt":"Bogot\u00e1, Agosto 19 y 20 de 2005 CONGRESO NACIONAL DE UNIDAD CARLOS GAVIRIA Presidente 2006 - 2010 \"Por la democracia, la paz y la soberan\u00eda\" Bogot\u00e1 D.C., 19 y 20 de agosto 2005 Convoca: ALTERNATIVA DEMOCRATICA Presentaci\u00f3n: El desarrollo de los acontecimientos pol\u00edticos del pa\u00eds confirman las preocupaciones que los\u2026","rel":"","context":"Entrada similar","block_context":{"text":"Entrada similar","link":""},"img":{"alt_text":"","src":"","width":0,"height":0},"classes":[]},{"id":6743,"url":"https:\/\/moir.com.co\/web\/polo-toma-importantes-decisiones\/","url_meta":{"origin":670,"position":3},"title":"Polo toma importantes decisiones","author":"admin","date":"agosto 9, 2012","format":false,"excerpt":"El Comit\u00e9 Ejecutivo Nacional del Polo Democr\u00e1tico Alternativo en su sesi\u00f3n del 9 de agosto decidi\u00f3: 1. Convocar al tercer Congreso Nacional del Polo Democr\u00e1tico Alternativo para los d\u00edas treinta (30) de noviembre y primero (1\u00ba) de diciembre de dos mil doce (2012). 2. Elegir los delegados y delegadas que\u2026","rel":"","context":"En \u00abPolo Democr\u00e1tico Alternativo\u00bb","block_context":{"text":"Polo Democr\u00e1tico Alternativo","link":"https:\/\/moir.com.co\/web\/category\/polo-democratico-alternativo\/"},"img":{"alt_text":"","src":"","width":0,"height":0},"classes":[]},{"id":4678,"url":"https:\/\/moir.com.co\/web\/comunicado-a-la-opinion-publica-y-a-las-organizaciones-sociales-defensoras-de-los-derechos-de-la-poblacion-boyacense\/","url_meta":{"origin":670,"position":4},"title":"Comunicado a la opini\u00f3n p\u00fablica y a las organizaciones sociales defensoras de los derechos de la poblaci\u00f3n boyacense","author":"admin","date":"agosto 20, 2010","format":false,"excerpt":"El PDA de Boyac\u00e1 saluda a las organizaciones sociales que desde distintos escenarios trabajan en la defensa de los derechos e intereses de sus comunidades y en la construcci\u00f3n de propuestas de desarrollo socio econ\u00f3mico basadas en la participaci\u00f3n democr\u00e1tica de las comunidades, la soluci\u00f3n de las necesidades reales de\u2026","rel":"","context":"En \u00abPolo Democr\u00e1tico Alternativo\u00bb","block_context":{"text":"Polo Democr\u00e1tico Alternativo","link":"https:\/\/moir.com.co\/web\/category\/polo-democratico-alternativo\/"},"img":{"alt_text":"","src":"","width":0,"height":0},"classes":[]},{"id":7355,"url":"https:\/\/moir.com.co\/web\/avances-en-el-polo-de-la-costa-atlantica\/","url_meta":{"origin":670,"position":5},"title":"Avances en el Polo de la costa atl\u00e1ntica","author":"admin","date":"marzo 11, 2013","format":false,"excerpt":"Se realiz\u00f3 exitosamente el s\u00e1bado 9 de marzo en Barranquilla la primera Asamblea de las Coordinadoras de la Costa Atl\u00e1ntica del Polo Democr\u00e1tico Alternativo que fue presidida por la presidenta del partido y candidata oficial a la presidencia de Colombia, Clara L\u00f3pez Obreg\u00f3n, quien estuvo acompa\u00f1ada en la mesa principal\u2026","rel":"","context":"En \u00abPolo Democr\u00e1tico Alternativo\u00bb","block_context":{"text":"Polo Democr\u00e1tico Alternativo","link":"https:\/\/moir.com.co\/web\/category\/polo-democratico-alternativo\/"},"img":{"alt_text":"","src":"","width":0,"height":0},"classes":[]}],"jetpack_sharing_enabled":true,"_links":{"self":[{"href":"https:\/\/moir.com.co\/web\/wp-json\/wp\/v2\/posts\/670","targetHints":{"allow":["GET"]}}],"collection":[{"href":"https:\/\/moir.com.co\/web\/wp-json\/wp\/v2\/posts"}],"about":[{"href":"https:\/\/moir.com.co\/web\/wp-json\/wp\/v2\/types\/post"}],"author":[{"embeddable":true,"href":"https:\/\/moir.com.co\/web\/wp-json\/wp\/v2\/users\/1"}],"replies":[{"embeddable":true,"href":"https:\/\/moir.com.co\/web\/wp-json\/wp\/v2\/comments?post=670"}],"version-history":[{"count":0,"href":"https:\/\/moir.com.co\/web\/wp-json\/wp\/v2\/posts\/670\/revisions"}],"wp:attachment":[{"href":"https:\/\/moir.com.co\/web\/wp-json\/wp\/v2\/media?parent=670"}],"wp:term":[{"taxonomy":"category","embeddable":true,"href":"https:\/\/moir.com.co\/web\/wp-json\/wp\/v2\/categories?post=670"},{"taxonomy":"post_tag","embeddable":true,"href":"https:\/\/moir.com.co\/web\/wp-json\/wp\/v2\/tags?post=670"}],"curies":[{"name":"wp","href":"https:\/\/api.w.org\/{rel}","templated":true}]}}