{"id":667,"date":"2004-08-11T07:00:00","date_gmt":"2004-08-11T07:00:00","guid":{"rendered":"https:\/\/moir.org.co\/web\/unidad-ante-la-crisis-panelera\/"},"modified":"2004-08-11T07:00:00","modified_gmt":"2004-08-11T07:00:00","slug":"unidad-ante-la-crisis-panelera","status":"publish","type":"post","link":"https:\/\/moir.com.co\/web\/unidad-ante-la-crisis-panelera\/","title":{"rendered":"UNIDAD ANTE LA CRISIS PANELERA"},"content":{"rendered":"<p>Con todo \u00e9xito concluy\u00f3 el Encuentro Nacional Panelero, realizado por la Unidad Panelera en Moniquir\u00e1 (Boyac\u00e1) el mi\u00e9rcoles 23 de junio, que cont\u00f3 con la participaci\u00f3n de 625 delegados de los departamentos de Antioquia, Caldas, Cauca, Tolima y La Hoya del Rio de Su\u00e1rez, que hace parte de los departamentos de Santander y Boyac\u00e1, sede del evento. <\/p>\n<p>El encuentro debati\u00f3 la grave crisis de la producci\u00f3n panelera originada en la ca\u00edda en picada de los precios de compra de la panela al productor en mas de un 50% en los \u00faltimos dos a\u00f1os, debido fundamentalmente a los siguientes factores: la especulaci\u00f3n de los intermediarios que intervienen en la comercializaci\u00f3n; la pr\u00e1ctica ilegal de derretir el az\u00facar para fabricar panela adulterada; el aumento del \u00e1rea sembrada de ca\u00f1a y, por tanto, de panela en el mercado, fen\u00f3meno al que ha contribuido las falsas expectativas creadas por el gobierno con la promesa de construir plantas destiladoras de alcohol carburante en algunas regiones paneleras. <\/p>\n<p>A la asamblea asisti\u00f3 el senador Jorge Enrique Robledo, quien advirti\u00f3 sobre las amenazas de los acuerdos del libre comercio para el sector panelero, por las masivas importaciones de az\u00facar, edulcorantes sint\u00e9ticos y jarabe de ma\u00edz que podr\u00edan dar un puntillazo definitivo a la producci\u00f3n de este alimento b\u00e1sico para millones de colombianos. Por su parte, el obispo de la di\u00f3cesis de Chiquinquir\u00e1, Luis Felipe S\u00e1nchez Aponte, manifest\u00f3 su solidaridad con los ca\u00f1icultores y su disposici\u00f3n a interponer sus buenos oficios para que los reclamos de los paneleros sean escuchados por el alto gobierno. <\/p>\n<p>La reuni\u00f3n concluy\u00f3 aprobando un pliego de exigencias al gobierno nacional, que contiene los siguientes puntos:  <\/p>\n<p>1.     Un precio de sustentaci\u00f3n para la panela;<\/p>\n<p>2.     El cierre de los derretideros ilegales;<\/p>\n<p>3.     El cese de las importaciones de edulcorantes al pa\u00eds;<\/p>\n<p>4.     La oposici\u00f3n al ALCA y al TLC con los Estados Unidos porque amenazan la supervivencia del sector y la defensa de la ley 40 de 1990;<\/p>\n<p>5.     Respaldo estatal con recursos para la tecnificaci\u00f3n del cultivo de ca\u00f1a y los trapiches;<\/p>\n<p>6.     Cese de las falsas promesas acerca del alcohol carburante y el cumplimiento gubernamental a los acuerdos regionales pactados en pasadas protestas. <\/p>\n<p>Estos reclamos ser\u00e1n presentados al gobierno y de su soluci\u00f3n o no, depender\u00e1 el accionar pr\u00f3ximo de los paneleros del pa\u00eds. <\/p>\n<p>Atentamente,<\/p>\n<p>PEDRO NEL CAMARGO ACEVEDO<br \/>\nCoordinador  UNIDAD PANELERA NACIONAL<br \/>\npencamar@yahoo.com <\/p>\n<p>Bucaramanga, Junio 23 de 2004<\/p>\n","protected":false},"excerpt":{"rendered":"<p>Con todo \u00e9xito concluy\u00f3 el Encuentro Nacional Panelero, realizado por la Unidad Panelera en Moniquir\u00e1 (Boyac\u00e1) el mi\u00e9rcoles 23 de junio, que cont\u00f3 con la participaci\u00f3n de 625 delegados de los departamentos de Antioquia, Caldas, Cauca, Tolima y La Hoya del Rio de Su\u00e1rez, que hace parte de los departamentos de Santander y Boyac\u00e1, sede [&hellip;]<\/p>\n","protected":false},"author":1,"featured_media":0,"comment_status":"open","ping_status":"open","sticky":false,"template":"","format":"standard","meta":{"advanced_seo_description":"","jetpack_seo_html_title":"","jetpack_seo_noindex":false,"_jetpack_memberships_contains_paid_content":false,"footnotes":""},"categories":[7],"tags":[],"class_list":["post-667","post","type-post","status-publish","format-standard","hentry","category-pronunciamientos-de-organizaciones-sociales"],"jetpack_featured_media_url":"","jetpack-related-posts":[{"id":662,"url":"https:\/\/moir.com.co\/web\/convocatoria-a-encuentro-nacional-panelero-en-moniquira-boyaca\/","url_meta":{"origin":667,"position":0},"title":"CONVOCATORIA  A ENCUENTRO NACIONAL  PANELERO EN MONIQUIRA (BOYACA)","author":"admin","date":"agosto 11, 2004","format":false,"excerpt":"En atenci\u00f3n a la grave crisis por la que atraviesa el sector a nivel nacional, Unidad Panelera celebr\u00f3 una reuni\u00f3n con el Ministro de Agricultura el pasado 25 de Mayo, que cont\u00f3 con la colaboraci\u00f3n del senador Jorge Enrique Robledo y con la asistencia de delegados de Cundinamarca, Caldas y\u2026","rel":"","context":"En \u00abPronunciamientos de Organizaciones Sociales\u00bb","block_context":{"text":"Pronunciamientos de Organizaciones Sociales","link":"https:\/\/moir.com.co\/web\/category\/pronunciamientos-de-organizaciones-sociales\/"},"img":{"alt_text":"","src":"","width":0,"height":0},"classes":[]},{"id":19923,"url":"https:\/\/moir.com.co\/web\/el-primer-congreso-nacional-panelero-creada-unidad-panelera-nacional\/","url_meta":{"origin":667,"position":1},"title":"El primer Congreso Nacional Panelero: CREADA UNIDAD PANELERA NACIONAL","author":"admin","date":"agosto 10, 2004","format":false,"excerpt":"Pedro Nel Camargo Acevedo El Congreso Panelero Nacional celebrado en Moniquir\u00e1, Boyac\u00e1, el pasado 25 de marzo constituy\u00f3 la primera gran victoria de los productores de este importante sector del agro Colombiano. A la espl\u00e9ndida reuni\u00f3n concurrieron mil delegados de 74 municipios pertenecientes a diez departamentos y un sinn\u00famero de\u2026","rel":"","context":"En \u00abTribuna Roja N\u00ba 80, abril 27 de 2000\u00bb","block_context":{"text":"Tribuna Roja N\u00ba 80, abril 27 de 2000","link":"https:\/\/moir.com.co\/web\/category\/tribuna-roja\/ediciones-2000-2004\/tribuna-roja-no-80-abril-27-de-2000\/"},"img":{"alt_text":"","src":"","width":0,"height":0},"classes":[]},{"id":416,"url":"https:\/\/moir.com.co\/web\/la-junta-directiva-nacional-ampliada-de-unidad-panelera-reunida-en-bogota-el-3-de-mayo-de-2002-con-la-presencia-de-cincuenta\/","url_meta":{"origin":667,"position":2},"title":"LA JUNTA DIRECTIVA NACIONAL AMPLIADA DE UNIDAD PANELERA, REUNIDA EN BOGOT\u00c1 EL 3 DE MAYO DE 2002, CON LA PRESENCIA DE CINCUENTA","author":"admin","date":"agosto 8, 2004","format":false,"excerpt":"Bogot\u00e1, mayo 3 de 2002 LA JUNTA DIRECTIVA NACIONAL AMPLIADA DE UNIDAD PANELERA, REUNIDA EN BOGOT\u00c1 EL 3 DE MAYO DE 2002, CON LA PRESENCIA DE CINCUENTA DELEGADOS DE OCHO DEPARTAMENTOS DEL PA\u00cdS, Y TENIENDO EN CUENTA: Que varios de los grandes ingenios del Valle y del Cauca, en asocio\u2026","rel":"","context":"En \u00abPronunciamientos de Organizaciones Sociales\u00bb","block_context":{"text":"Pronunciamientos de Organizaciones Sociales","link":"https:\/\/moir.com.co\/web\/category\/pronunciamientos-de-organizaciones-sociales\/"},"img":{"alt_text":"","src":"","width":0,"height":0},"classes":[]},{"id":660,"url":"https:\/\/moir.com.co\/web\/la-grave-crisis-de-la-produccion-panelera\/","url_meta":{"origin":667,"position":3},"title":"LA GRAVE CRISIS DE LA PRODUCCI\u00d3N PANELERA","author":"admin","date":"agosto 11, 2004","format":false,"excerpt":"El ministro de Agricultura recibi\u00f3 a la direcci\u00f3n nacional de Unidad Panelera el pasado martes 25 de mayo para tratar la crisis de la producci\u00f3n panelera. Asisti\u00f3 el senador Jorge Enrique Robledo; el coordinador nacional de Unidad Panelera, Pedro Camargo; el coordinador de Unidad Panelera de Cundinamarca, Jos\u00e9 Fernando Ocampo;\u2026","rel":"","context":"En \u00abPronunciamientos de Organizaciones Sociales\u00bb","block_context":{"text":"Pronunciamientos de Organizaciones Sociales","link":"https:\/\/moir.com.co\/web\/category\/pronunciamientos-de-organizaciones-sociales\/"},"img":{"alt_text":"","src":"","width":0,"height":0},"classes":[]},{"id":19897,"url":"https:\/\/moir.com.co\/web\/exitosa-marcha-panelera\/","url_meta":{"origin":667,"position":4},"title":"EXITOSA MARCHA PANELERA","author":"admin","date":"agosto 10, 2004","format":false,"excerpt":"Por Jos\u00e9 Fernando Ocampo, coordinador de Unidad Panelera en Cundinamarca Diez mil paneleros de todo el pa\u00eds marcharon por la Carrera S\u00e9ptima de Bogot\u00e1 hasta el Ministerio de Agricultura para defender la producci\u00f3n de panela. Productores de municipios de la Hoya del R\u00edo Su\u00e1rez en Boyac\u00e1 y Santander, como Santa\u2026","rel":"","context":"En \u00abJos\u00e9 Fernando Ocampo\u00bb","block_context":{"text":"Jos\u00e9 Fernando Ocampo","link":"https:\/\/moir.com.co\/web\/category\/bitacoras\/jose-fernando-ocampo\/"},"img":{"alt_text":"","src":"","width":0,"height":0},"classes":[]},{"id":22473,"url":"https:\/\/moir.com.co\/web\/la-panelada-y-la-quiebra-de-los-paneleros%ef%bf%bc\/","url_meta":{"origin":667,"position":5},"title":"\u201cLa \u2018panelada\u2019 y la quiebra de los paneleros\u201d\ufffc","author":"admin","date":"agosto 4, 2022","format":false,"excerpt":"\u201cLa \u2018panelada\u2019 y la quiebra de los paneleros\u201d Compartir publicaci\u00f3n Jos\u00e9 Arlex Arias, Cartagena, julio 25 de 2022Nuevamente los productores agropecuarios colombianos se ven precisados a trasladar sus herramientas de trabajo a las plazas p\u00fablicas y carreteras de todo el pa\u00eds para exigirle al Gobierno nacional mejores garant\u00edas para desarrollar\u2026","rel":"","context":"En \u00abAgro\u00bb","block_context":{"text":"Agro","link":"https:\/\/moir.com.co\/web\/category\/temas\/agro\/"},"img":{"alt_text":"","src":"https:\/\/i0.wp.com\/moir.com.co\/web\/wp-content\/uploads\/2022\/08\/panelaproduccion.jpg?fit=1200%2C900&ssl=1&resize=350%2C200","width":350,"height":200,"srcset":"https:\/\/i0.wp.com\/moir.com.co\/web\/wp-content\/uploads\/2022\/08\/panelaproduccion.jpg?fit=1200%2C900&ssl=1&resize=350%2C200 1x, https:\/\/i0.wp.com\/moir.com.co\/web\/wp-content\/uploads\/2022\/08\/panelaproduccion.jpg?fit=1200%2C900&ssl=1&resize=525%2C300 1.5x, https:\/\/i0.wp.com\/moir.com.co\/web\/wp-content\/uploads\/2022\/08\/panelaproduccion.jpg?fit=1200%2C900&ssl=1&resize=700%2C400 2x, https:\/\/i0.wp.com\/moir.com.co\/web\/wp-content\/uploads\/2022\/08\/panelaproduccion.jpg?fit=1200%2C900&ssl=1&resize=1050%2C600 3x"},"classes":[]}],"jetpack_sharing_enabled":true,"_links":{"self":[{"href":"https:\/\/moir.com.co\/web\/wp-json\/wp\/v2\/posts\/667","targetHints":{"allow":["GET"]}}],"collection":[{"href":"https:\/\/moir.com.co\/web\/wp-json\/wp\/v2\/posts"}],"about":[{"href":"https:\/\/moir.com.co\/web\/wp-json\/wp\/v2\/types\/post"}],"author":[{"embeddable":true,"href":"https:\/\/moir.com.co\/web\/wp-json\/wp\/v2\/users\/1"}],"replies":[{"embeddable":true,"href":"https:\/\/moir.com.co\/web\/wp-json\/wp\/v2\/comments?post=667"}],"version-history":[{"count":0,"href":"https:\/\/moir.com.co\/web\/wp-json\/wp\/v2\/posts\/667\/revisions"}],"wp:attachment":[{"href":"https:\/\/moir.com.co\/web\/wp-json\/wp\/v2\/media?parent=667"}],"wp:term":[{"taxonomy":"category","embeddable":true,"href":"https:\/\/moir.com.co\/web\/wp-json\/wp\/v2\/categories?post=667"},{"taxonomy":"post_tag","embeddable":true,"href":"https:\/\/moir.com.co\/web\/wp-json\/wp\/v2\/tags?post=667"}],"curies":[{"name":"wp","href":"https:\/\/api.w.org\/{rel}","templated":true}]}}