{"id":666,"date":"2004-08-11T07:00:00","date_gmt":"2004-08-11T07:00:00","guid":{"rendered":"https:\/\/moir.org.co\/web\/unidad-cafetera-se-une-al-rechazo-de-la-fumigacion-con-glifosato-a-la-sierra-nevada-de-santa-marta\/"},"modified":"2004-08-11T07:00:00","modified_gmt":"2004-08-11T07:00:00","slug":"unidad-cafetera-se-une-al-rechazo-de-la-fumigacion-con-glifosato-a-la-sierra-nevada-de-santa-marta","status":"publish","type":"post","link":"https:\/\/moir.com.co\/web\/unidad-cafetera-se-une-al-rechazo-de-la-fumigacion-con-glifosato-a-la-sierra-nevada-de-santa-marta\/","title":{"rendered":"UNIDAD CAFETERA SE UNE AL RECHAZO  DE LA FUMIGACI\u00d3N CON GLIFOSATO A LA SIERRA NEVADA DE SANTA MARTA"},"content":{"rendered":"<p>El Gobierno Nacional ha venido anunciando que en los primeros d\u00edas del mes de julio proceder\u00e1 a realizar fumigaciones a\u00e9reas con glifosato sobre la Sierra Nevada de Santa Marta, lo cual ha ocasionado protestas justas de los habitantes rurales de esa regi\u00f3n que por esa decisi\u00f3n sufrir\u00edan graves consecuencias.<\/p>\n<p>Cuando las autoridades del Ministerio del Medio Ambiente informaron al pa\u00eds -hace pocos meses- que los parques naturales nacionales ser\u00edan fumigados, llovieron opiniones de inconformidad procedentes de los m\u00e1s diversos sectores sociales, acad\u00e9micos, cient\u00edficos, pol\u00edticos y ambientalistas ante  las calamidades que causar\u00eda tal disposici\u00f3n al deteriorar la ya comprometida situaci\u00f3n de salud de  campesinos e ind\u00edgenas, da\u00f1ar a los animales dom\u00e9sticos y devastar los cultivos de pan coger al igual que la rica biodiversidad de estos lugares catalogados como santuarios naturales. Adem\u00e1s ocasiona desplazamientos humanos y con ellos mayores problemas sociales. En ese sentido se ha pronunciado hasta la propia Defensor\u00eda del Pueblo.<\/p>\n<p>Trat\u00e1ndose en este caso de la Sierra Nevada de Santa Marta, la asolaci\u00f3n ser\u00eda a\u00fan m\u00e1s irreparable por cuanto all\u00ed varias generaciones de productores han realizado durante d\u00e9cadas ingentes esfuerzos para desarrollar la producci\u00f3n org\u00e1nica de caf\u00e9, cacao y otros productos, llegando a exportar bienes refinados de muy buena aceptaci\u00f3n. De llegarse a presentar dicha fumigaci\u00f3n, esta producci\u00f3n quedar\u00eda estigmatizada a nivel internacional y los da\u00f1os en sus cotizaciones mundiales ser\u00edan inmensos, deprimiendo el ingreso  campesino e ind\u00edgena que se deriva de la venta de dichos g\u00e9neros.   <\/p>\n<p>Por estas justas razones, Unidad Cafetera Nacional ha planteado en diferentes escenarios del pa\u00eds su oposici\u00f3n a este m\u00e9todo nocivo de supuesto control de actividades ilegales que ha demostrado tanto su iniquidad como ineficacia. Si el gobierno adopta como prop\u00f3sito contrarrestar tales actividades no debe ce\u00f1irse servilmente a los m\u00e9todos que para hacerlo le ordenan desde Estados Unidos, sino que ha de hallar una soluci\u00f3n democr\u00e1tica  acordada con la poblaci\u00f3n. <\/p>\n<p>Aurelio Su\u00e1rez Montoya<br \/>\nPresidente Nacional<br \/>\nUNIDAD CAFETERA NACIONAL<\/p>\n","protected":false},"excerpt":{"rendered":"<p>El Gobierno Nacional ha venido anunciando que en los primeros d\u00edas del mes de julio proceder\u00e1 a realizar fumigaciones a\u00e9reas con glifosato sobre la Sierra Nevada de Santa Marta, lo cual ha ocasionado protestas justas de los habitantes rurales de esa regi\u00f3n que por esa decisi\u00f3n sufrir\u00edan graves consecuencias. Cuando las autoridades del Ministerio del [&hellip;]<\/p>\n","protected":false},"author":1,"featured_media":0,"comment_status":"open","ping_status":"open","sticky":false,"template":"","format":"standard","meta":{"advanced_seo_description":"","jetpack_seo_html_title":"","jetpack_seo_noindex":false,"_jetpack_memberships_contains_paid_content":false,"footnotes":""},"categories":[7],"tags":[],"class_list":["post-666","post","type-post","status-publish","format-standard","hentry","category-pronunciamientos-de-organizaciones-sociales"],"jetpack_featured_media_url":"","jetpack-related-posts":[{"id":633,"url":"https:\/\/moir.com.co\/web\/movilizacion-en-rechazo-al-tratado-de-libre-comercio-al-alca-y-a-las-fumigaciones-en-la-sierra-nevada\/","url_meta":{"origin":666,"position":0},"title":"MOVILIZACI\u00d3N EN RECHAZO AL TRATADO DE LIBRE COMERCIO, AL ALCA Y A LAS FUMIGACIONES EN LA SIERRA NEVADA","author":"admin","date":"agosto 11, 2004","format":false,"excerpt":"La Red Colombiana de Acci\u00f3n Frente al Tratado de Libre Comercio y el Alca (Recalca), cap\u00edtulo Magdalena, acogiendo el Llamamiento de Los Andes y la Declaraci\u00f3n de Quito aprobados por centenares de organizaciones sociales, gremiales, sindicales, productivas, agropecuarias, ambientalistas, ONGs de Colombia, Ecuador, Per\u00fa y Bolivia, convoca a las fuerzas\u2026","rel":"","context":"En \u00abPronunciamientos de Organizaciones Sociales\u00bb","block_context":{"text":"Pronunciamientos de Organizaciones Sociales","link":"https:\/\/moir.com.co\/web\/category\/pronunciamientos-de-organizaciones-sociales\/"},"img":{"alt_text":"","src":"","width":0,"height":0},"classes":[]},{"id":8418,"url":"https:\/\/moir.com.co\/web\/centenares-de-caficultores-de-la-sierra-nevada-de-santa-marta-marcharon-en-cienaga-magdalena\/","url_meta":{"origin":666,"position":1},"title":"Centenares de caficultores de la Sierra Nevada de Santa Marta marcharon en Ci\u00e9naga, Magdalena","author":"admin","date":"mayo 5, 2014","format":false,"excerpt":"Al cumplirse la primera semana de paro nacional agrario, este lunes 5 de mayo los caficultores de la Sierra Nevada de Santa Marta, de los corregimientos cienagueros de Palmor, San Javier, San Pedro de la Sierra, Siberia y Cordobita, marcharon de manera entusiasta por la Troncal del Caribe en el\u2026","rel":"","context":"En \u00abPronunciamientos de Organizaciones Sociales\u00bb","block_context":{"text":"Pronunciamientos de Organizaciones Sociales","link":"https:\/\/moir.com.co\/web\/category\/pronunciamientos-de-organizaciones-sociales\/"},"img":{"alt_text":"","src":"","width":0,"height":0},"classes":[]},{"id":13909,"url":"https:\/\/moir.com.co\/web\/en-defensa-del-agua-y-el-territorio-todos-unidos-por-la-sierra-nevada-de-santa-marta\/","url_meta":{"origin":666,"position":2},"title":"En defensa del agua y el territorio: todos unidos por la Sierra Nevada de Santa Marta","author":"admin","date":"noviembre 22, 2017","format":false,"excerpt":"Fabio Andr\u00e9s Pinto, Valledupar, noviembre 21 de 2017 Hace veinte d\u00edas, inici\u00f3 en Valledupar la movilizaci\u00f3n del pueblo Arhuaco quienes le exigen al gobierno nacional el cumplimiento de los acuerdos suscritos y denuncian el peligro que supone para la Sierra Nevada de Santa Marta (SNSM) la solicitud, el tr\u00e1mite y\u2026","rel":"","context":"En \u00abAgro\u00bb","block_context":{"text":"Agro","link":"https:\/\/moir.com.co\/web\/category\/temas\/agro\/"},"img":{"alt_text":"","src":"https:\/\/i0.wp.com\/moir.com.co\/web\/wp-content\/uploads\/2017\/11\/sierranevadasantamarta2.jpg?fit=440%2C248&ssl=1&resize=350%2C200","width":350,"height":200},"classes":[]},{"id":13934,"url":"https:\/\/moir.com.co\/web\/las-justas-peticiones-de-los-pueblos-indigenas-de-la-sierra-nevada-de-santa-marta-deben-ser-atendidas\/","url_meta":{"origin":666,"position":3},"title":"Las justas peticiones de los pueblos ind\u00edgenas de la Sierra Nevada de Santa Marta deben ser atendidas","author":"admin","date":"noviembre 23, 2017","format":false,"excerpt":"Oficina de prensa del senador y candidato presidencial del Polo Jorge Enrique Robledo, Bogot\u00e1, noviembre 23 de 2017 Completan tres semanas movilizados los pueblos ind\u00edgenas Arhuaco, Wiwa, Koguis y Kankuamos, todos habitantes desde hace siglos de la Sierra Nevada de Santa Marta. Bogot\u00e1 D.C, 23 de noviembre de 2017 \u00a0\u2026","rel":"","context":"En \u00abAgro\u00bb","block_context":{"text":"Agro","link":"https:\/\/moir.com.co\/web\/category\/temas\/agro\/"},"img":{"alt_text":"","src":"https:\/\/i0.wp.com\/moir.com.co\/web\/wp-content\/uploads\/2017\/11\/arhuacosrobledo.png?fit=494%2C329&ssl=1&resize=350%2C200","width":350,"height":200},"classes":[]},{"id":19572,"url":"https:\/\/moir.com.co\/web\/paralizada-troncal-del-caribe\/","url_meta":{"origin":666,"position":4},"title":"PARALIZADA TRONCAL DEL CARIBE","author":"admin","date":"julio 28, 2004","format":false,"excerpt":"Norman Alarc\u00f3n En el sitio La Frutera, a un kil\u00f3metro del casco urbano de Ci\u00e9naga, confluyeron el 15 de abril m\u00e1s de ochocientos manifestantes que coparon la v\u00eda m\u00e1s importante de la Costa Atl\u00e1ntica, atendiendo la convocatoria de Recalca y el Comando Unitario del Magdalena. Eran trabajadores y pensionados, maestros,\u2026","rel":"","context":"En \u00abTribuna Roja N\u00ba 95; abril 27 de 2004\u00bb","block_context":{"text":"Tribuna Roja N\u00ba 95; abril 27 de 2004","link":"https:\/\/moir.com.co\/web\/category\/tribuna-roja\/ediciones-2000-2004\/tribuna-roja-no-95-abril-27-de-2004\/"},"img":{"alt_text":"","src":"","width":0,"height":0},"classes":[]},{"id":479,"url":"https:\/\/moir.com.co\/web\/unidad-contra-la-lluvia-de-glifosato\/","url_meta":{"origin":666,"position":5},"title":"UNIDAD CONTRA LA &#8220;LLUVIA DE GLIFOSATO&#8221;","author":"admin","date":"agosto 9, 2004","format":false,"excerpt":"Unidad Cafetera Nacional, Pereira, febrero 13 de 2003 Dos d\u00edas antes de la venida al pa\u00eds del Secretario de Estado norteamericano, Collin Powell, en el marco de LXII Congreso Nacional Cafetero, el Presidente Alvaro Uribe V\u00e9lez anunci\u00f3 a los delegados a ese evento que las regiones de la zona cafetera\u2026","rel":"","context":"En \u00abPronunciamientos de Organizaciones Sociales\u00bb","block_context":{"text":"Pronunciamientos de Organizaciones Sociales","link":"https:\/\/moir.com.co\/web\/category\/pronunciamientos-de-organizaciones-sociales\/"},"img":{"alt_text":"","src":"","width":0,"height":0},"classes":[]}],"jetpack_sharing_enabled":true,"_links":{"self":[{"href":"https:\/\/moir.com.co\/web\/wp-json\/wp\/v2\/posts\/666","targetHints":{"allow":["GET"]}}],"collection":[{"href":"https:\/\/moir.com.co\/web\/wp-json\/wp\/v2\/posts"}],"about":[{"href":"https:\/\/moir.com.co\/web\/wp-json\/wp\/v2\/types\/post"}],"author":[{"embeddable":true,"href":"https:\/\/moir.com.co\/web\/wp-json\/wp\/v2\/users\/1"}],"replies":[{"embeddable":true,"href":"https:\/\/moir.com.co\/web\/wp-json\/wp\/v2\/comments?post=666"}],"version-history":[{"count":0,"href":"https:\/\/moir.com.co\/web\/wp-json\/wp\/v2\/posts\/666\/revisions"}],"wp:attachment":[{"href":"https:\/\/moir.com.co\/web\/wp-json\/wp\/v2\/media?parent=666"}],"wp:term":[{"taxonomy":"category","embeddable":true,"href":"https:\/\/moir.com.co\/web\/wp-json\/wp\/v2\/categories?post=666"},{"taxonomy":"post_tag","embeddable":true,"href":"https:\/\/moir.com.co\/web\/wp-json\/wp\/v2\/tags?post=666"}],"curies":[{"name":"wp","href":"https:\/\/api.w.org\/{rel}","templated":true}]}}