{"id":665,"date":"2004-08-11T07:00:00","date_gmt":"2004-08-11T07:00:00","guid":{"rendered":"https:\/\/moir.org.co\/web\/llamamiento-de-unidad-panelera-a-los-paneleros-de-colombia-en-la-peor-crisis-de-su-historia-reciente\/"},"modified":"2004-08-11T07:00:00","modified_gmt":"2004-08-11T07:00:00","slug":"llamamiento-de-unidad-panelera-a-los-paneleros-de-colombia-en-la-peor-crisis-de-su-historia-reciente","status":"publish","type":"post","link":"https:\/\/moir.com.co\/web\/llamamiento-de-unidad-panelera-a-los-paneleros-de-colombia-en-la-peor-crisis-de-su-historia-reciente\/","title":{"rendered":"LLAMAMIENTO DE UNIDAD PANELERA A LOS PANELEROS DE COLOMBIA EN LA PEOR CRISIS DE SU HISTORIA RECIENTE"},"content":{"rendered":"<p>Unidad Panelera Nacional, Moniquir\u00e1, junio 23 de 2004<\/p>\n<p>Los precios de compra de la panela al productor han ca\u00eddo hasta el 50% con relaci\u00f3n a los de comienzos de 2003, causando una grav\u00edsima crisis que amenaza con eliminar 70 mil peque\u00f1as y medianas unidades agr\u00edcolas, 27 mil trapiches artesanales y 250 mil hect\u00e1reas de ca\u00f1a panelera, y con arruinar a 350 mil familias que subsisten del laboreo de la panela en 236 municipios de Colombia donde se desarrolla esta agroindustria principalmente de econom\u00eda campesina.<\/p>\n<p>Los bajos precios se deben a una serie de factores como la larga cadena de intermediarios que intervienen en su comercializaci\u00f3n, que reducen los precios al productor y los aumentan al consumidor; la inveterada pr\u00e1ctica ilegal de los \u201cderretideros\u201d de az\u00facar y mieles que fabrican panela adulterada, el aumento del \u00e1rea cultivada de ca\u00f1a panelera en 60 mil hect\u00e1reas en los \u00faltimos diez a\u00f1os, que introdujo al mercado nacional 400 mil toneladas adicionales, de las cuales no se alcanza a exportar ni el 1%, las importaciones de mieles y panela y la disminuci\u00f3n de la demanda.<\/p>\n<p>En tan dram\u00e1ticas circunstancias, el gobierno, de manera irresponsable y demag\u00f3gica, se ha dedicado a crear falsas expectativas de soluci\u00f3n con la construcci\u00f3n, en algunas regiones paneleras, de plantas destiladoras de alcohol carburante que dar\u00edan ocupaci\u00f3n a parte de las ca\u00f1as hoy sembradas en abundancia. El alto monto de las inversiones necesarias para este negocio impide que los empobrecidos paneleros puedan acometerlas por s\u00ed solos mientras es claro que todas las disposiciones reglamentarias del gobierno nacional en ese sentido se orientan a favorecer a los potentados industriales azucareros con subsidios estatales destinados a garantizar la producci\u00f3n de etanol a partir de Septiembre de 2005 y los cuales pueden valer m\u00e1s de 40 millones de d\u00f3lares.<\/p>\n<p>Adem\u00e1s de la crisis y de las vanas promesas gubernamentales, los acuerdos de libre comercio, como el ALCA y el Tratado Bilateral con los Estados Unidos, cuyas negociaciones se est\u00e1n adelantando, as\u00ed como el tratado firmado entre la Comunidad Andina y el MERCOSUR, permiten prever un horizonte de futuras masivas importaciones de az\u00facar, edulcorantes sint\u00e9ticos, jarabe de ma\u00edz y panela que se sumar\u00e1n al contrabando y a las importaciones ya existentes, constituy\u00e9ndose un oscuro panorama para la producci\u00f3n nacional de este producto, el segundo en generaci\u00f3n de empleo rural despu\u00e9s del caf\u00e9. Lo anterior se suma a los viejos problemas de atraso tecnol\u00f3gico y productivo, carencia de asistencia t\u00e9cnica, deficiente estructura de transporte y comunicaciones en las zonas productoras, falta de cr\u00e9dito y pobreza end\u00e9mica de todas las regiones donde se desarrolla este cultivo y la fabricaci\u00f3n en trapiches.<\/p>\n<p>Esta espantosa crisis amerita una respuesta de lucha que una a cultivadores, aparceros, jornaleros y comerciantes; a las regiones productoras y a todas las organizaciones e instituciones del sector en torno a los puntos m\u00ednimos que deben exigirse al gobierno como base de una pol\u00edtica sectorial consecuente. Estos puntos son:<\/p>\n<p>-Un precio de sustentaci\u00f3n, remunerativo y estable que debe resultar del promedio de los costos de los diversos contextos regionales y socioecon\u00f3micos donde se produce este alimento.<\/p>\n<p>&#8211; El cierre de los \u201cderretideros\u201d de az\u00facar conforme lo exige la ley. De lo contrario, proceder a entablar todas las acciones legales y las movilizaciones de masas que garanticen su cumplimiento.<\/p>\n<p>&#8211; El cese de las importaciones de edulcorantes al pa\u00eds, en particular de az\u00facar, mieles y panela, jarabe de ma\u00edz y otros que afecten la producci\u00f3n nacional.<\/p>\n<p>-Oposici\u00f3n al ALCA y al TLC con los Estados Unidos, porque amenazan la supervivencia de la producci\u00f3n nacional de edulcorantes y exigir al gobierno nacional que en cualquier circunstancia se mantenga la vigencia de la ley de fomento panelero o ley 40 de 1990.<\/p>\n<p>&#8211; Que as\u00ed como se va a hacer con la industria azucarera, al subsidiarla con 40 millones de d\u00f3lares anuales en exenciones tributarias para la producci\u00f3n de etanol, se destinen al menos cantidades equivalentes para respaldar la tecnificaci\u00f3n del cultivo de ca\u00f1a panelera, el mejoramiento tecnol\u00f3gico de los trapiches, la construcci\u00f3n de infraestructura vial en las regiones productoras y la provisi\u00f3n de cr\u00e9dito oportuno y barato.<\/p>\n<p>&#8211; El cese de las falsas promesas en torno a los proyectos de elaboraci\u00f3n de alcohol carburante a fin de que ellas no se sigan impulsando nuevas siembras.<\/p>\n<p>&#8211; Que el Gobierno respete y cumpla los acuerdos regionales celebrados con los paneleros como fruto de los paros y jornadas de resistencia durante los \u00faltimos a\u00f1os.<\/p>\n<p>UNIDAD PANELERA pone a consideraci\u00f3n de todos los paneleros colombianos, sin distingo, este programa de salvaci\u00f3n del sector, que ser\u00e1 la base de nuestras relaciones con las dem\u00e1s organizaciones agrarias y, en particular, con todos los cultivadores de ca\u00f1a, que se presentar\u00e1 oportunamente al gobierno nacional y a los gobiernos regionales como eje de nuestra lucha por defender el derecho a producir y a trabajar y sobrevivir en una patria soberana. <\/p>\n","protected":false},"excerpt":{"rendered":"<p>Unidad Panelera Nacional, Moniquir\u00e1, junio 23 de 2004 Los precios de compra de la panela al productor han ca\u00eddo hasta el 50% con relaci\u00f3n a los de comienzos de 2003, causando una grav\u00edsima crisis que amenaza con eliminar 70 mil peque\u00f1as y medianas unidades agr\u00edcolas, 27 mil trapiches artesanales y 250 mil hect\u00e1reas de ca\u00f1a [&hellip;]<\/p>\n","protected":false},"author":1,"featured_media":0,"comment_status":"open","ping_status":"open","sticky":false,"template":"","format":"standard","meta":{"advanced_seo_description":"","jetpack_seo_html_title":"","jetpack_seo_noindex":false,"_jetpack_memberships_contains_paid_content":false,"footnotes":""},"categories":[7],"tags":[],"class_list":["post-665","post","type-post","status-publish","format-standard","hentry","category-pronunciamientos-de-organizaciones-sociales"],"jetpack_featured_media_url":"","jetpack-related-posts":[{"id":21258,"url":"https:\/\/moir.com.co\/web\/paneleros-merecen-un-lugar-dajo-el-cielo-de-colombia\/","url_meta":{"origin":665,"position":0},"title":"PANELEROS MERECEN UN LUGAR DAJO EL CIELO DE COLOMBIA","author":"admin","date":"febrero 15, 2009","format":false,"excerpt":"Transcurrido a\u00f1o y medio desde la constituci\u00f3n de Unidad Panelera en Moniquir\u00e1, la suerte de los cultivadores de ca\u00f1a y procesadores de panela sigue amenazada por la pol\u00edtica impuesta por Estados Unidos y acogida por los \u00faltimos gobiernos. En panela, Colombia ocupa el segundo lugar, despu\u00e9s de la India, entre\u2026","rel":"","context":"En \u00abINTERVENCIONES EN EL CONGRESO NACIONAL AGROPECUARIO\u00bb","block_context":{"text":"INTERVENCIONES EN EL CONGRESO NACIONAL AGROPECUARIO","link":"https:\/\/moir.com.co\/web\/category\/temas\/agro\/intervenciones-en-el-congreso-nacional-agropecuario\/"},"img":{"alt_text":"","src":"","width":0,"height":0},"classes":[]},{"id":19897,"url":"https:\/\/moir.com.co\/web\/exitosa-marcha-panelera\/","url_meta":{"origin":665,"position":1},"title":"EXITOSA MARCHA PANELERA","author":"admin","date":"agosto 10, 2004","format":false,"excerpt":"Por Jos\u00e9 Fernando Ocampo, coordinador de Unidad Panelera en Cundinamarca Diez mil paneleros de todo el pa\u00eds marcharon por la Carrera S\u00e9ptima de Bogot\u00e1 hasta el Ministerio de Agricultura para defender la producci\u00f3n de panela. Productores de municipios de la Hoya del R\u00edo Su\u00e1rez en Boyac\u00e1 y Santander, como Santa\u2026","rel":"","context":"En \u00abJos\u00e9 Fernando Ocampo\u00bb","block_context":{"text":"Jos\u00e9 Fernando Ocampo","link":"https:\/\/moir.com.co\/web\/category\/bitacoras\/jose-fernando-ocampo\/"},"img":{"alt_text":"","src":"","width":0,"height":0},"classes":[]},{"id":19923,"url":"https:\/\/moir.com.co\/web\/el-primer-congreso-nacional-panelero-creada-unidad-panelera-nacional\/","url_meta":{"origin":665,"position":2},"title":"El primer Congreso Nacional Panelero: CREADA UNIDAD PANELERA NACIONAL","author":"admin","date":"agosto 10, 2004","format":false,"excerpt":"Pedro Nel Camargo Acevedo El Congreso Panelero Nacional celebrado en Moniquir\u00e1, Boyac\u00e1, el pasado 25 de marzo constituy\u00f3 la primera gran victoria de los productores de este importante sector del agro Colombiano. A la espl\u00e9ndida reuni\u00f3n concurrieron mil delegados de 74 municipios pertenecientes a diez departamentos y un sinn\u00famero de\u2026","rel":"","context":"En \u00abTribuna Roja N\u00ba 80, abril 27 de 2000\u00bb","block_context":{"text":"Tribuna Roja N\u00ba 80, abril 27 de 2000","link":"https:\/\/moir.com.co\/web\/category\/tribuna-roja\/ediciones-2000-2004\/tribuna-roja-no-80-abril-27-de-2000\/"},"img":{"alt_text":"","src":"","width":0,"height":0},"classes":[]},{"id":660,"url":"https:\/\/moir.com.co\/web\/la-grave-crisis-de-la-produccion-panelera\/","url_meta":{"origin":665,"position":3},"title":"LA GRAVE CRISIS DE LA PRODUCCI\u00d3N PANELERA","author":"admin","date":"agosto 11, 2004","format":false,"excerpt":"El ministro de Agricultura recibi\u00f3 a la direcci\u00f3n nacional de Unidad Panelera el pasado martes 25 de mayo para tratar la crisis de la producci\u00f3n panelera. Asisti\u00f3 el senador Jorge Enrique Robledo; el coordinador nacional de Unidad Panelera, Pedro Camargo; el coordinador de Unidad Panelera de Cundinamarca, Jos\u00e9 Fernando Ocampo;\u2026","rel":"","context":"En \u00abPronunciamientos de Organizaciones Sociales\u00bb","block_context":{"text":"Pronunciamientos de Organizaciones Sociales","link":"https:\/\/moir.com.co\/web\/category\/pronunciamientos-de-organizaciones-sociales\/"},"img":{"alt_text":"","src":"","width":0,"height":0},"classes":[]},{"id":533,"url":"https:\/\/moir.com.co\/web\/la-supresion-del-iva-a-la-panela-otro-triunfo-de-los-paneleros\/","url_meta":{"origin":665,"position":4},"title":"LA SUPRESI\u00d3N DEL IVA A LA PANELA: OTRO TRIUNFO DE LOS PANELEROS","author":"admin","date":"agosto 10, 2004","format":false,"excerpt":"Unidad Panelera Nacional, julio 3 de 2003 Cuando los paneleros a\u00fan celebraban el resonante triunfo sobre el ingenio industrial panelero de Padilla por la negaci\u00f3n a la licencia que permit\u00eda su funcionamiento, fueron sorprendidos con la aprobaci\u00f3n del IVA de 7% a la panela en la reforma tributaria (Ley 788\u2026","rel":"","context":"En \u00abPronunciamientos de Organizaciones Sociales\u00bb","block_context":{"text":"Pronunciamientos de Organizaciones Sociales","link":"https:\/\/moir.com.co\/web\/category\/pronunciamientos-de-organizaciones-sociales\/"},"img":{"alt_text":"","src":"","width":0,"height":0},"classes":[]},{"id":416,"url":"https:\/\/moir.com.co\/web\/la-junta-directiva-nacional-ampliada-de-unidad-panelera-reunida-en-bogota-el-3-de-mayo-de-2002-con-la-presencia-de-cincuenta\/","url_meta":{"origin":665,"position":5},"title":"LA JUNTA DIRECTIVA NACIONAL AMPLIADA DE UNIDAD PANELERA, REUNIDA EN BOGOT\u00c1 EL 3 DE MAYO DE 2002, CON LA PRESENCIA DE CINCUENTA","author":"admin","date":"agosto 8, 2004","format":false,"excerpt":"Bogot\u00e1, mayo 3 de 2002 LA JUNTA DIRECTIVA NACIONAL AMPLIADA DE UNIDAD PANELERA, REUNIDA EN BOGOT\u00c1 EL 3 DE MAYO DE 2002, CON LA PRESENCIA DE CINCUENTA DELEGADOS DE OCHO DEPARTAMENTOS DEL PA\u00cdS, Y TENIENDO EN CUENTA: Que varios de los grandes ingenios del Valle y del Cauca, en asocio\u2026","rel":"","context":"En \u00abPronunciamientos de Organizaciones Sociales\u00bb","block_context":{"text":"Pronunciamientos de Organizaciones Sociales","link":"https:\/\/moir.com.co\/web\/category\/pronunciamientos-de-organizaciones-sociales\/"},"img":{"alt_text":"","src":"","width":0,"height":0},"classes":[]}],"jetpack_sharing_enabled":true,"_links":{"self":[{"href":"https:\/\/moir.com.co\/web\/wp-json\/wp\/v2\/posts\/665","targetHints":{"allow":["GET"]}}],"collection":[{"href":"https:\/\/moir.com.co\/web\/wp-json\/wp\/v2\/posts"}],"about":[{"href":"https:\/\/moir.com.co\/web\/wp-json\/wp\/v2\/types\/post"}],"author":[{"embeddable":true,"href":"https:\/\/moir.com.co\/web\/wp-json\/wp\/v2\/users\/1"}],"replies":[{"embeddable":true,"href":"https:\/\/moir.com.co\/web\/wp-json\/wp\/v2\/comments?post=665"}],"version-history":[{"count":0,"href":"https:\/\/moir.com.co\/web\/wp-json\/wp\/v2\/posts\/665\/revisions"}],"wp:attachment":[{"href":"https:\/\/moir.com.co\/web\/wp-json\/wp\/v2\/media?parent=665"}],"wp:term":[{"taxonomy":"category","embeddable":true,"href":"https:\/\/moir.com.co\/web\/wp-json\/wp\/v2\/categories?post=665"},{"taxonomy":"post_tag","embeddable":true,"href":"https:\/\/moir.com.co\/web\/wp-json\/wp\/v2\/tags?post=665"}],"curies":[{"name":"wp","href":"https:\/\/api.w.org\/{rel}","templated":true}]}}