{"id":662,"date":"2004-08-11T07:00:00","date_gmt":"2004-08-11T07:00:00","guid":{"rendered":"https:\/\/moir.org.co\/web\/convocatoria-a-encuentro-nacional-panelero-en-moniquira-boyaca\/"},"modified":"2004-08-11T07:00:00","modified_gmt":"2004-08-11T07:00:00","slug":"convocatoria-a-encuentro-nacional-panelero-en-moniquira-boyaca","status":"publish","type":"post","link":"https:\/\/moir.com.co\/web\/convocatoria-a-encuentro-nacional-panelero-en-moniquira-boyaca\/","title":{"rendered":"CONVOCATORIA  A ENCUENTRO NACIONAL  PANELERO EN MONIQUIRA (BOYACA)"},"content":{"rendered":"<p>En  atenci\u00f3n a la grave crisis por la que atraviesa el sector a nivel nacional, Unidad Panelera celebr\u00f3 una reuni\u00f3n con el Ministro de Agricultura  el pasado 25 de Mayo, que cont\u00f3 con la colaboraci\u00f3n del senador Jorge Enrique Robledo  y con la asistencia de delegados de Cundinamarca, Caldas y la Hoya del R\u00edo Su\u00e1rez.  <\/p>\n<p>En la reuni\u00f3n se exigi\u00f3 al gobierno que establezca precios remunerativos para la panela como lo hace para otros productos agr\u00edcolas; que deje de crear falsas expectativas con la producci\u00f3n de alcohol carburante en las regiones paneleras aumentando el \u00e1rea de siembras de ca\u00f1a y ocasionando un efecto negativo sobre los precios de la panela; que el gobierno persiga eficazmente los derretideros de az\u00facar en cumplimiento de ley 40 de 1990, como acciones inmediatas para aliviar la ca\u00edda de los precios que se vive actualmente. As\u00ed mismo, se reclam\u00f3 al ministro por la formulaci\u00f3n de una pol\u00edtica integral para el sector que atienda la soluci\u00f3n de sus viejos y nuevos problemas. <\/p>\n<p>El  ministro se comprometi\u00f3 a que en una reuni\u00f3n que se proyectaba celebrar en Moniquir\u00e1 (Boyac\u00e1) el 8 de Junio de 2004 dar\u00eda respuesta cabal a estas peticiones formulando las pol\u00edticas oficiales para el sector. No obstante, sin mediar explicaciones cancel\u00f3 la realizaci\u00f3n de ese evento. <\/p>\n<p>Pero como la soluci\u00f3n a la presente crisis no da espera, UNIDAD PANELERA NACIONAL  convoca a los productores de todas las regiones del pa\u00eds, a las organizaciones cooperativas del sector y a las dem\u00e1s agremiaciones que aglutinan a cultivadores y trapicheros a realizar un GRAN ENCUENTRO NACIONAL PANELERO, que discuta las salidas a la presente situaci\u00f3n y determine un plan de acci\u00f3n unitario que movilice a todos los paneleros de Colombia en defensa de sus intereses y contra el ALCA y el TLC, tratados de libre comercio que amenazan con destruir la producci\u00f3n agraria nacional. <\/p>\n<p>El encuentro se efectuar\u00e1 el pr\u00f3ximo 23 de junio de 2004 en la ciudad de Moniquir\u00e1 (Boyac\u00e1) a partir de las 9 a.m., en las instalaciones del Club del Educador. Es importante confirmar la asistencia de las delegaciones regionales a las direcciones que aparecen al pie de esta comunicaci\u00f3n. <\/p>\n<p>Atentamente,<\/p>\n<p>PEDRO NEL CAMARGO ACEVEDO<br \/>\nCoordinador Nacional<\/p>\n<p>Bucaramanga; junio 6 de 2004. <\/p>\n<p>Coordinaci\u00f3n Nacional : Calle 50 No. 22- 37. Bucaramanga.Tels: 6773315-cel.3103415515.<br \/>\nCorreo Electr\u00f3nico : penca@col1.telecom.com.co<\/p>\n","protected":false},"excerpt":{"rendered":"<p>En atenci\u00f3n a la grave crisis por la que atraviesa el sector a nivel nacional, Unidad Panelera celebr\u00f3 una reuni\u00f3n con el Ministro de Agricultura el pasado 25 de Mayo, que cont\u00f3 con la colaboraci\u00f3n del senador Jorge Enrique Robledo y con la asistencia de delegados de Cundinamarca, Caldas y la Hoya del R\u00edo Su\u00e1rez. [&hellip;]<\/p>\n","protected":false},"author":1,"featured_media":0,"comment_status":"open","ping_status":"open","sticky":false,"template":"","format":"standard","meta":{"advanced_seo_description":"","jetpack_seo_html_title":"","jetpack_seo_noindex":false,"_jetpack_memberships_contains_paid_content":false,"footnotes":""},"categories":[7],"tags":[],"class_list":["post-662","post","type-post","status-publish","format-standard","hentry","category-pronunciamientos-de-organizaciones-sociales"],"jetpack_featured_media_url":"","jetpack-related-posts":[{"id":660,"url":"https:\/\/moir.com.co\/web\/la-grave-crisis-de-la-produccion-panelera\/","url_meta":{"origin":662,"position":0},"title":"LA GRAVE CRISIS DE LA PRODUCCI\u00d3N PANELERA","author":"admin","date":"agosto 11, 2004","format":false,"excerpt":"El ministro de Agricultura recibi\u00f3 a la direcci\u00f3n nacional de Unidad Panelera el pasado martes 25 de mayo para tratar la crisis de la producci\u00f3n panelera. Asisti\u00f3 el senador Jorge Enrique Robledo; el coordinador nacional de Unidad Panelera, Pedro Camargo; el coordinador de Unidad Panelera de Cundinamarca, Jos\u00e9 Fernando Ocampo;\u2026","rel":"","context":"En \u00abPronunciamientos de Organizaciones Sociales\u00bb","block_context":{"text":"Pronunciamientos de Organizaciones Sociales","link":"https:\/\/moir.com.co\/web\/category\/pronunciamientos-de-organizaciones-sociales\/"},"img":{"alt_text":"","src":"","width":0,"height":0},"classes":[]},{"id":19897,"url":"https:\/\/moir.com.co\/web\/exitosa-marcha-panelera\/","url_meta":{"origin":662,"position":1},"title":"EXITOSA MARCHA PANELERA","author":"admin","date":"agosto 10, 2004","format":false,"excerpt":"Por Jos\u00e9 Fernando Ocampo, coordinador de Unidad Panelera en Cundinamarca Diez mil paneleros de todo el pa\u00eds marcharon por la Carrera S\u00e9ptima de Bogot\u00e1 hasta el Ministerio de Agricultura para defender la producci\u00f3n de panela. Productores de municipios de la Hoya del R\u00edo Su\u00e1rez en Boyac\u00e1 y Santander, como Santa\u2026","rel":"","context":"En \u00abJos\u00e9 Fernando Ocampo\u00bb","block_context":{"text":"Jos\u00e9 Fernando Ocampo","link":"https:\/\/moir.com.co\/web\/category\/bitacoras\/jose-fernando-ocampo\/"},"img":{"alt_text":"","src":"","width":0,"height":0},"classes":[]},{"id":667,"url":"https:\/\/moir.com.co\/web\/unidad-ante-la-crisis-panelera\/","url_meta":{"origin":662,"position":2},"title":"UNIDAD ANTE LA CRISIS PANELERA","author":"admin","date":"agosto 11, 2004","format":false,"excerpt":"Con todo \u00e9xito concluy\u00f3 el Encuentro Nacional Panelero, realizado por la Unidad Panelera en Moniquir\u00e1 (Boyac\u00e1) el mi\u00e9rcoles 23 de junio, que cont\u00f3 con la participaci\u00f3n de 625 delegados de los departamentos de Antioquia, Caldas, Cauca, Tolima y La Hoya del Rio de Su\u00e1rez, que hace parte de los departamentos\u2026","rel":"","context":"En \u00abPronunciamientos de Organizaciones Sociales\u00bb","block_context":{"text":"Pronunciamientos de Organizaciones Sociales","link":"https:\/\/moir.com.co\/web\/category\/pronunciamientos-de-organizaciones-sociales\/"},"img":{"alt_text":"","src":"","width":0,"height":0},"classes":[]},{"id":533,"url":"https:\/\/moir.com.co\/web\/la-supresion-del-iva-a-la-panela-otro-triunfo-de-los-paneleros\/","url_meta":{"origin":662,"position":3},"title":"LA SUPRESI\u00d3N DEL IVA A LA PANELA: OTRO TRIUNFO DE LOS PANELEROS","author":"admin","date":"agosto 10, 2004","format":false,"excerpt":"Unidad Panelera Nacional, julio 3 de 2003 Cuando los paneleros a\u00fan celebraban el resonante triunfo sobre el ingenio industrial panelero de Padilla por la negaci\u00f3n a la licencia que permit\u00eda su funcionamiento, fueron sorprendidos con la aprobaci\u00f3n del IVA de 7% a la panela en la reforma tributaria (Ley 788\u2026","rel":"","context":"En \u00abPronunciamientos de Organizaciones Sociales\u00bb","block_context":{"text":"Pronunciamientos de Organizaciones Sociales","link":"https:\/\/moir.com.co\/web\/category\/pronunciamientos-de-organizaciones-sociales\/"},"img":{"alt_text":"","src":"","width":0,"height":0},"classes":[]},{"id":19923,"url":"https:\/\/moir.com.co\/web\/el-primer-congreso-nacional-panelero-creada-unidad-panelera-nacional\/","url_meta":{"origin":662,"position":4},"title":"El primer Congreso Nacional Panelero: CREADA UNIDAD PANELERA NACIONAL","author":"admin","date":"agosto 10, 2004","format":false,"excerpt":"Pedro Nel Camargo Acevedo El Congreso Panelero Nacional celebrado en Moniquir\u00e1, Boyac\u00e1, el pasado 25 de marzo constituy\u00f3 la primera gran victoria de los productores de este importante sector del agro Colombiano. A la espl\u00e9ndida reuni\u00f3n concurrieron mil delegados de 74 municipios pertenecientes a diez departamentos y un sinn\u00famero de\u2026","rel":"","context":"En \u00abTribuna Roja N\u00ba 80, abril 27 de 2000\u00bb","block_context":{"text":"Tribuna Roja N\u00ba 80, abril 27 de 2000","link":"https:\/\/moir.com.co\/web\/category\/tribuna-roja\/ediciones-2000-2004\/tribuna-roja-no-80-abril-27-de-2000\/"},"img":{"alt_text":"","src":"","width":0,"height":0},"classes":[]},{"id":3750,"url":"https:\/\/moir.com.co\/web\/programa-de-lucha-del-encuentro-nacional-panelero-de-bogota\/","url_meta":{"origin":662,"position":5},"title":"Programa de lucha del Encuentro Nacional Panelero de Bogot\u00e1","author":"admin","date":"noviembre 11, 2009","format":false,"excerpt":"El Encuentro Nacional Panelero reunido en Bogot\u00e1 el 3 de noviembre de 2009, despu\u00e9s de examinar la situaci\u00f3n ruinosa en que se encuentra la producci\u00f3n panelera y su comercializaci\u00f3n, aprueba el siguiente programa: 1.- Fijaci\u00f3n de un precio de sustentaci\u00f3n para la panela por parte del Gobierno, remunerativo y estable,\u2026","rel":"","context":"En \u00abPronunciamientos de Organizaciones Sociales\u00bb","block_context":{"text":"Pronunciamientos de Organizaciones Sociales","link":"https:\/\/moir.com.co\/web\/category\/pronunciamientos-de-organizaciones-sociales\/"},"img":{"alt_text":"","src":"","width":0,"height":0},"classes":[]}],"jetpack_sharing_enabled":true,"_links":{"self":[{"href":"https:\/\/moir.com.co\/web\/wp-json\/wp\/v2\/posts\/662","targetHints":{"allow":["GET"]}}],"collection":[{"href":"https:\/\/moir.com.co\/web\/wp-json\/wp\/v2\/posts"}],"about":[{"href":"https:\/\/moir.com.co\/web\/wp-json\/wp\/v2\/types\/post"}],"author":[{"embeddable":true,"href":"https:\/\/moir.com.co\/web\/wp-json\/wp\/v2\/users\/1"}],"replies":[{"embeddable":true,"href":"https:\/\/moir.com.co\/web\/wp-json\/wp\/v2\/comments?post=662"}],"version-history":[{"count":0,"href":"https:\/\/moir.com.co\/web\/wp-json\/wp\/v2\/posts\/662\/revisions"}],"wp:attachment":[{"href":"https:\/\/moir.com.co\/web\/wp-json\/wp\/v2\/media?parent=662"}],"wp:term":[{"taxonomy":"category","embeddable":true,"href":"https:\/\/moir.com.co\/web\/wp-json\/wp\/v2\/categories?post=662"},{"taxonomy":"post_tag","embeddable":true,"href":"https:\/\/moir.com.co\/web\/wp-json\/wp\/v2\/tags?post=662"}],"curies":[{"name":"wp","href":"https:\/\/api.w.org\/{rel}","templated":true}]}}