{"id":660,"date":"2004-08-11T07:00:00","date_gmt":"2004-08-11T07:00:00","guid":{"rendered":"https:\/\/moir.org.co\/web\/la-grave-crisis-de-la-produccion-panelera\/"},"modified":"2004-08-11T07:00:00","modified_gmt":"2004-08-11T07:00:00","slug":"la-grave-crisis-de-la-produccion-panelera","status":"publish","type":"post","link":"https:\/\/moir.com.co\/web\/la-grave-crisis-de-la-produccion-panelera\/","title":{"rendered":"LA GRAVE CRISIS DE LA PRODUCCI\u00d3N PANELERA"},"content":{"rendered":"<p>El ministro de Agricultura recibi\u00f3 a la direcci\u00f3n nacional de Unidad Panelera el pasado martes 25 de mayo para tratar la crisis de la producci\u00f3n panelera. Asisti\u00f3 el senador Jorge Enrique Robledo; el coordinador nacional de Unidad Panelera, Pedro Camargo; el coordinador de Unidad Panelera de Cundinamarca, Jos\u00e9 Fernando Ocampo; el alcalde de Moniquir\u00e1, Gustavo Rodr\u00edguez;  los concejales de Villeta y Quebradanegra, Yesid Galvis y Giovanni Herrera; y delegaciones del occidente de Caldas y de la Hoya del R\u00edo Su\u00e1rez. Los siguientes puntos se trataron con el ministro: <\/p>\n<p>El precio de la panela:  El Estado no tiene una pol\u00edtica para la producci\u00f3n panelera como la tiene para otros productos, siendo la panela el segundo producto del pa\u00eds en ocupaci\u00f3n y cobertura. Resulta imposible seguir soportando los precios bajos del producto, a niveles de hace m\u00e1s de cinco a\u00f1os. Es la quiebra y la ruina de los paneleros. <\/p>\n<p>Los derretideros de az\u00facar: Cada vez son m\u00e1s los derretideros de az\u00facar que llevan al mercado panela falsa y enga\u00f1an a los consumidores, no obstante estar legalmente prohibida. El Estado no ha perseguido este delito y existen f\u00e1bricas principalmente en el Valle y Risaralda dedicadas a falsear la panela a la vista de todo el mundo. <\/p>\n<p>El alcohol carburante:  Por falsas expectativas sobre la producci\u00f3n de alcohol carburante,  ha aumentado la superficie cultivada de ca\u00f1a que se dedica a la producci\u00f3n de panela, afectando los precios a niveles ya insoportables. <\/p>\n<p>Peticiones:  1) Que el gobierno establezca precios remunerativos para la panela como lo hace con otros productos agr\u00edcolas esenciales. 2) Que el gobierno financie una campa\u00f1a de fomento al consumo de la panela como un alimento de primera necesidad. 3) Que el gobierno persiga eficazmente  la producci\u00f3n ilegal de az\u00facar derretido como ordena la ley 40. 4) Que el gobierno desarrolle una pol\u00edtica nacional para el sector panelero que proteja a los peque\u00f1os y medianos productores.  <\/p>\n<p>Respuesta del ministro: El Ministerio reconoce  la situaci\u00f3n tan delicada de la producci\u00f3n panelera y plantea los siguientes puntos: 1) El control de los derretideros no corresponde al Ministerio de Agricultura, sino al Ministerio de Protecci\u00f3n  Social, con el que coordinar\u00e1 medidas para controlar el cumplimiento de la prohibici\u00f3n del az\u00facar derretido. 2) El auge de los derretideros responde a la baja de los precios del az\u00facar que estimula el desv\u00edo ilegal hacia la producci\u00f3n de falsa panela. 3) El Ministerio se compromete a coordinar con los otros Ministerios la persecuci\u00f3n a los derretideros de az\u00facar. 4) El Ministerio estudiar\u00e1 alternativas de control sobre el aumento del cultivo de la ca\u00f1a y su relaci\u00f3n con el alcohol carburante.  5) El Ministerio se compromete a llevar a la reuni\u00f3n de paneleros de la Hoya del R\u00edo Su\u00e1rez que tendr\u00e1 lugar en Moniquir\u00e1  el 8 de de junio pr\u00f3ximo un proyecto de pol\u00edtica sectorial para el sector panelero.  <\/p>\n<p>Una soluci\u00f3n a la crisis panelera no da espera. Las 300.000 familias que viven de la ca\u00f1a panelera, los 30.000 trapiches del pa\u00eds que componen esta industria campesina, los 280 municipios productores de panela, no aguantan m\u00e1s esta crisis. El gobierno tiene que dar una soluci\u00f3n y los paneleros esperan una respuesta favorable. Unidad Panelera invita a los paneleros a hacerse presente con delegaciones representativas en la reuni\u00f3n de paneleros de la Hoya del R\u00edo Su\u00e1rez, con presencia del gobierno, que tendr\u00e1 lugar en Moniquir\u00e1 el d\u00eda 8 de junio pr\u00f3ximo.  <\/p>\n<p>UNIDAD PANELERA <\/p>\n<p>31 de mayo de 2004<\/p>\n","protected":false},"excerpt":{"rendered":"<p>El ministro de Agricultura recibi\u00f3 a la direcci\u00f3n nacional de Unidad Panelera el pasado martes 25 de mayo para tratar la crisis de la producci\u00f3n panelera. Asisti\u00f3 el senador Jorge Enrique Robledo; el coordinador nacional de Unidad Panelera, Pedro Camargo; el coordinador de Unidad Panelera de Cundinamarca, Jos\u00e9 Fernando Ocampo; el alcalde de Moniquir\u00e1, Gustavo [&hellip;]<\/p>\n","protected":false},"author":1,"featured_media":0,"comment_status":"open","ping_status":"open","sticky":false,"template":"","format":"standard","meta":{"advanced_seo_description":"","jetpack_seo_html_title":"","jetpack_seo_noindex":false,"_jetpack_memberships_contains_paid_content":false,"footnotes":""},"categories":[7],"tags":[],"class_list":["post-660","post","type-post","status-publish","format-standard","hentry","category-pronunciamientos-de-organizaciones-sociales"],"jetpack_featured_media_url":"","jetpack-related-posts":[{"id":662,"url":"https:\/\/moir.com.co\/web\/convocatoria-a-encuentro-nacional-panelero-en-moniquira-boyaca\/","url_meta":{"origin":660,"position":0},"title":"CONVOCATORIA  A ENCUENTRO NACIONAL  PANELERO EN MONIQUIRA (BOYACA)","author":"admin","date":"agosto 11, 2004","format":false,"excerpt":"En atenci\u00f3n a la grave crisis por la que atraviesa el sector a nivel nacional, Unidad Panelera celebr\u00f3 una reuni\u00f3n con el Ministro de Agricultura el pasado 25 de Mayo, que cont\u00f3 con la colaboraci\u00f3n del senador Jorge Enrique Robledo y con la asistencia de delegados de Cundinamarca, Caldas y\u2026","rel":"","context":"En \u00abPronunciamientos de Organizaciones Sociales\u00bb","block_context":{"text":"Pronunciamientos de Organizaciones Sociales","link":"https:\/\/moir.com.co\/web\/category\/pronunciamientos-de-organizaciones-sociales\/"},"img":{"alt_text":"","src":"","width":0,"height":0},"classes":[]},{"id":667,"url":"https:\/\/moir.com.co\/web\/unidad-ante-la-crisis-panelera\/","url_meta":{"origin":660,"position":1},"title":"UNIDAD ANTE LA CRISIS PANELERA","author":"admin","date":"agosto 11, 2004","format":false,"excerpt":"Con todo \u00e9xito concluy\u00f3 el Encuentro Nacional Panelero, realizado por la Unidad Panelera en Moniquir\u00e1 (Boyac\u00e1) el mi\u00e9rcoles 23 de junio, que cont\u00f3 con la participaci\u00f3n de 625 delegados de los departamentos de Antioquia, Caldas, Cauca, Tolima y La Hoya del Rio de Su\u00e1rez, que hace parte de los departamentos\u2026","rel":"","context":"En \u00abPronunciamientos de Organizaciones Sociales\u00bb","block_context":{"text":"Pronunciamientos de Organizaciones Sociales","link":"https:\/\/moir.com.co\/web\/category\/pronunciamientos-de-organizaciones-sociales\/"},"img":{"alt_text":"","src":"","width":0,"height":0},"classes":[]},{"id":665,"url":"https:\/\/moir.com.co\/web\/llamamiento-de-unidad-panelera-a-los-paneleros-de-colombia-en-la-peor-crisis-de-su-historia-reciente\/","url_meta":{"origin":660,"position":2},"title":"LLAMAMIENTO DE UNIDAD PANELERA A LOS PANELEROS DE COLOMBIA EN LA PEOR CRISIS DE SU HISTORIA RECIENTE","author":"admin","date":"agosto 11, 2004","format":false,"excerpt":"Unidad Panelera Nacional, Moniquir\u00e1, junio 23 de 2004 Los precios de compra de la panela al productor han ca\u00eddo hasta el 50% con relaci\u00f3n a los de comienzos de 2003, causando una grav\u00edsima crisis que amenaza con eliminar 70 mil peque\u00f1as y medianas unidades agr\u00edcolas, 27 mil trapiches artesanales y\u2026","rel":"","context":"En \u00abPronunciamientos de Organizaciones Sociales\u00bb","block_context":{"text":"Pronunciamientos de Organizaciones Sociales","link":"https:\/\/moir.com.co\/web\/category\/pronunciamientos-de-organizaciones-sociales\/"},"img":{"alt_text":"","src":"","width":0,"height":0},"classes":[]},{"id":19897,"url":"https:\/\/moir.com.co\/web\/exitosa-marcha-panelera\/","url_meta":{"origin":660,"position":3},"title":"EXITOSA MARCHA PANELERA","author":"admin","date":"agosto 10, 2004","format":false,"excerpt":"Por Jos\u00e9 Fernando Ocampo, coordinador de Unidad Panelera en Cundinamarca Diez mil paneleros de todo el pa\u00eds marcharon por la Carrera S\u00e9ptima de Bogot\u00e1 hasta el Ministerio de Agricultura para defender la producci\u00f3n de panela. Productores de municipios de la Hoya del R\u00edo Su\u00e1rez en Boyac\u00e1 y Santander, como Santa\u2026","rel":"","context":"En \u00abJos\u00e9 Fernando Ocampo\u00bb","block_context":{"text":"Jos\u00e9 Fernando Ocampo","link":"https:\/\/moir.com.co\/web\/category\/bitacoras\/jose-fernando-ocampo\/"},"img":{"alt_text":"","src":"","width":0,"height":0},"classes":[]},{"id":533,"url":"https:\/\/moir.com.co\/web\/la-supresion-del-iva-a-la-panela-otro-triunfo-de-los-paneleros\/","url_meta":{"origin":660,"position":4},"title":"LA SUPRESI\u00d3N DEL IVA A LA PANELA: OTRO TRIUNFO DE LOS PANELEROS","author":"admin","date":"agosto 10, 2004","format":false,"excerpt":"Unidad Panelera Nacional, julio 3 de 2003 Cuando los paneleros a\u00fan celebraban el resonante triunfo sobre el ingenio industrial panelero de Padilla por la negaci\u00f3n a la licencia que permit\u00eda su funcionamiento, fueron sorprendidos con la aprobaci\u00f3n del IVA de 7% a la panela en la reforma tributaria (Ley 788\u2026","rel":"","context":"En \u00abPronunciamientos de Organizaciones Sociales\u00bb","block_context":{"text":"Pronunciamientos de Organizaciones Sociales","link":"https:\/\/moir.com.co\/web\/category\/pronunciamientos-de-organizaciones-sociales\/"},"img":{"alt_text":"","src":"","width":0,"height":0},"classes":[]},{"id":421,"url":"https:\/\/moir.com.co\/web\/magna-audiencia-de-paneleros-provincia-del-gualiva-resolucion\/","url_meta":{"origin":660,"position":5},"title":"MAGNA AUDIENCIA DE PANELEROS PROVINCIA DEL GUALIV\u00c1 RESOLUCI\u00d3N","author":"admin","date":"agosto 8, 2004","format":false,"excerpt":"La audiencia de paneleros de los municipios de la Provincia del Gualiv\u00e1 (Caparrap\u00ed, Guaduas, La Pe\u00f1a, La Vega, Nimaima, Nocaima, La Vega, \u00datica, Vergara, Quebradanegra y Villeta), celebrada en el municipio de Villeta con la asistencia de m\u00e1s de mil productores el d\u00eda 3 de junio de 2002 CONSIDERANDO QUE:\u2026","rel":"","context":"En \u00abPronunciamientos de Organizaciones Sociales\u00bb","block_context":{"text":"Pronunciamientos de Organizaciones Sociales","link":"https:\/\/moir.com.co\/web\/category\/pronunciamientos-de-organizaciones-sociales\/"},"img":{"alt_text":"","src":"","width":0,"height":0},"classes":[]}],"jetpack_sharing_enabled":true,"_links":{"self":[{"href":"https:\/\/moir.com.co\/web\/wp-json\/wp\/v2\/posts\/660","targetHints":{"allow":["GET"]}}],"collection":[{"href":"https:\/\/moir.com.co\/web\/wp-json\/wp\/v2\/posts"}],"about":[{"href":"https:\/\/moir.com.co\/web\/wp-json\/wp\/v2\/types\/post"}],"author":[{"embeddable":true,"href":"https:\/\/moir.com.co\/web\/wp-json\/wp\/v2\/users\/1"}],"replies":[{"embeddable":true,"href":"https:\/\/moir.com.co\/web\/wp-json\/wp\/v2\/comments?post=660"}],"version-history":[{"count":0,"href":"https:\/\/moir.com.co\/web\/wp-json\/wp\/v2\/posts\/660\/revisions"}],"wp:attachment":[{"href":"https:\/\/moir.com.co\/web\/wp-json\/wp\/v2\/media?parent=660"}],"wp:term":[{"taxonomy":"category","embeddable":true,"href":"https:\/\/moir.com.co\/web\/wp-json\/wp\/v2\/categories?post=660"},{"taxonomy":"post_tag","embeddable":true,"href":"https:\/\/moir.com.co\/web\/wp-json\/wp\/v2\/tags?post=660"}],"curies":[{"name":"wp","href":"https:\/\/api.w.org\/{rel}","templated":true}]}}