{"id":657,"date":"2004-08-11T07:00:00","date_gmt":"2004-08-11T07:00:00","guid":{"rendered":"https:\/\/moir.org.co\/web\/alca-y-tlc-en-la-picota-publica\/"},"modified":"2004-08-11T07:00:00","modified_gmt":"2004-08-11T07:00:00","slug":"alca-y-tlc-en-la-picota-publica","status":"publish","type":"post","link":"https:\/\/moir.com.co\/web\/alca-y-tlc-en-la-picota-publica\/","title":{"rendered":"\u00a1ALCA Y TLC EN LA PICOTA P\u00daBLICA!"},"content":{"rendered":"<p>Comando Regional Unitario del Magdalena, Santa Marta, mayo 28 de 2004<\/p>\n<p>Las movilizaciones realizadas el pasado 18 de mayo en todo el pa\u00eds contra el ALCA y el tratado de libre comercio con Estados Unidos han tenido importantes repercusiones y ense\u00f1anzas. Dos posiciones antag\u00f3nicas han quedado expuestas a la luz del d\u00eda: la del gobierno de \u00c1lvaro Uribe V\u00e9lez aceptando por completo las imposiciones norteamericanas y, por otro lado, la de las centrales obreras, organizaciones agropecuarias, empresarios progresistas, partidos de izquierda, parlamentarios de oposici\u00f3n y sectores populares que se han unido en la lucha com\u00fan en defensa de la soberan\u00eda, el trabajo y la producci\u00f3n nacional.<\/p>\n<p>La resistencia civil desplegada en Cartagena, Bogot\u00e1, Barrancabermeja y otras ciudades tuvo resonancia nacional e internacional, puso en la picota p\u00fablica el ALCA y el TLC como instrumentos de recolonizaci\u00f3n del imperio del Norte, despert\u00f3 la conciencia de amplios sectores sociales, fortaleci\u00f3 la Gran Coalici\u00f3n Democr\u00e1tica de organizaciones sindicales, pol\u00edticas y sociales que el a\u00f1o pasado derrot\u00f3 el referendo uribista y participa en esta gran batalla que est\u00e1 en pleno auge. La delegaci\u00f3n del departamento del Magdalena conformada por 600 personas contribuy\u00f3 altivamente en la imponente movilizaci\u00f3n de Cartagena.<\/p>\n<p>Pero tambi\u00e9n qued\u00f3 demostrada la naturaleza autoritaria de la pol\u00edtica de \u201cseguridad democr\u00e1tica\u201d de la administraci\u00f3n Uribe V\u00e9lez al reprimir con sa\u00f1a el desfile de 20 mil personas en Cartagena y otras marchas pac\u00edficas, ocasionando la respuesta de las masas que tuvieron que defenderse.<\/p>\n<p>Las cartas est\u00e1n sobre la mesa. En esta lucha las fuerzas vivas de la sociedad colombiana tenemos que jugarnos a fondo porque est\u00e1 en peligro el futuro de la Naci\u00f3n. Debemos continuar en el proceso de acumulaci\u00f3n de fuerzas, profundizar en la discusi\u00f3n y an\u00e1lisis, realizar m\u00faltiples cursillos did\u00e1cticos sobre los peligros del Alca y el TLC y conformar un torrente de opini\u00f3n que impida que Uribe V\u00e9lez y los gringos se salgan con la suya.<\/p>\n<p>COMANDO REGIONAL UNITARIO DEL MAGDALENA<\/p>\n<p>ANGEL MANJARRES CORREA<br \/>\nPresidente CUT Magdalena y del Comando Regional Unitario<\/p>\n<p>ANTONIO PERALTA SILVERA<br \/>\nPresidente de EDUMAG<\/p>\n<p>LAUREANO C\u00c1EZ TURIZO<br \/>\nSecretario Comando Regional Unitario<\/p>\n<p>NORMAN ALARC\u00d3N RODAS<br \/>\nCoordinador Salvaci\u00f3n Agropecuaria, seccional Magdalena<\/p>\n","protected":false},"excerpt":{"rendered":"<p>Comando Regional Unitario del Magdalena, Santa Marta, mayo 28 de 2004 Las movilizaciones realizadas el pasado 18 de mayo en todo el pa\u00eds contra el ALCA y el tratado de libre comercio con Estados Unidos han tenido importantes repercusiones y ense\u00f1anzas. Dos posiciones antag\u00f3nicas han quedado expuestas a la luz del d\u00eda: la del gobierno [&hellip;]<\/p>\n","protected":false},"author":1,"featured_media":0,"comment_status":"open","ping_status":"open","sticky":false,"template":"","format":"standard","meta":{"advanced_seo_description":"","jetpack_seo_html_title":"","jetpack_seo_noindex":false,"_jetpack_memberships_contains_paid_content":false,"footnotes":""},"categories":[7],"tags":[],"class_list":["post-657","post","type-post","status-publish","format-standard","hentry","category-pronunciamientos-de-organizaciones-sociales"],"jetpack_featured_media_url":"","jetpack-related-posts":[{"id":629,"url":"https:\/\/moir.com.co\/web\/la-viii-junta-nacional-respalda-la-movilizacion-andina-contra-el-alca-y-los-tratados-bilaterales-de-libre-comercio-con-estados\/","url_meta":{"origin":657,"position":0},"title":"LA VIII JUNTA NACIONAL RESPALDA LA MOVILIZACI\u00d3N ANDINA CONTRA EL ALCA Y LOS TRATADOS BILATERALES DE LIBRE COMERCIO CON ESTADOS","author":"admin","date":"agosto 11, 2004","format":false,"excerpt":"La Asociaci\u00f3n Nacional por la Salvaci\u00f3n Agropecuaria considerando: Que en el a\u00f1o 2004 se iniciar\u00e1n las negociaciones de acuerdos bilaterales de los pa\u00edses andinos, entre los que se incluye a Colombia, y adem\u00e1s se tiene fijado el final del proceso de construcci\u00f3n del ALCA, Que los estudios y an\u00e1lisis, incluidos\u2026","rel":"","context":"En \u00abPronunciamientos de Organizaciones Sociales\u00bb","block_context":{"text":"Pronunciamientos de Organizaciones Sociales","link":"https:\/\/moir.com.co\/web\/category\/pronunciamientos-de-organizaciones-sociales\/"},"img":{"alt_text":"","src":"","width":0,"height":0},"classes":[]},{"id":643,"url":"https:\/\/moir.com.co\/web\/18-de-mayo-paro-nacional-y-toma-de-cartagena\/","url_meta":{"origin":657,"position":1},"title":"\u00a118 DE MAYO: PARO NACIONAL Y TOMA DE CARTAGENA!","author":"admin","date":"agosto 11, 2004","format":false,"excerpt":"El Encuentro Nacional de Organizaciones Sindicales, Pol\u00edticas y Sociales realizado los d\u00edas 29 y 30 de abril en Bogot\u00e1 con delegados de m\u00e1s de 800 organizaciones de todo el pa\u00eds, determin\u00f3 respaldar el paro nacional aprobado por las centrales obreras para el d\u00eda 18 de mayo con dos objetivos centrales:\u2026","rel":"","context":"En \u00abPronunciamientos de Organizaciones Sociales\u00bb","block_context":{"text":"Pronunciamientos de Organizaciones Sociales","link":"https:\/\/moir.com.co\/web\/category\/pronunciamientos-de-organizaciones-sociales\/"},"img":{"alt_text":"","src":"","width":0,"height":0},"classes":[]},{"id":514,"url":"https:\/\/moir.com.co\/web\/exitoso-encuentro-de-dirigentes-del-sector-agropecuario-del-quindio-y-norte-del-valle\/","url_meta":{"origin":657,"position":2},"title":"EXITOSO ENCUENTRO DE DIRIGENTES DEL SECTOR AGROPECUARIO DEL QUIND\u00cdO Y NORTE DEL VALLE","author":"admin","date":"agosto 9, 2004","format":false,"excerpt":"Antonio Jos\u00e9 Guti\u00e9rrez Blanco, Armenia, mayo 5 de 2003 Con la presencia de 112 delegados de 15 municipios del Quind\u00edo y del norte de Valle, se llev\u00f3 a cabo, el 29 de abril en el Centro Recreacional de Confenalco del Alto del R\u00edo, en Calarc\u00e1 (Quind\u00edo), un exitoso encuentro de\u2026","rel":"","context":"En \u00abPronunciamientos de Organizaciones Sociales\u00bb","block_context":{"text":"Pronunciamientos de Organizaciones Sociales","link":"https:\/\/moir.com.co\/web\/category\/pronunciamientos-de-organizaciones-sociales\/"},"img":{"alt_text":"","src":"","width":0,"height":0},"classes":[]},{"id":453,"url":"https:\/\/moir.com.co\/web\/la-resistencia-civil-dio-el-triunfo-a-los-paneleros-frente-a-las-pretensiones-de-los-monopolios\/","url_meta":{"origin":657,"position":3},"title":"\u00a1LA RESISTENCIA CIVIL DIO EL TRIUNFO A LOS PANELEROS FRENTE A LAS PRETENSIONES DE LOS MONOPOLIOS!","author":"admin","date":"agosto 9, 2004","format":false,"excerpt":"Asociaci\u00f3n Nacional por la Salvaci\u00f3n Agropecuaria, Noviembre 9 de 2002 El Ministerio del Medio Ambiente, mediante resoluci\u00f3n n\u00famero 0960 del 18 de octubre de 2002, revoc\u00f3 la resoluci\u00f3n de la Corporaci\u00f3n Regional del Cauca del 3 de mayo de este a\u00f1o que otorgaba la licencia ambiental al ingenio panelero de\u2026","rel":"","context":"En \u00abPronunciamientos de Organizaciones Sociales\u00bb","block_context":{"text":"Pronunciamientos de Organizaciones Sociales","link":"https:\/\/moir.com.co\/web\/category\/pronunciamientos-de-organizaciones-sociales\/"},"img":{"alt_text":"","src":"","width":0,"height":0},"classes":[]},{"id":635,"url":"https:\/\/moir.com.co\/web\/jornada-andina-de-lucha-contra-el-alca-y-el-tlc-salvacion-agropecuaria-llevara-a-cabo-concentracion-departamental-en-el-siti\/","url_meta":{"origin":657,"position":4},"title":"JORNADA ANDINA DE LUCHA CONTRA EL ALCA Y EL TLC: SALVACI\u00d3N AGROPECUARIA LLEVAR\u00c1 A CABO CONCENTRACI\u00d3N DEPARTAMENTAL EN EL SITI","author":"admin","date":"agosto 11, 2004","format":false,"excerpt":"Salvaci\u00f3n Agropecuaria, Medell\u00edn, Marzo 30 de 2004. En desarrollo de la decisi\u00f3n de participar en la Jornada Andina de protesta contra el ALCA y el TLC que se llevar\u00e1 a cabo el pr\u00f3ximo 15 de Abril, adoptada por la Junta Nacional de nuestra organizaci\u00f3n el pasado 13 de Marzo, la\u2026","rel":"","context":"En \u00abPronunciamientos de Organizaciones Sociales\u00bb","block_context":{"text":"Pronunciamientos de Organizaciones Sociales","link":"https:\/\/moir.com.co\/web\/category\/pronunciamientos-de-organizaciones-sociales\/"},"img":{"alt_text":"","src":"","width":0,"height":0},"classes":[]},{"id":310,"url":"https:\/\/moir.com.co\/web\/gobierno-nacional-impulsa-desproteccion-del-agro\/","url_meta":{"origin":657,"position":5},"title":"GOBIERNO NACIONAL IMPULSA DESPROTECCI\u00d3N DEL AGRO","author":"admin","date":"agosto 7, 2004","format":false,"excerpt":"En el marco del VIII Encuentro para la Productividad y la Competitividad realizado en Bucaramanga el pasado fin de semana, altos funcionarios del gobierno nacional y de entidades asesoras del mismo, como Jorge Humberto Botero, ministro de Comercio Exterior, Mauricio Reina, investigador de Fedesarrollo y Jos\u00e9 Leibovich, asesor del gobierno\u2026","rel":"","context":"En \u00abTemas\u00bb","block_context":{"text":"Temas","link":"https:\/\/moir.com.co\/web\/category\/temas\/"},"img":{"alt_text":"","src":"","width":0,"height":0},"classes":[]}],"jetpack_sharing_enabled":true,"_links":{"self":[{"href":"https:\/\/moir.com.co\/web\/wp-json\/wp\/v2\/posts\/657","targetHints":{"allow":["GET"]}}],"collection":[{"href":"https:\/\/moir.com.co\/web\/wp-json\/wp\/v2\/posts"}],"about":[{"href":"https:\/\/moir.com.co\/web\/wp-json\/wp\/v2\/types\/post"}],"author":[{"embeddable":true,"href":"https:\/\/moir.com.co\/web\/wp-json\/wp\/v2\/users\/1"}],"replies":[{"embeddable":true,"href":"https:\/\/moir.com.co\/web\/wp-json\/wp\/v2\/comments?post=657"}],"version-history":[{"count":0,"href":"https:\/\/moir.com.co\/web\/wp-json\/wp\/v2\/posts\/657\/revisions"}],"wp:attachment":[{"href":"https:\/\/moir.com.co\/web\/wp-json\/wp\/v2\/media?parent=657"}],"wp:term":[{"taxonomy":"category","embeddable":true,"href":"https:\/\/moir.com.co\/web\/wp-json\/wp\/v2\/categories?post=657"},{"taxonomy":"post_tag","embeddable":true,"href":"https:\/\/moir.com.co\/web\/wp-json\/wp\/v2\/tags?post=657"}],"curies":[{"name":"wp","href":"https:\/\/api.w.org\/{rel}","templated":true}]}}