{"id":656,"date":"2004-08-11T07:00:00","date_gmt":"2004-08-11T07:00:00","guid":{"rendered":"https:\/\/moir.org.co\/web\/acerca-de-la-defensa-de-los-derechos-democraticos-la-solucion-politica-del-conflicto-interno-y-la-condena-al-terrorismo\/"},"modified":"2004-08-11T07:00:00","modified_gmt":"2004-08-11T07:00:00","slug":"acerca-de-la-defensa-de-los-derechos-democraticos-la-solucion-politica-del-conflicto-interno-y-la-condena-al-terrorismo","status":"publish","type":"post","link":"https:\/\/moir.com.co\/web\/acerca-de-la-defensa-de-los-derechos-democraticos-la-solucion-politica-del-conflicto-interno-y-la-condena-al-terrorismo\/","title":{"rendered":"ACERCA DE LA DEFENSA DE LOS DERECHOS DEMOCR\u00c1TICOS, LA SOLUCI\u00d3N POL\u00cdTICA DEL CONFLICTO INTERNO Y LA CONDENA AL TERRORISMO"},"content":{"rendered":"<p>Encuentro Nacional de Organizaciones Pol\u00edticas y Sociales, Bogot\u00e1, abril 30 de 2004<\/p>\n<p>Hoy el imperialismo intenta imponer a los pueblos del mundo su avallasamiento, mediante el genocidio y la guerra, llevando a cabo una cruzada con el pretexto de la \u201clucha contra el terrorismo\u201d.<\/p>\n<p>Con ese pretexto se procedi\u00f3 a invadir a IRAK y AFGANIST\u00c1N, mientras se le brinda todo el respaldo a las acciones terroristas de Sharon en contra del pueblo Palestino. En nuestro vecindario se presenta la abierta injerencia gringa en las crisis pol\u00edtica que atraviesa la hermana republica de Venezuela.<\/p>\n<p>Colombia no es la excepci\u00f3n, afirma el gobierno que \u00a8&#8230;la violencia ejercida por organizaciones criminales de diversa \u00edndole es el principal desaf\u00edo que afronta Colombia&#8230;\u00a8. De esta manera pretende distraer la atenci\u00f3n de los colombianos hacia un asunto que, no obstante su gravedad, no es la principal causa de las dificultades que vive el pueblo y justificar su pol\u00edtica de \u201cseguridad democr\u00e1tica\u201d. Los efectos econ\u00f3micos de la violencia muestran que las p\u00e9rdidas ocasionadas son del orden de $1\u00b4269.703,5 millones, en 2001. Si comparamos este guarismo con las Implicaciones de la pol\u00edtica econ\u00f3mica, queda evidente que el mayor perjuicio a la sociedad lo produce el modelo aperturista. La disminuci\u00f3n de los aranceles representa una merma anual de seis billones de pesos para el erario nacional. La p\u00e9rdida de 800.000 hect\u00e1reas cultivadas significa m\u00e1s de nueve billones de pesos que se dejan de producir. La desindustrializaci\u00f3n es responsable de que se hayan dejado de producir cerca de 20 billones de pesos anuales.<\/p>\n<p>Mediante este subterfugio el gobierno impone el desmonte de los derechos democr\u00e1ticos, por medio de reformas constitucionales, como la reforma pol\u00edtica que intenta excluir las diversas opciones opositoras del panorama nacional, el Estatuto Antiterrorista y su ley reglamentaria por los cuales, durante cuatro a\u00f1os prorrogables, se suspende el ejercicio de derechos b\u00e1sicos tales como: el habeas corpus, la inviolabilidad del domicilio y la correspondencia; se ordena el empadronamiento obligatorio de todos los ciudadanos; y se entregan funciones de polic\u00eda judicial a las fuerzas militares. Con ello se agravar\u00e1 a\u00fan m\u00e1s las violaci\u00f3n de los derechos fundamentales, las libertades y el debido proceso, como es evidente ya con los arrestos y allanamientos sin orden judicial, la interceptaci\u00f3n de las llamadas y el correo, los fusilamientos de civiles por \u201cerror\u201d en los retenes militares, el trasteo de cad\u00e1veres y la imposibilidad de investigar los hechos delictivos en zonas llamadas de conflicto y la ley de alternatividad penal que garantiza la impunidad de los cr\u00edmenes de lesa humanidad.<\/p>\n<p>Se marca as\u00ed la tendencia desp\u00f3tica y autoritaria del gobierno, un aspecto correlativo e indispensable para la imposici\u00f3n de la pol\u00edticas econ\u00f3micas neoliberales, as\u00ed como su complicidad con el imperialismo norteamericano cuyo personal militar y de mercenarios, que goza de mas de 800 miembros y goza de total impunidad.<\/p>\n<p>El gobierno ha utilizado sin ning\u00fan recato el discurso guerrerista, que amplificado y manipulado por los grades monopolios de la comunicaci\u00f3n, ha servido para promover de manera medi\u00e1tica la imagen presidencial.<\/p>\n<p>El gobierno nacional ha tenido como prop\u00f3sito central recuperar el control territorial del pa\u00eds, aumentando el p\u00ede de fuerza militar y de polic\u00eda y creando nuevos aparatos represivos como los llamados \u201csoldados campesinos\u201d, en el marco de la denominada \u201cseguridad democr\u00e1tica\u201d. El resultado ha sido que, durante este a\u00f1o se intensificaron los combates entre la fuerza p\u00fablica y los grupos armados ilegales, en particular forma con la guerrilla. El impacto de esta confrontaci\u00f3n fue altamente negativo para la poblaci\u00f3n civil, inerme entre dos fuegos cruzados, lo cual ha significado que ya haya m\u00e1s de tres millones de personas desplazadas. De tales circunstancias han sido victimas , principalmente, las mujeres y los menores, puesto que el vinculo familiar se ha visto roto y desarraigado.<\/p>\n<p>Durante la mayor parte de este gobierno, el pa\u00eds vivi\u00f3 en \u201cEstado de Conmoci\u00f3n Interior\u201d, a trav\u00e9s del Decreto 1837 de agosto de 2002, con la mira de recuperar el control del orden p\u00fablico. Fue as\u00ed como se establecieron zonas de rehabilitaci\u00f3n y consolidaci\u00f3n social en las zonas de mayor conflicto, es decir la mayor\u00eda del territorio nacional. Ello ha dado lugar a las restricciones de los derechos y libertades fundamentales, a detenciones masivas y allanamientos a gran escala y pese a que La Corte Constitucional le puso coto a esa situaci\u00f3n, en abril de 2003, esta pol\u00edtica se sigue aplicando y se plasma ahora en el \u201cEstatuto Antiterrorista\u201d.<\/p>\n<p>Tampoco han conmovido al gobierno los llamados y condenas que, desde diferentes escenarios y organizaciones, ha hecho la comunidad internacional, la cual ha brindado su respaldo a nuestro pa\u00eds, en el marco de los convenios de cooperaci\u00f3n. La violaci\u00f3n de los Derechos Humanos se ha convertido en un tal\u00f3n de Aquiles en su empe\u00f1o de sustentar su pol\u00edtica de \u201cSeguridad Democr\u00e1tica\u201d en el exterior. Fue muy significativa la participaci\u00f3n de 24 pa\u00edses, con la facilitaci\u00f3n de las Naciones Unidas, en la reuni\u00f3n de Londres, en julio de 2003. All\u00ed urgieron al gobierno nacional a la pronta implementaci\u00f3n de las Recomendaciones, 23 y 4, para la poblaci\u00f3n civil y para los grupos armados al margen de la ley, respectivamente. Adem\u00e1s se le exigi\u00f3 la adopci\u00f3n de medidas efectivas en contra de la impunidad y del contubernio de algunos servidores p\u00fablicos con espec\u00edficos actores del conflicto.<\/p>\n<p>Los convocantes al Encuentro Nacional de Organizaciones Sindicales, Sociales y Pol\u00edticas, impulsamos y respaldamos las luchas de las masas de la ciudad y el campo por sus reivindicaciones econ\u00f3micas, sus derechos fundamentales y las conquistas democr\u00e1ticas, en el marco de un proceso de acumulaci\u00f3n de fuerzas. Entendemos que la emancipaci\u00f3n nacional es obra de los trabajadores y el conjunto de las clases sojuzgadas y no de acciones aisladas.<\/p>\n<p>Respaldamos las justas exigencias por la excarcelaci\u00f3n de los presos pol\u00edticos y por el cese inmediato de los asesinatos, la desaparici\u00f3n forzada y la tortura de los hombres y mujeres que luchan en el campo social y popular Reiteramos que el exterminio de los opositores es un m\u00e9todo que atenta contra el aclimataci\u00f3n de un ambiente democr\u00e1tico y civilista. De tales procederes ha sido especial sacrificado el movimiento sindical, al cual se le persiguen sin contemplaci\u00f3n y se le desconocen sus mas elementales derechos a la asociaci\u00f3n, la saciaci\u00f3n colectiva y a la huelga.<\/p>\n<p>La experiencia nos indica que la utilizaci\u00f3n de los m\u00e9todos represivos o los postulados \u201crepublicanos y humanitarios\u201d\u2019; la alternaci\u00f3n de la tiran\u00eda militar con la civil, la represi\u00f3n abierta con la encubierta, el \u201cgran garrote\u201d, con la \u201czanahoria\u201d, obedecen simplemente a la necesidad de los sectores dominantes de mantener sus beneficios y fortalecer su supremac\u00eda. En tal sentido, la aplicaci\u00f3n de la pol\u00edtica de \u201cseguridad democr\u00e1tica\u201d, le cierra el camino ala b\u00fasqueda de una soluci\u00f3n pol\u00edtica al enfrentamiento armado, la cual debe darse sin injerencia de ninguna potencia extranjera y sin mancillar la ya deteriorada soberan\u00eda nacional.<\/p>\n<p>La soluci\u00f3n pol\u00edtica del conflicto interno debe darse mediante las negociaciones entre la insurgencia y el gobierno, con base en el reconocimiento mutuo, los compromisos bilaterales y los acuerdos justos con garant\u00edas reales. En cuanto a la amnist\u00eda debe ser fruto de una negociaci\u00f3n entre el gobierno y las agrupaciones, que en su contra, se han alzado en armas. Las transformaciones que requiere Colombia ser\u00e1n fruto del arduo trabajo de varios sectores y el establecimiento de un clima de controversia civilizada, es una condici\u00f3n previa que requiere de un pronto y cabal arreglo sobre la base de la m\u00e1s amplia libertad pol\u00edtica, el respeto pleno a los derechos de los trabajadores y las garant\u00edas sin restricciones para la participaci\u00f3n del pueblo en la b\u00fasqueda de cambios democr\u00e1ticos. Adem\u00e1s, las batallas por las libertades p\u00fablicas no deben diluir el decisivo problema de que por m\u00e1s democr\u00e1tico que sea el r\u00e9gimen, no dejar\u00e1 de ser el avasallamiento de la mayor\u00eda por una minor\u00eda.<\/p>\n<p>La paz no significa la ausencia de conflictos, sino la posibilidad de que la lucha se pueda adelantar sin acciones terroristas, en todas sus manifestaciones, como formas para resolver contradicciones ideol\u00f3gicas o pol\u00edticas. Rechazamos el secuestro, la extorsi\u00f3n, al boleteo la masacre y el genocidio y la utilizaci\u00f3n que hace el gobierno de tales acciones para estigmatizar la lucha democr\u00e1tica y popular.<\/p>\n<p>A nuestro modo de ver, estamos entrando en una fase de dictadura civil, que basa toda su legitimidad en el manejo de los medios, el sometimiento del Parlamento y la represi\u00f3n a la posibilidad de expresiones alternativas populares. El derecho a hablar, disentir, reclamar y exigir justicia, estar\u00e1 cada d\u00eda m\u00e1s coartado. La relaci\u00f3n entre la democracia y la lucha por profundas transformaciones econ\u00f3micas y sociales es dial\u00e9ctica, dependiente una de la otra, pero siempre habr\u00e1 una en primer plano, de acuerdo al momento pol\u00edtico nacional e internacional. En este momento, es de suma importancia defender los derechos democr\u00e1ticos y la libertad de expresi\u00f3n, pero tendremos que resistir la nueva cascada de reformas econ\u00f3micas y sociales, a\u00fan si no contamos con las garant\u00edas m\u00ednimas para realizar nuestra acci\u00f3n pol\u00edtica de movilizaci\u00f3n y protesta.<\/p>\n<p>Llamamos la m\u00e1s amplia unidad por la defensa de los derechos democr\u00e1ticos, la soluci\u00f3n pol\u00edtica al conflicto y contra el terrorismo en todas sus manifestaciones.<\/p>\n","protected":false},"excerpt":{"rendered":"<p>Encuentro Nacional de Organizaciones Pol\u00edticas y Sociales, Bogot\u00e1, abril 30 de 2004 Hoy el imperialismo intenta imponer a los pueblos del mundo su avallasamiento, mediante el genocidio y la guerra, llevando a cabo una cruzada con el pretexto de la \u201clucha contra el terrorismo\u201d. Con ese pretexto se procedi\u00f3 a invadir a IRAK y AFGANIST\u00c1N, [&hellip;]<\/p>\n","protected":false},"author":1,"featured_media":0,"comment_status":"open","ping_status":"open","sticky":false,"template":"","format":"standard","meta":{"advanced_seo_description":"","jetpack_seo_html_title":"","jetpack_seo_noindex":false,"_jetpack_memberships_contains_paid_content":false,"footnotes":""},"categories":[7],"tags":[],"class_list":["post-656","post","type-post","status-publish","format-standard","hentry","category-pronunciamientos-de-organizaciones-sociales"],"jetpack_featured_media_url":"","jetpack-related-posts":[{"id":486,"url":"https:\/\/moir.com.co\/web\/a-movilizarnos-el-12-de-marzo-contra-el-paquetazo-de-reformas-neoliberales-que-incrementa-la-pobreza-y-el-desempleo\/","url_meta":{"origin":656,"position":0},"title":"A MOVILIZARNOS EL 12 DE MARZO CONTRA EL PAQUETAZO DE REFORMAS NEOLIBERALES QUE INCREMENTA LA POBREZA Y EL DESEMPLEO!!!!","author":"admin","date":"agosto 9, 2004","format":false,"excerpt":"Central Unitaria de Trabajadores, marzo 4 de 2003 La situaci\u00f3n econ\u00f3mica, pol\u00edtica y social del pa\u00eds sigue siendo cr\u00edtica y se profundiza con la aplicaci\u00f3n del \u201cpaquetazo de reformas neoliberales (laboral, tributaria, pensional, de reestructuraci\u00f3n del Estado y referendo)\u201d, las cuales han incrementado la pobreza absoluta, el desempleo y la\u2026","rel":"","context":"En \u00abPronunciamientos de Organizaciones Sociales\u00bb","block_context":{"text":"Pronunciamientos de Organizaciones Sociales","link":"https:\/\/moir.com.co\/web\/category\/pronunciamientos-de-organizaciones-sociales\/"},"img":{"alt_text":"","src":"","width":0,"height":0},"classes":[]},{"id":1887,"url":"https:\/\/moir.com.co\/web\/declaracion-de-la-gran-coalicion-democratica-y-de-la-alianza-social-continental\/","url_meta":{"origin":656,"position":1},"title":"DECLARACI\u00d3N DE LA GRAN COALICI\u00d3N DEMOCR\u00c1TICA Y DE LA ALIANZA SOCIAL CONTINENTAL","author":"admin","date":"marzo 11, 2007","format":false,"excerpt":"\u00a1FUERA BUSH, PRESIDENTE DE LA GUERRA Y EL SAQUEO, DE AM\u00c9RICA LATINA! LA MILITARIZACI\u00d3N Y EL \u201cLIBRE COMERCIO\u201d NO SON BIENVENIDOS Bogot\u00e1, marzo 11 de 2007\u00a0 La visita del presidente de Estados Unidos, George W. Bush, a Uruguay, Brasil, Colombia, Guatemala y M\u00e9xico representa una ofensa y una amenaza para\u2026","rel":"","context":"En \u00abPronunciamientos de Organizaciones Sociales\u00bb","block_context":{"text":"Pronunciamientos de Organizaciones Sociales","link":"https:\/\/moir.com.co\/web\/category\/pronunciamientos-de-organizaciones-sociales\/"},"img":{"alt_text":"","src":"","width":0,"height":0},"classes":[]},{"id":2551,"url":"https:\/\/moir.com.co\/web\/la-minga-continua-no-somos-ni-condonamos-terroristas\/","url_meta":{"origin":656,"position":2},"title":"La Minga Contin\u00faa. No somos, ni condonamos Terroristas.","author":"admin","date":"octubre 16, 2008","format":false,"excerpt":"Asociaci\u00f3n de Cabildos Ind\u00edgenas del Norte del Cauca, octubre 16 de 2008 La Minga de los Pueblos crece. El Presidente Uribe ha mentido de una manera tan desmesurada y evidente que hasta los medios de comunicaci\u00f3n a su servicio, dedicados a hacerle eco, lo han puesto en evidencia. Ha dicho\u2026","rel":"","context":"En \u00abPronunciamientos de Organizaciones Sociales\u00bb","block_context":{"text":"Pronunciamientos de Organizaciones Sociales","link":"https:\/\/moir.com.co\/web\/category\/pronunciamientos-de-organizaciones-sociales\/"},"img":{"alt_text":"","src":"","width":0,"height":0},"classes":[]},{"id":829,"url":"https:\/\/moir.com.co\/web\/el-congreso-de-los-pueblos-de-ecuador-convoca-movilizaciones-contra-el-gobierno-de-lucio-gutierrez-el-21-de-agosto-manifiesto-_\/","url_meta":{"origin":656,"position":3},"title":"EL CONGRESO DE LOS PUEBLOS DE ECUADOR CONVOCA MOVILIZACIONES CONTRA EL GOBIERNO DE LUCIO GUTIERREZ EL 21 DE AGOSTO (MANIFIESTO _","author":"admin","date":"agosto 12, 2004","format":false,"excerpt":"Hemos esperado seis meses. Establecimos compromisos con Lucio Guti\u00e9rrez para cumplir el mandato del 21 de Enero del 2000, a fin de refundar la rep\u00fablica, reactivar la producci\u00f3n, salir ordenadamente de la dolarizaci\u00f3n, derrotar la corrupci\u00f3n p\u00fablica y privada, construir un cuarto poder moral de la Naci\u00f3n; detener el ALCA,\u2026","rel":"","context":"En \u00abRevista de Prensa\u00bb","block_context":{"text":"Revista de Prensa","link":"https:\/\/moir.com.co\/web\/category\/prensa\/revista-de-prensa\/"},"img":{"alt_text":"","src":"","width":0,"height":0},"classes":[]},{"id":8564,"url":"https:\/\/moir.com.co\/web\/se-gesta-la-creacion-del-comite-de-solidaridad-de-la-guajira-con-palestina\/","url_meta":{"origin":656,"position":4},"title":"Se gesta la creaci\u00f3n del Comit\u00e9 de Solidaridad de La Guajira con Palestina","author":"admin","date":"julio 16, 2014","format":false,"excerpt":"Dado los actos de genocidio llevado a cabo por el estado sionista de Israel con la anuencia del imperialismo norteamericano y de la Uni\u00f3n Europea y con la complicidad del gobierno de Juan Manuel Santos, contra el pueblo palestino no podemos permanecer en silencio por lo tanto, llamamos a todas\u2026","rel":"","context":"En \u00abPronunciamientos de Organizaciones Sociales\u00bb","block_context":{"text":"Pronunciamientos de Organizaciones Sociales","link":"https:\/\/moir.com.co\/web\/category\/pronunciamientos-de-organizaciones-sociales\/"},"img":{"alt_text":"","src":"","width":0,"height":0},"classes":[]},{"id":7882,"url":"https:\/\/moir.com.co\/web\/no-mas-terror-contra-dirigentes-y-militantes-del-polo\/","url_meta":{"origin":656,"position":5},"title":"No m\u00e1s terror contra dirigentes y militantes del Polo!!","author":"admin","date":"septiembre 8, 2013","format":false,"excerpt":"A las recientes amenazas contra el Partido, varios de sus dirigentes nacionales y regionales, parlamentarios y sindicalistas, acaba de ocurrir otra no menos preocupante. Mediante mensaje de texto al tel\u00e9fono celular, fue amenazado el compa\u00f1ero Wilson Arias, Representante a la C\u00e1mara por el departamento de Valle del Cauca, a \u00c1lvaro\u2026","rel":"","context":"En \u00abPolo Democr\u00e1tico Alternativo\u00bb","block_context":{"text":"Polo Democr\u00e1tico Alternativo","link":"https:\/\/moir.com.co\/web\/category\/polo-democratico-alternativo\/"},"img":{"alt_text":"","src":"","width":0,"height":0},"classes":[]}],"jetpack_sharing_enabled":true,"_links":{"self":[{"href":"https:\/\/moir.com.co\/web\/wp-json\/wp\/v2\/posts\/656","targetHints":{"allow":["GET"]}}],"collection":[{"href":"https:\/\/moir.com.co\/web\/wp-json\/wp\/v2\/posts"}],"about":[{"href":"https:\/\/moir.com.co\/web\/wp-json\/wp\/v2\/types\/post"}],"author":[{"embeddable":true,"href":"https:\/\/moir.com.co\/web\/wp-json\/wp\/v2\/users\/1"}],"replies":[{"embeddable":true,"href":"https:\/\/moir.com.co\/web\/wp-json\/wp\/v2\/comments?post=656"}],"version-history":[{"count":0,"href":"https:\/\/moir.com.co\/web\/wp-json\/wp\/v2\/posts\/656\/revisions"}],"wp:attachment":[{"href":"https:\/\/moir.com.co\/web\/wp-json\/wp\/v2\/media?parent=656"}],"wp:term":[{"taxonomy":"category","embeddable":true,"href":"https:\/\/moir.com.co\/web\/wp-json\/wp\/v2\/categories?post=656"},{"taxonomy":"post_tag","embeddable":true,"href":"https:\/\/moir.com.co\/web\/wp-json\/wp\/v2\/tags?post=656"}],"curies":[{"name":"wp","href":"https:\/\/api.w.org\/{rel}","templated":true}]}}