{"id":654,"date":"2004-08-11T07:00:00","date_gmt":"2004-08-11T07:00:00","guid":{"rendered":"https:\/\/moir.org.co\/web\/uso-medellin-respalda-la-huelga-de-sintrainagro-en-defensa-de-la-contratacion-colectiva\/"},"modified":"2004-08-11T07:00:00","modified_gmt":"2004-08-11T07:00:00","slug":"uso-medellin-respalda-la-huelga-de-sintrainagro-en-defensa-de-la-contratacion-colectiva","status":"publish","type":"post","link":"https:\/\/moir.com.co\/web\/uso-medellin-respalda-la-huelga-de-sintrainagro-en-defensa-de-la-contratacion-colectiva\/","title":{"rendered":"USO, MEDELLIN, RESPALDA LA HUELGA DE SINTRAINAGRO EN DEFENSA DE LA CONTRATACI\u00d3N COLECTIVA"},"content":{"rendered":"<p>Medell\u00edn, Mayo 28 de 2004<\/p>\n<p>Compa\u00f1ero<br \/>\nOSWALDO CUADRADO<br \/>\nPresidente Junta Directiva<br \/>\nSINTRAINAGRO <\/p>\n<p>Reciba un fraternal y solidario saludo de la Subdirectiva Medell\u00edn de la Uni\u00f3n Sindical Obrera de la Industria del Petr\u00f3leo USO, en este segundo d\u00eda de la huelga indefinida que adelantan los diecis\u00e9is mil trabajadores bananeros de la zona de Urab\u00e1. <\/p>\n<p>La organizaci\u00f3n que usted preside tom\u00f3 una decisi\u00f3n que merece todo nuestro respaldo, ya que las exigencias de los empresarios en el sentido de cambiar los contratos directos entre patronos y trabajadores por contratos a trav\u00e9s de cooperativas de trabajo asociado, son absolutamente inaceptables y representar\u00edan una grave lesi\u00f3n para las condiciones de vida de los trabajadores y un duro golpe a los derechos de asociaci\u00f3n y contrataci\u00f3n colectiva. <\/p>\n<p>La huelga que nosotros acabamos de terminar victoriosamente, aunque en los aspectos particulares tuvo motivaciones diferentes a la de ustedes, pues nuestros objetivos se centraban m\u00e1s en el rechazo a la pol\u00edtica petrolera del gobierno de Uribe, que profundiza la entrega de nuestro petr\u00f3leo a las multinacionales norteamericanas, en el fondo coinciden con la de SINTRAINAGRO en la medida que ambas atacan aspectos de la misma pol\u00edtica neoliberal que es el veh\u00edculo de la recolonizaci\u00f3n gringa. <\/p>\n<p>La pol\u00edtica imperialista impuesta a Colombia requiere salarios muy bajos, eliminaci\u00f3n de las organizaciones sindicales, privatizaciones, saqueo de recursos naturales y entrega de nuestro mercado. <\/p>\n<p>Por eso no vacilamos en manifestar nuestra m\u00e1s entusiasta solidaridad, por su intermedio, a todos los valientes obreros bananeros y a sus familias. <\/p>\n<p>Fraternalmente,  <\/p>\n<p>UNION SINDICAL OBRERA DE LA INDUSTRIA DEL PETROLEO, SECCIONAL MEDELLIN<\/p>\n<p>ELADIO ECHAVARRIA AGUDELO<br \/>\nPresidente<\/p>\n","protected":false},"excerpt":{"rendered":"<p>Medell\u00edn, Mayo 28 de 2004 Compa\u00f1ero OSWALDO CUADRADO Presidente Junta Directiva SINTRAINAGRO Reciba un fraternal y solidario saludo de la Subdirectiva Medell\u00edn de la Uni\u00f3n Sindical Obrera de la Industria del Petr\u00f3leo USO, en este segundo d\u00eda de la huelga indefinida que adelantan los diecis\u00e9is mil trabajadores bananeros de la zona de Urab\u00e1. La organizaci\u00f3n [&hellip;]<\/p>\n","protected":false},"author":1,"featured_media":0,"comment_status":"open","ping_status":"open","sticky":false,"template":"","format":"standard","meta":{"advanced_seo_description":"","jetpack_seo_html_title":"","jetpack_seo_noindex":false,"_jetpack_memberships_contains_paid_content":false,"footnotes":""},"categories":[7],"tags":[],"class_list":["post-654","post","type-post","status-publish","format-standard","hentry","category-pronunciamientos-de-organizaciones-sociales"],"jetpack_featured_media_url":"","jetpack-related-posts":[{"id":3064,"url":"https:\/\/moir.com.co\/web\/la-cut-respalda-la-huelga-de-17-mil-trabajadores-bananeros\/","url_meta":{"origin":654,"position":0},"title":"La CUT respalda la huelga de 17 mil trabajadores bananeros","author":"admin","date":"mayo 10, 2009","format":false,"excerpt":"M\u00e1s de 60 mil familias se ver\u00e1n afectadas por par\u00e1lisis en el sector bananero. La Central Unitaria de Trabajadores de Colombia CUT, manifiesta el respaldo a su sindicato filial, Sintrainagro, quien entr\u00f3 en huelga a la medianoche de este jueves, luego que fracasaran las negociaciones del pliego de peticiones en\u2026","rel":"","context":"En \u00abPronunciamientos de Organizaciones Sociales\u00bb","block_context":{"text":"Pronunciamientos de Organizaciones Sociales","link":"https:\/\/moir.com.co\/web\/category\/pronunciamientos-de-organizaciones-sociales\/"},"img":{"alt_text":"","src":"","width":0,"height":0},"classes":[]},{"id":3027,"url":"https:\/\/moir.com.co\/web\/robledo-da-su-apoyo-a-las-justas-peticiones-del-sindicato-bananero-sintrainagro\/","url_meta":{"origin":654,"position":1},"title":"ROBLEDO DA SU APOYO A LAS JUSTAS PETICIONES DEL SINDICATO BANANERO SINTRAINAGRO","author":"admin","date":"abril 27, 2009","format":false,"excerpt":"El senador Jorge Enrique Robledo, del Polo Democr\u00e1tico, brind\u00f3 su apoyo solidario al pliego de peticiones presentado a la organizaci\u00f3n empresarial Augura por los trabajadores bananeros de Urab\u00e1 afiliados a Sintrainagro. Despu\u00e9s de haber votado la huelga el jueves 23 de abril como \u00faltimo recurso para obligar a Augura a\u2026","rel":"","context":"En \u00abJorge Enrique Robledo\u00bb","block_context":{"text":"Jorge Enrique Robledo","link":"https:\/\/moir.com.co\/web\/category\/jorge-enrique-robledo\/"},"img":{"alt_text":"","src":"","width":0,"height":0},"classes":[]},{"id":3022,"url":"https:\/\/moir.com.co\/web\/conflicto-laboral-en-uraba-entrevista-a-guillermo-rivera-presidente-de-sintrainagro\/","url_meta":{"origin":654,"position":2},"title":"Conflicto laboral en Urab\u00e1: Entrevista a Guillermo Rivera, Presidente de SINTRAINAGRO","author":"admin","date":"abril 26, 2009","format":false,"excerpt":"Entre hoy y el 4 de mayo podr\u00eda declararse la hora cero para el inicio de la huelga en la zona bananera de Urab\u00e1, luego de que el pasado mi\u00e9rcoles la votaran por unanimidad m\u00e1s de 14 mil trabajadores que acudieron a las urnas en las 280 fincas de la\u2026","rel":"","context":"En \u00abPronunciamientos de Organizaciones Sociales\u00bb","block_context":{"text":"Pronunciamientos de Organizaciones Sociales","link":"https:\/\/moir.com.co\/web\/category\/pronunciamientos-de-organizaciones-sociales\/"},"img":{"alt_text":"","src":"","width":0,"height":0},"classes":[]},{"id":7346,"url":"https:\/\/moir.com.co\/web\/por-la-intransigencia-del-ingenio-la-cabana-corteros-de-la-cana-se-vieron-obligados-a-entrar-en-cese-de-actividades\/","url_meta":{"origin":654,"position":3},"title":"Por la intransigencia del Ingenio La Caba\u00f1a, corteros de la ca\u00f1a se vieron obligados a entrar en cese de actividades","author":"admin","date":"marzo 7, 2013","format":false,"excerpt":"La huelga se justifica plenamente. Llamado al Ministerio para que conmine a la empresa a discutir el pliego y a reintegrar a los despedidos. La conducta antisindical mantenida durante meses por el Ingenio La Caba\u00f1a super\u00f3 todos los l\u00edmites, dijo hoy el senador Jorge Enrique Robledo, del Polo Democr\u00e1tico, al\u2026","rel":"","context":"En \u00abJorge Enrique Robledo\u00bb","block_context":{"text":"Jorge Enrique Robledo","link":"https:\/\/moir.com.co\/web\/category\/jorge-enrique-robledo\/"},"img":{"alt_text":"","src":"","width":0,"height":0},"classes":[]},{"id":5963,"url":"https:\/\/moir.com.co\/web\/huelga-en-la-palma-africana-para-exigir-que-sea-eliminada-la-intermediacion\/","url_meta":{"origin":654,"position":4},"title":"Huelga en la palma africana para exigir que sea eliminada la intermediaci\u00f3n","author":"admin","date":"septiembre 27, 2011","format":false,"excerpt":"2.500 obreros paralizan actividades en Puerto Wilches, Santander El pliego de peticiones que el 23 de septiembre origin\u00f3 la huelga en Oleaginosas Bucarelia, consorcio palmero situado en Puerto Wilches, fue respaldado ayer por los trabajadores de otras cinco plantaciones, que decidieron tambi\u00e9n paralizar actividades. Son ellas Promociones Agropecuarias Monterrey, Oleaginosas\u2026","rel":"","context":"En \u00abJorge Enrique Robledo\u00bb","block_context":{"text":"Jorge Enrique Robledo","link":"https:\/\/moir.com.co\/web\/category\/jorge-enrique-robledo\/"},"img":{"alt_text":"","src":"","width":0,"height":0},"classes":[]},{"id":21298,"url":"https:\/\/moir.com.co\/web\/resena-sindical-aceb-consolida-posiciones-unitarias\/","url_meta":{"origin":654,"position":5},"title":"Rese\u00f1a sindical: ACEB CONSOLIDA POSICIONES UNITARIAS","author":"admin","date":"febrero 16, 2009","format":false,"excerpt":"Con la asistencia de 101 delegados, en representaci\u00f3n de 34 seccionales, tuvo lugar en Bogot\u00e1 del 28 de julio al 1\u00b0 de agosto la XV Asamblea de Asociaci\u00f3n Colombiana de Empleados Bancarios (ACEB). El evento ratifico por unanimidad las funciones aprobadas por la UNEB y el Sintracreditario, nombr\u00f3 la nueva\u2026","rel":"","context":"En \u00abTribuna Roja N\u00ba 34, Bogot\u00e1; septiembre de 1979\u00bb","block_context":{"text":"Tribuna Roja N\u00ba 34, Bogot\u00e1; septiembre de 1979","link":"https:\/\/moir.com.co\/web\/category\/tribuna-roja\/ediciones-1975-1979\/tribuna-roja-n-34-bogota-septiembre-de-1979\/"},"img":{"alt_text":"","src":"","width":0,"height":0},"classes":[]}],"jetpack_sharing_enabled":true,"_links":{"self":[{"href":"https:\/\/moir.com.co\/web\/wp-json\/wp\/v2\/posts\/654","targetHints":{"allow":["GET"]}}],"collection":[{"href":"https:\/\/moir.com.co\/web\/wp-json\/wp\/v2\/posts"}],"about":[{"href":"https:\/\/moir.com.co\/web\/wp-json\/wp\/v2\/types\/post"}],"author":[{"embeddable":true,"href":"https:\/\/moir.com.co\/web\/wp-json\/wp\/v2\/users\/1"}],"replies":[{"embeddable":true,"href":"https:\/\/moir.com.co\/web\/wp-json\/wp\/v2\/comments?post=654"}],"version-history":[{"count":0,"href":"https:\/\/moir.com.co\/web\/wp-json\/wp\/v2\/posts\/654\/revisions"}],"wp:attachment":[{"href":"https:\/\/moir.com.co\/web\/wp-json\/wp\/v2\/media?parent=654"}],"wp:term":[{"taxonomy":"category","embeddable":true,"href":"https:\/\/moir.com.co\/web\/wp-json\/wp\/v2\/categories?post=654"},{"taxonomy":"post_tag","embeddable":true,"href":"https:\/\/moir.com.co\/web\/wp-json\/wp\/v2\/tags?post=654"}],"curies":[{"name":"wp","href":"https:\/\/api.w.org\/{rel}","templated":true}]}}