{"id":653,"date":"2004-08-11T07:00:00","date_gmt":"2004-08-11T07:00:00","guid":{"rendered":"https:\/\/moir.org.co\/web\/continua-el-paro-civico-regional-en-copacabana-girardota-y-barbosa\/"},"modified":"2004-08-11T07:00:00","modified_gmt":"2004-08-11T07:00:00","slug":"continua-el-paro-civico-regional-en-copacabana-girardota-y-barbosa","status":"publish","type":"post","link":"https:\/\/moir.com.co\/web\/continua-el-paro-civico-regional-en-copacabana-girardota-y-barbosa\/","title":{"rendered":"CONTINUA EL PARO C\u00cdVICO REGIONAL EN COPACABANA, GIRARDOTA Y BARBOSA"},"content":{"rendered":"<p>Comisi\u00f3n de Prensa-Comit\u00e9 Intersindical del Norte, Medell\u00edn, 22 de mayo de 2004<\/p>\n<p>Confluyendo con el Paro C\u00edvico Nacional decretado por las centrales obreras, los trabajadores estatales y diversas fuerzas pol\u00edticas, contra el inicio de negociaciones para el Tratado de Libre Comercio, TLC, entre Estados Unidos y Colombia, simult\u00e1neamente, el Comit\u00e9 Zonal del Norte del Valle de Aburr\u00e1, integrado por representantes de los municipios de Copacabana, Girardota, Barbosa y Bello, decret\u00f3 la realizaci\u00f3n de un PARO CIVICO REGIONAL INDEFINIDO a partir del 18 de mayo, contra el cobro de valorizaci\u00f3n y la instalaci\u00f3n de un \u201cpeajito social\u201d para la construcci\u00f3n de la Doble Calzada Bello-Hatillo.<\/p>\n<p>La valorizaci\u00f3n fue impuesta a los integrantes de la Junta de Valorizaci\u00f3n, conformada ma\u00f1osamente a finales de noviembre, pues no se les consult\u00f3 ni se discuti\u00f3 dicha distribuci\u00f3n. Decretan el cobro para todos los estratos del 1 al 7, este \u00faltimo conformado por comerciantes e industriales, para todos los predios urbanos y rurales, sin excepci\u00f3n.<\/p>\n<p>El \u201cpeajito social\u201d invento antijur\u00eddico de Uribe V\u00e9lez, tambi\u00e9n les fue impuesto a los 4 alcaldes de los citados municipios, a los concejos municipales, a los personeros y a la poblaci\u00f3n en su conjunto, por el propio Presidente Uribe cuando asisti\u00f3 a una exclusiva y selecta sesi\u00f3n de la Asamblea Departamental a comienzos de abril. Ya en la zona, para la Doble Calzada, hay instalados dos peajes, en El Trapiche y en Cabildo, en una v\u00eda alterna. En la troncal occidental, entre Bello y Hatillo, en una distancia de 20 km habr\u00eda dos peajes en la v\u00eda principal y uno por la v\u00eda alterna. As\u00ed el \u201cpeajito social\u201d inicie cobrando $1.500 pesos, la comunidad sabe que a la vuelta de pocos meses se nivelar\u00e1 con el resto de peajes, como lo expres\u00f3 Uribe V\u00e9lez en la Asamblea.<\/p>\n<p>Copacabana inici\u00f3 la movilizaci\u00f3n el martes 18 de mayo con una concentraci\u00f3n en el parque principal a las 6:30 a.m. y sali\u00f3 marchando pac\u00edficamente hacia la autopista donde fueron impedidos de continuar la marcha por el Escuadr\u00f3n Metropolitano Anti Disturbios (Esmad). Golpearon a muchos manifestantes y detuvieron a varios. Esto provoc\u00f3 la reacci\u00f3n de la poblaci\u00f3n que se tom\u00f3 la entrada principal al municipio, llam\u00f3 al cierre de los comercios y a la suspensi\u00f3n del transporte interno, cosa que se hizo. Con enfrentamientos a la salida de la poblaci\u00f3n, el movimiento se ha sostenido ya casi cinco d\u00edas, a pesar de las presiones para levantar el movimiento.<\/p>\n<p>Barbosa y Girardota, al tercer d\u00eda, el jueves 20, tambi\u00e9n convocados por los comit\u00e9s municipales respectivos, dieron inicio a movilizaciones en las que los manifestantes solicitaban el cierre del comercio y la suspensi\u00f3n de transporte en apoyo a la lucha de los habitantes de Copacabana y de rechazo a la Valorizaci\u00f3n y al \u201cpeajito social\u201d. Tambi\u00e9n all\u00ed llegaron m\u00e1s escuadrones del Esmad, siendo la constante, la brutal agresi\u00f3n a los manifestantes y la detenci\u00f3n de muchos de ellos. En ambas poblaciones, el Paro C\u00edvico Regional contin\u00faa, alcanzando ya los tres d\u00edas.<\/p>\n<p>Con Copacabana, Girardota y Barbosa en Paro C\u00edvico Regional Indefinido, se est\u00e1 demostrando la voluntad de la comunidad del norte del Valle de Aburr\u00e1 de no aceptar m\u00e1s impuestos directos e indirectos, contra una poblaci\u00f3n empobrecida como consecuencia de la desindustrializaci\u00f3n que ha vivido esta regi\u00f3n producto de la apertura econ\u00f3mica. Ahora se quiere agravar la situaci\u00f3n con m\u00e1s impuestos y m\u00e1s valorizaci\u00f3n.<\/p>\n<p>El Comit\u00e9 Intersindical del Norte llama a los habitantes del Municipio de Bello a que se solidaricen y luchen contra la valorizaci\u00f3n que los afecta directamente y el \u201cpeajito social\u201d en forma indirecta. En esta lucha justa est\u00e1 toda la zona norte y ya es hora de que expresemos nuestro descontento por las arbitrarias medidas impuestas sumando fuerzas que echar\u00e1n atr\u00e1s tan impopulares medidas.<\/p>\n<p>Comisi\u00f3n de Prensa<br \/>\nComit\u00e9 Intersindical del Norte<\/p>\n","protected":false},"excerpt":{"rendered":"<p>Comisi\u00f3n de Prensa-Comit\u00e9 Intersindical del Norte, Medell\u00edn, 22 de mayo de 2004 Confluyendo con el Paro C\u00edvico Nacional decretado por las centrales obreras, los trabajadores estatales y diversas fuerzas pol\u00edticas, contra el inicio de negociaciones para el Tratado de Libre Comercio, TLC, entre Estados Unidos y Colombia, simult\u00e1neamente, el Comit\u00e9 Zonal del Norte del Valle [&hellip;]<\/p>\n","protected":false},"author":1,"featured_media":0,"comment_status":"open","ping_status":"open","sticky":false,"template":"","format":"standard","meta":{"advanced_seo_description":"","jetpack_seo_html_title":"","jetpack_seo_noindex":false,"_jetpack_memberships_contains_paid_content":false,"footnotes":""},"categories":[7],"tags":[],"class_list":["post-653","post","type-post","status-publish","format-standard","hentry","category-pronunciamientos-de-organizaciones-sociales"],"jetpack_featured_media_url":"","jetpack-related-posts":[{"id":652,"url":"https:\/\/moir.com.co\/web\/por-que-estamos-en-paro-civico-regional-contra-la-valorizacion-y-los-peajes\/","url_meta":{"origin":653,"position":0},"title":"\u00bfPOR QU\u00c9 ESTAMOS EN PARO C\u00cdVICO REGIONAL CONTRA LA VALORIZACI\u00d3N Y LOS PEAJES?","author":"admin","date":"agosto 11, 2004","format":false,"excerpt":"Mayo 31 de 2004 Queremos ilustrar a los habitantes del Valle de Aburr\u00e1, de las causas por las cuales estamos en Paro C\u00edvico Regional en el norte, de los alcances de nuestra lucha, del mecanismo de la tregua pactada y del futuro del movimiento. La obra Doble Calzada Bello-Hatillo la\u2026","rel":"","context":"En \u00abPronunciamientos de Organizaciones Sociales\u00bb","block_context":{"text":"Pronunciamientos de Organizaciones Sociales","link":"https:\/\/moir.com.co\/web\/category\/pronunciamientos-de-organizaciones-sociales\/"},"img":{"alt_text":"","src":"","width":0,"height":0},"classes":[]},{"id":647,"url":"https:\/\/moir.com.co\/web\/el-comando-departamental-unitario-respalda-el-paro-civico-de-los-habitantes-de-copacabana-contra-el-peajito-social\/","url_meta":{"origin":653,"position":1},"title":"EL COMANDO DEPARTAMENTAL UNITARIO RESPALDA EL PARO C\u00cdVICO DE LOS HABITANTES DE COPACABANA CONTRA EL PEAJITO &#8220;SOCIAL&#8221;","author":"admin","date":"agosto 11, 2004","format":false,"excerpt":"Medell\u00edn, mayo 18 de 2004. A pesar de que los alcaldes, concejales y comunidades de los municipios del norte del Valle de Aburr\u00e1, le hab\u00edan manifestado por todos los medios p\u00fablicos y privados, su f\u00e9rrea oposici\u00f3n, el Presidente Uribe orden\u00f3 la construcci\u00f3n de las casetas para el cobro del peajito\u2026","rel":"","context":"En \u00abPronunciamientos de Organizaciones Sociales\u00bb","block_context":{"text":"Pronunciamientos de Organizaciones Sociales","link":"https:\/\/moir.com.co\/web\/category\/pronunciamientos-de-organizaciones-sociales\/"},"img":{"alt_text":"","src":"","width":0,"height":0},"classes":[]},{"id":1731,"url":"https:\/\/moir.com.co\/web\/no-al-peajito-social\/","url_meta":{"origin":653,"position":2},"title":"NO AL &#8220;PEAJITO&#8221; SOCIAL!","author":"admin","date":"agosto 25, 2004","format":false,"excerpt":"Jaime Montoya y Jorge Aristiz\u00e1bal Corresponsales en Antioquia. La doble calzada hace parte de la Troncal Occidental, una v\u00eda de car\u00e1cter nacional que fue recibida por el departamento y el \u00e1rea metropolitana en la administraci\u00f3n del gobernador \u00c1lvaro Uribe V\u00e9lez, siendo director de Inv\u00edas el anterior gobernador Guillermo Gaviria Echeverri.\u2026","rel":"","context":"En \u00abEL USUARIO N\u00ba9 JULIO-AGOSTO 2004\u00bb","block_context":{"text":"EL USUARIO N\u00ba9 JULIO-AGOSTO 2004","link":"https:\/\/moir.com.co\/web\/category\/temas\/servicios-publicos-articulos-de-actualidad\/el-usuario\/el-usuario-no9-julio-agosto-2004\/"},"img":{"alt_text":"","src":"","width":0,"height":0},"classes":[]},{"id":19903,"url":"https:\/\/moir.com.co\/web\/habitantes-de-bello-se-levantan-contra-la-valorizacion\/","url_meta":{"origin":653,"position":3},"title":"HABITANTES DE BELLO SE LEVANTAN CONTRA LA VALORIZACI\u00d3N","author":"admin","date":"agosto 10, 2004","format":false,"excerpt":"En diciembre de 1999, aprovechando el receso de fin de a\u00f1o, el Instituto Municipal de Proyectos Especiales, Impes, les impuso a los habitantes de Bello el cobro de valorizaci\u00f3n de la Obra 808. \u00c9sta pretende realizarse en las cinco comunas y parte del sector rural de Bello, poblaci\u00f3n de 350\u2026","rel":"","context":"En \u00abTribuna Roja N\u00ba 81, agosto 19 de 2000\u00bb","block_context":{"text":"Tribuna Roja N\u00ba 81, agosto 19 de 2000","link":"https:\/\/moir.com.co\/web\/category\/tribuna-roja\/ediciones-2000-2004\/tribuna-roja-no-81-agosto-19-de-2000\/"},"img":{"alt_text":"","src":"","width":0,"height":0},"classes":[]},{"id":20161,"url":"https:\/\/moir.com.co\/web\/24-barrios-de-medellin-realizan-paro-civico-contra-valorizacion\/","url_meta":{"origin":653,"position":4},"title":"24 BARRIOS DE MEDELL\u00cdN REALIZAN PARO C\u00cdVICO CONTRA VALORIZACI\u00d3N","author":"admin","date":"septiembre 22, 2004","format":false,"excerpt":"Javier Garcia Con la exigencia de que no se recurra al sistema de valorizaci\u00f3n para ampliar la Carrera 76, al occidente de Medell\u00edn, 24 barrios de los sectores de Bel\u00e9n y Laureles que abarcan una poblaci\u00f3n de 300 mil personas saldr\u00e1n al paro c\u00edvico el 6 de abril desde las\u2026","rel":"","context":"En \u00abTribuna Roja N\u00ba 80, abril 27 de 2000\u00bb","block_context":{"text":"Tribuna Roja N\u00ba 80, abril 27 de 2000","link":"https:\/\/moir.com.co\/web\/category\/tribuna-roja\/ediciones-2000-2004\/tribuna-roja-no-80-abril-27-de-2000\/"},"img":{"alt_text":"","src":"","width":0,"height":0},"classes":[]},{"id":448,"url":"https:\/\/moir.com.co\/web\/se-realizo-el-encuentro-de-organizaciones-instituciones-y-empresas-afectadas-por-la-crisis-textil\/","url_meta":{"origin":653,"position":5},"title":"SE REALIZ\u00d3 EL ENCUENTRO DE ORGANIZACIONES, INSTITUCIONES Y EMPRESAS AFECTADAS POR LA CRISIS TEXTIL.","author":"admin","date":"agosto 9, 2004","format":false,"excerpt":"Girardota, Antioquia, octubre 27 de 2002 En la Casa de la Cultura del municipio de Girardota, y presidido por el Alcalde de esa localidad, Dr. Jorge Londo\u00f1o, el Obispo de la Di\u00f3cesis de Girardota Monse\u00f1or H\u00e9ctor Salah Zuleta, el Vicepresidente del Concejo Municipal, Se\u00f1or Mart\u00edn Alonso Bustamante, el Director Ejecutivo\u2026","rel":"","context":"En \u00abPronunciamientos de Organizaciones Sociales\u00bb","block_context":{"text":"Pronunciamientos de Organizaciones Sociales","link":"https:\/\/moir.com.co\/web\/category\/pronunciamientos-de-organizaciones-sociales\/"},"img":{"alt_text":"","src":"","width":0,"height":0},"classes":[]}],"jetpack_sharing_enabled":true,"_links":{"self":[{"href":"https:\/\/moir.com.co\/web\/wp-json\/wp\/v2\/posts\/653","targetHints":{"allow":["GET"]}}],"collection":[{"href":"https:\/\/moir.com.co\/web\/wp-json\/wp\/v2\/posts"}],"about":[{"href":"https:\/\/moir.com.co\/web\/wp-json\/wp\/v2\/types\/post"}],"author":[{"embeddable":true,"href":"https:\/\/moir.com.co\/web\/wp-json\/wp\/v2\/users\/1"}],"replies":[{"embeddable":true,"href":"https:\/\/moir.com.co\/web\/wp-json\/wp\/v2\/comments?post=653"}],"version-history":[{"count":0,"href":"https:\/\/moir.com.co\/web\/wp-json\/wp\/v2\/posts\/653\/revisions"}],"wp:attachment":[{"href":"https:\/\/moir.com.co\/web\/wp-json\/wp\/v2\/media?parent=653"}],"wp:term":[{"taxonomy":"category","embeddable":true,"href":"https:\/\/moir.com.co\/web\/wp-json\/wp\/v2\/categories?post=653"},{"taxonomy":"post_tag","embeddable":true,"href":"https:\/\/moir.com.co\/web\/wp-json\/wp\/v2\/tags?post=653"}],"curies":[{"name":"wp","href":"https:\/\/api.w.org\/{rel}","templated":true}]}}