{"id":650,"date":"2004-08-11T07:00:00","date_gmt":"2004-08-11T07:00:00","guid":{"rendered":"https:\/\/moir.org.co\/web\/politicas-de-uribe-afectan-sector-arrocero\/"},"modified":"2004-08-11T07:00:00","modified_gmt":"2004-08-11T07:00:00","slug":"politicas-de-uribe-afectan-sector-arrocero","status":"publish","type":"post","link":"https:\/\/moir.com.co\/web\/politicas-de-uribe-afectan-sector-arrocero\/","title":{"rendered":"POL\u00cdTICAS DE URIBE AFECTAN SECTOR ARROCERO"},"content":{"rendered":"<p>En la agon\u00eda del gobierno Gaviria los ministros de aquella \u00e9poca se comprometieron en la OMC (Organizaci\u00f3n Mundial del Comercio), que a partir del 1 de enero de 2004 &#8220;la fijaci\u00f3n de  precios de absorci\u00f3n de cosechas quede ligada a los precios internacionales&#8221;, es decir se abandona el criterio con el cual se ven\u00edan fijando los precios de nuestras cosechas, que era con base en los costos de producci\u00f3n.<\/p>\n<p>En consecuencia a partir del 1 de enero los agentes del mercado no tendr\u00e1n que recurrir al Ministerio de Agricultura para obtener la autorizaci\u00f3n de importar productos agropecuarios.<\/p>\n<p>Por lo anterior Minagricultura el 22 de Diciembre de 2003, cit\u00f3 al Concejo Nacional del arroz (m\u00e1ximo organismo que fija precios y cantidad de importaciones del cereal), para confirmar que se hab\u00eda creado el MSA (Mecanismo de Subastas Agropecuarias),el cual deb\u00eda proteger la cosecha nacional al acabarse la absorci\u00f3n de cosechas, y que el nuevo mecanismo estaba ligado a las compras del arroz paddy nacional, que adem\u00e1s tendr\u00eda una protecci\u00f3n arancelaria muy importante; el gobierno habl\u00f3 hasta del 80%.<\/p>\n<p>En reuni\u00f3n posterior del 27 de enero del presente a\u00f1o de los siete miembros del Concejo Nacional del Arroz, ya el gobierno plante\u00f3 una importaci\u00f3n de arroz en cantidad de 180.000 toneladas del grano, decisi\u00f3n que no compartieron: Agameta, Amolillano, Moliarroz y el Comit\u00e9 de Arroceros de Fedearroz de Villavicencio entre otros y aprobaron la decisi\u00f3n los grandes industriales asociados en Induarroz, el Viceministro de Agricultura y la Bolsa Nacional Agropecuaria. Es decir, la Mayor\u00eda de cuatro la neg\u00f3, si hubiese democracia participativa no deber\u00eda haberse realizado la importaci\u00f3n. La decisi\u00f3n de Induarroz era que se deb\u00edan importar 290.000 toneladas para que el precio del  grano no se incremente y que se deb\u00eda revisar el mecanismo de incentivos al almacenamiento, el cual regula la sobreoferta del grano para evitar que los precios se depriman en los meses de agosto, septiembre, octubre que sale el taco de la cosecha Meta y Casanare. Para Induarroz era un esc\u00e1ndalo que los precios hubieran subido de 70.000 a 84.000 en los \u00faltimos 12 meses.<\/p>\n<p>El 5 de marzo se estren\u00f3 el MSA (Mecanismo de Subastas Agropecuarias), con una importaci\u00f3n por medio de subasta en cantidad de 180.000 toneladas de arroz no con arancel del 80% sino del 20%, el cual fue fijado por Minagricultura con el compromiso  que deber\u00edan comprar  por cada tonelada importada, 5 toneladas de arroz  del mercado nacional para los ganadores de la subasta.  <\/p>\n<p>\u00bfC\u00f3mo se lleg\u00f3 a esta alocada importaci\u00f3n que no entendemos, si nos basamos en las cifras del gobierno?<\/p>\n<p>Seg\u00fan el censo DANE en la pagina web de Fedearroz ( 12 de noviembre de 2003, los excedentes de 40.000 nuevas hect\u00e1reas de arroz, cultivadas en el segundo semestre de 2003 garantizaban el abastecimiento en el primer semestre de 2004 con creaci\u00f3n de 8101 nuevos empleos directos. Ya el 27 de enero de 2004 hab\u00eda faltantes entre 180.000 y 290.000 toneladas de paddy seco seg\u00fan los miembros del Concejo interesados en la importaci\u00f3n. Con el solo anuncio de la misma el precio del paddy baj\u00f3 en el mes de marzo de 84.500 a 80.000, y el mercado del arroz blanco y empaquetado se paraliz\u00f3, lo que quiere decir que el mercado estaba abastecido, es decir no se necesitaba la importaci\u00f3n.<\/p>\n<p>Esta lleg\u00f3 en la primera semana de mayo a precio de $81.000 bulto de blanco, con un mercado paralizado y con arroz de contrabando legalizado entrando por Venezuela. Cuando se negoci\u00f3 la importaci\u00f3n, el blanco nacional val\u00eda $92.000 y el arancel fijado no fue sino del 20%; cabe resaltar que \u00fanicamente ingresaron al pa\u00eds 45.000 toneladas de arroz blanco del total subastado, es decir, no entraron las 290.000 toneladas propuestas por Induarroz, ni las 180.000 subastadas; lo anterior no sucedi\u00f3 por voluntad del gobierno, sino porque China compr\u00f3 todo el excedente de arroz que tenia Tailandia y encareci\u00f3 el precio y el flete internacional en mas de 50 d\u00f3lares por tonelada.<\/p>\n<p>En el futuro, ya que las condiciones est\u00e1n dadas, con el MSA podr\u00edamos decir que pueden suceder cosas peores para el sector arrocero, ya que con un mercado internacional a la baja, esta masiva importaci\u00f3n autorizada hubiese deprimido todav\u00eda mas los precios.   <\/p>\n<p> A lo anterior se adiciona  que con el nuevo mecanismo, el arroz no viene del Ecuador sino del pa\u00eds donde lo coticen mas barato como Tailandia en este caso, adem\u00e1s de que si los gringos subsidian en un 100% a sus agricultores, los pa\u00edses asi\u00e1ticos lo hacen en un 400%.<\/p>\n<p>La historia se repite esta semana producto del an\u00e1lisis anterior y de la cosecha grande que sembraron en el Meta y Casanare, la cual se comienza a recolectar en el mes de julio, nos bajaron el precio del arroz paddy nuevamente de 80.000 a 77.000 y 15 d\u00edas de plazo para el pago, raz\u00f3n por la cual sentamos la mas en\u00e9rgica protesta, ya que en el libre mercado, donde el agricultor es un sujeto pasivo, indefenso que depende del control y protecci\u00f3n del estado, el cual no regula siquiera los precios de los insumos y si nos expone a la libre competencia internacional y nacional, de una moliner\u00eda sin control, con estad\u00edsticas del DANE que no funcionan sino en contra del agricultor, llevando a la quiebra a los productores  del campo. <\/p>\n<p>Como si lo anterior fuera poco, no se ha querido por parte del Ministerio fijar el precio para la cosecha Meta y Casanare; y de no hacerse la debacle ser\u00e1 peor para el sector arrocero Nacional, ya que en estos departamentos la carga de paddy se esta pagando a $72.000 y 30 d\u00edas de plazo, y la cosecha no comienza a salir sino en el mes de julio. <\/p>\n<p>&#8220;Los invitamos a una gran reuni\u00f3n para organizar  la resistencia civil, con una protesta o paro arrocero nacional en defensa de nuestra producci\u00f3n&#8221;.<\/p>\n","protected":false},"excerpt":{"rendered":"<p>En la agon\u00eda del gobierno Gaviria los ministros de aquella \u00e9poca se comprometieron en la OMC (Organizaci\u00f3n Mundial del Comercio), que a partir del 1 de enero de 2004 &#8220;la fijaci\u00f3n de precios de absorci\u00f3n de cosechas quede ligada a los precios internacionales&#8221;, es decir se abandona el criterio con el cual se ven\u00edan fijando [&hellip;]<\/p>\n","protected":false},"author":1,"featured_media":0,"comment_status":"open","ping_status":"open","sticky":false,"template":"","format":"standard","meta":{"advanced_seo_description":"","jetpack_seo_html_title":"","jetpack_seo_noindex":false,"_jetpack_memberships_contains_paid_content":false,"footnotes":""},"categories":[7],"tags":[],"class_list":["post-650","post","type-post","status-publish","format-standard","hentry","category-pronunciamientos-de-organizaciones-sociales"],"jetpack_featured_media_url":"","jetpack-related-posts":[{"id":445,"url":"https:\/\/moir.com.co\/web\/el-gobierno-debe-explicar-como-fija-el-precio-del-cafe-en-esta-cosecha\/","url_meta":{"origin":650,"position":0},"title":"\u00a1EL GOBIERNO DEBE EXPLICAR C\u00d3MO FIJA EL PRECIO DEL CAF\u00c9 EN ESTA  COSECHA\u00a1","author":"admin","date":"agosto 9, 2004","format":false,"excerpt":"Unidad Cafetera Nacional, octubre 22 de 2002 Los cafeteros colombianos entienden que, aunque en la reciente reuni\u00f3n de la Organizaci\u00f3n Internacional del Caf\u00e9 (OIC), se decidi\u00f3, entre los pa\u00edses productores y consumidores, destruir 4.5 millones de sacos de mala calidad para eliminar en algo la superproducci\u00f3n e impulsar los precios\u2026","rel":"","context":"En \u00abPronunciamientos de Organizaciones Sociales\u00bb","block_context":{"text":"Pronunciamientos de Organizaciones Sociales","link":"https:\/\/moir.com.co\/web\/category\/pronunciamientos-de-organizaciones-sociales\/"},"img":{"alt_text":"","src":"","width":0,"height":0},"classes":[]},{"id":655,"url":"https:\/\/moir.com.co\/web\/desastre-arrocero-en-colombia-entrevista-a-angel-maria-caballero\/","url_meta":{"origin":650,"position":1},"title":"DESASTRE ARROCERO EN COLOMBIA. ENTREVISTA A ANGEL MAR\u00cdA CABALLERO","author":"admin","date":"agosto 11, 2004","format":false,"excerpt":"Edwin Ballesteros; El Nuevo D\u00eda, mayo 31 de 2004 Un duro ataque a las pol\u00edticas del Gobierno del presidente \u00c1lvaro Uribe V\u00e9lez, por afectar el sector arrocero, hizo desde Ibagu\u00e9 la Asociaci\u00f3n Nacional por la Salvaci\u00f3n Agropecuaria, al llamar a los agricultores de este importante rengl\u00f3n de la econom\u00eda del\u2026","rel":"","context":"En \u00abPronunciamientos de Organizaciones Sociales\u00bb","block_context":{"text":"Pronunciamientos de Organizaciones Sociales","link":"https:\/\/moir.com.co\/web\/category\/pronunciamientos-de-organizaciones-sociales\/"},"img":{"alt_text":"","src":"","width":0,"height":0},"classes":[]},{"id":546,"url":"https:\/\/moir.com.co\/web\/llego-la-catastrofe-arrocera-salvacion-agropecuaria\/","url_meta":{"origin":650,"position":2},"title":"LLEG\u00d3 LA CAT\u00c1STROFE ARROCERA: SALVACI\u00d3N AGROPECUARIA","author":"admin","date":"agosto 10, 2004","format":false,"excerpt":"GERSAN; EL NUEVO DIA\/ 3 agosto de 2003 Una protesta de agricultores tolimenses, en especial de los arroceros, se producir\u00eda la pr\u00f3xima semana en busca de que el Gobierno nacional tome medidas inmediatas para frenar la baja en el precio de la carga de arroz que en las \u00faltimas dos\u2026","rel":"","context":"En \u00abPronunciamientos de Organizaciones Sociales\u00bb","block_context":{"text":"Pronunciamientos de Organizaciones Sociales","link":"https:\/\/moir.com.co\/web\/category\/pronunciamientos-de-organizaciones-sociales\/"},"img":{"alt_text":"","src":"","width":0,"height":0},"classes":[]},{"id":618,"url":"https:\/\/moir.com.co\/web\/la-politica-antinacional-del-gobierno-para-el-sector-arrocero\/","url_meta":{"origin":650,"position":3},"title":"LA POLITICA ANTINACIONAL DEL GOBIERNO PARA EL SECTOR ARROCERO","author":"admin","date":"agosto 11, 2004","format":false,"excerpt":"Villavicencio, Diciembre 29\/200 Doctor Asociaci\u00f3n de Ganaderos y Agricultores del Meta -AGAMETA - Villavicencio, Diciembre 29\/200 Doctor JUAN LUCAS RESTREPO U. Vice Ministro de Agricultura Bogot\u00e1. Apreciado Se\u00f1or, reciba un respetuoso saludo de las directivas de AGAMETA. Despu\u00e9s de leer detenidamente el documento \u201cNuevo mecanismo para absorci\u00f3n de cosechas\u201d y\u2026","rel":"","context":"En \u00abPronunciamientos de Organizaciones Sociales\u00bb","block_context":{"text":"Pronunciamientos de Organizaciones Sociales","link":"https:\/\/moir.com.co\/web\/category\/pronunciamientos-de-organizaciones-sociales\/"},"img":{"alt_text":"","src":"","width":0,"height":0},"classes":[]},{"id":20776,"url":"https:\/\/moir.com.co\/web\/comercializacion-del-plante-una-burla-al-campesino\/","url_meta":{"origin":650,"position":4},"title":"COMERCIALIZACI\u00d3N DEL PLANTE, UNA BURLA AL CAMPESINO","author":"admin","date":"abril 8, 2005","format":false,"excerpt":"(El Comit\u00e9 Prodefensa del Idema, conformado en Caquet\u00e1 por destacadas personalidades, organizaciones sindicales y gremiales del Caquet\u00e1, envi\u00f3 el 10 de marzo una carta al presidente de la Rep\u00fablica. Se publican apartes). Debe usted saber que en plenas zonas cocaleras del Caquet\u00e1 hay campesinos sembrando ma\u00edz. En estos momentos hay\u2026","rel":"","context":"En \u00abTribuna Roja N\u00b0 71, Bogot\u00e1; abril 26 de 1997\u00bb","block_context":{"text":"Tribuna Roja N\u00b0 71, Bogot\u00e1; abril 26 de 1997","link":"https:\/\/moir.com.co\/web\/category\/tribuna-roja\/ediciones-1995-1999\/tribuna-roja-n-71-bogota-abril-26-de-1997\/"},"img":{"alt_text":"","src":"","width":0,"height":0},"classes":[]},{"id":664,"url":"https:\/\/moir.com.co\/web\/polemica-por-importacion-de-arroz-que-derrumba-precios-a-cultivadores-y-crecen-los-del-consumidor\/","url_meta":{"origin":650,"position":5},"title":"POL\u00c9MICA POR IMPORTACI\u00d3N DE ARROZ QUE DERRUMBA PRECIOS A CULTIVADORES Y CRECEN LOS DEL CONSUMIDOR","author":"admin","date":"agosto 11, 2004","format":false,"excerpt":"En el debate est\u00e1n enfrascados La industria molinera, los productores de arroz y el Ministerio de Agricultura. El debate se abri\u00f3 luego de que la carga de 125 kilos que se les compra a los cultivadores cay\u00f3, en solo tres meses, de 85.000 a 77.000 pesos (9%). Mientras tanto, los\u2026","rel":"","context":"En \u00abPronunciamientos de Organizaciones Sociales\u00bb","block_context":{"text":"Pronunciamientos de Organizaciones Sociales","link":"https:\/\/moir.com.co\/web\/category\/pronunciamientos-de-organizaciones-sociales\/"},"img":{"alt_text":"","src":"","width":0,"height":0},"classes":[]}],"jetpack_sharing_enabled":true,"_links":{"self":[{"href":"https:\/\/moir.com.co\/web\/wp-json\/wp\/v2\/posts\/650","targetHints":{"allow":["GET"]}}],"collection":[{"href":"https:\/\/moir.com.co\/web\/wp-json\/wp\/v2\/posts"}],"about":[{"href":"https:\/\/moir.com.co\/web\/wp-json\/wp\/v2\/types\/post"}],"author":[{"embeddable":true,"href":"https:\/\/moir.com.co\/web\/wp-json\/wp\/v2\/users\/1"}],"replies":[{"embeddable":true,"href":"https:\/\/moir.com.co\/web\/wp-json\/wp\/v2\/comments?post=650"}],"version-history":[{"count":0,"href":"https:\/\/moir.com.co\/web\/wp-json\/wp\/v2\/posts\/650\/revisions"}],"wp:attachment":[{"href":"https:\/\/moir.com.co\/web\/wp-json\/wp\/v2\/media?parent=650"}],"wp:term":[{"taxonomy":"category","embeddable":true,"href":"https:\/\/moir.com.co\/web\/wp-json\/wp\/v2\/categories?post=650"},{"taxonomy":"post_tag","embeddable":true,"href":"https:\/\/moir.com.co\/web\/wp-json\/wp\/v2\/tags?post=650"}],"curies":[{"name":"wp","href":"https:\/\/api.w.org\/{rel}","templated":true}]}}