{"id":649,"date":"2004-08-11T07:00:00","date_gmt":"2004-08-11T07:00:00","guid":{"rendered":"https:\/\/moir.org.co\/web\/agresion-a-la-democracia\/"},"modified":"2004-08-11T07:00:00","modified_gmt":"2004-08-11T07:00:00","slug":"agresion-a-la-democracia","status":"publish","type":"post","link":"https:\/\/moir.com.co\/web\/agresion-a-la-democracia\/","title":{"rendered":"AGRESI\u00d3N A LA DEMOCRACIA"},"content":{"rendered":"<p>La Central Unitaria de Trabajadores, CUT, denuncia ante la opini\u00f3n p\u00fablica nacional e internacional que en el d\u00eda de hoy durante la protesta contra el inicio de la conversaciones de la Comunidad Andina con los Estados Unidos para el Tratado del Libre Comercio en la ciudad de Cartagena, el gobierno nacional reprimi\u00f3 violentamente a m\u00e1s de 20 mil marchantes  que se manifestaban pac\u00edficamente.  Los manifestantes fueron atacados con gases lacrim\u00f3genos y fue detenido el Presidente del Movimiento Ciudadano, Bernardo Hoyos y el Representante a la C\u00e1mara, Gustavo Petro.  Esta manifestaci\u00f3n estaba presidida por los Presidentes de las centrales obreras, representantes del Consejo Consultivo Laboral Andino y parlamentarios colombianos, al igual que dirigentes sociales de todo el pa\u00eds.<\/p>\n<p>Solicitamos a la comunidad internacional su solidaridad con el pueblo colombiano y rechazo a las actuaciones autoritarias y antidemocr\u00e1ticas del gobierno de Uribe.<\/p>\n<p>Bogot\u00e1,  D.C., mayo 18 de 2004<\/p>\n<p>COMIT\u00c9 EJECUTIVO NACIONAL DE LA CUT<\/p>\n<p>GUSTAVO TRIANA S\u00c1NCHEZ<br \/>\nSecretario Sector Energ\u00e9tico<\/p>\n","protected":false},"excerpt":{"rendered":"<p>La Central Unitaria de Trabajadores, CUT, denuncia ante la opini\u00f3n p\u00fablica nacional e internacional que en el d\u00eda de hoy durante la protesta contra el inicio de la conversaciones de la Comunidad Andina con los Estados Unidos para el Tratado del Libre Comercio en la ciudad de Cartagena, el gobierno nacional reprimi\u00f3 violentamente a m\u00e1s [&hellip;]<\/p>\n","protected":false},"author":1,"featured_media":0,"comment_status":"open","ping_status":"open","sticky":false,"template":"","format":"standard","meta":{"advanced_seo_description":"","jetpack_seo_html_title":"","jetpack_seo_noindex":false,"_jetpack_memberships_contains_paid_content":false,"footnotes":""},"categories":[7],"tags":[],"class_list":["post-649","post","type-post","status-publish","format-standard","hentry","category-pronunciamientos-de-organizaciones-sociales"],"jetpack_featured_media_url":"","jetpack-related-posts":[{"id":2525,"url":"https:\/\/moir.com.co\/web\/foro-andino-frente-a-la-gran-mineria-alternativas-de-las-comunidades-pueblos-indigenas-y-trabajadores\/","url_meta":{"origin":649,"position":0},"title":"FORO ANDINO FRENTE A LA GRAN MINER\u00cdA: ALTERNATIVAS DE LAS COMUNIDADES, PUEBLOS IND\u00cdGENAS Y TRABAJADORES","author":"admin","date":"septiembre 25, 2008","format":false,"excerpt":"Oficina del senador Robledo, Bogot\u00e1, 24 de septiembre de 2008. El pr\u00f3ximo viernes 26 de septiembre se iniciar\u00e1 el Foro Andino frente a la Gran Miner\u00eda. El evento comenzar\u00e1 con una rueda de prensa en la que participar\u00e1n Miguel Palac\u00edn, director de la Coordinadora Andina de Organizaciones Ind\u00edgenas, Tarcisio Mora,\u2026","rel":"","context":"En \u00abJorge Enrique Robledo\u00bb","block_context":{"text":"Jorge Enrique Robledo","link":"https:\/\/moir.com.co\/web\/category\/jorge-enrique-robledo\/"},"img":{"alt_text":"","src":"","width":0,"height":0},"classes":[]},{"id":3640,"url":"https:\/\/moir.com.co\/web\/comunicado-del-xxiv-secretariado-ejecutivo-del-ccla-y-la-comuande-sobre-las-bases-militares-en-colombia\/","url_meta":{"origin":649,"position":1},"title":"Comunicado del XXIV Secretariado Ejecutivo del CCLA y la COMUANDE sobre las bases militares en Colombia","author":"admin","date":"octubre 14, 2009","format":false,"excerpt":"Pronunciamiento del Secretariado Ejecutivo del Consejo Consultivo Laboral Andino y de la Coordinadora de Mujeres Trabajadoras Andinas contra las bases militares en Colombia. 1. El Gobierno de \u00c1lvaro Uribe ha anunciado la determinaci\u00f3n de otorgar a los Estados Unidos el uso de bases militares en el territorio nacional, a trav\u00e9s\u2026","rel":"","context":"En \u00abPronunciamientos de Organizaciones Sociales\u00bb","block_context":{"text":"Pronunciamientos de Organizaciones Sociales","link":"https:\/\/moir.com.co\/web\/category\/pronunciamientos-de-organizaciones-sociales\/"},"img":{"alt_text":"","src":"","width":0,"height":0},"classes":[]},{"id":3221,"url":"https:\/\/moir.com.co\/web\/afirman-organizaciones-sociales-andinas-en-bogota-tlc-con-la-union-europea-imposibilita-el-desarrollo\/","url_meta":{"origin":649,"position":2},"title":"Afirman organizaciones sociales andinas en Bogot\u00e1: TLC CON LA UNI\u00d3N EUROPEA IMPOSIBILITA EL DESARROLLO","author":"admin","date":"junio 17, 2009","format":false,"excerpt":"Esa fue la conclusi\u00f3n a la que llegaron las organizaciones ind\u00edgenas, sindicales, de mujeres, de derechos humanos, de Europa, Per\u00fa, Colombia y Ecuador, reunidas en el Foro: TLC con la Uni\u00f3n Europea, Vuelven las Carabelas, realizado el 17 de junio en la Universidad Nacional, convocado por RECALCA y la Campa\u00f1a\u2026","rel":"","context":"En \u00ab\u00a1No a los TLC y al ALCA!\u00bb","block_context":{"text":"\u00a1No a los TLC y al ALCA!","link":"https:\/\/moir.com.co\/web\/category\/temas\/no-a-los-tlc-y-al-alca\/"},"img":{"alt_text":"","src":"","width":0,"height":0},"classes":[]},{"id":3565,"url":"https:\/\/moir.com.co\/web\/sindicatos-ue-creen-acuerdo-con-colombia-y-peru-no-recogera-derecho-laboral\/","url_meta":{"origin":649,"position":3},"title":"Sindicatos UE creen acuerdo con Colombia y Per\u00fa no recoger\u00e1 derecho laboral","author":"admin","date":"septiembre 21, 2009","format":false,"excerpt":"La Confederaci\u00f3n Europea de Sindicatos (CES) se ha manifestado hoy en contra de las negociaciones comerciales que lleva a cabo esta semana en Bruselas la Comisi\u00f3n Europea con Colombia y Per\u00fa, al considerar que un mero tratado de libre comercio no tendr\u00e1 en cuenta los derechos de los trabajadores. La\u2026","rel":"","context":"En \u00ab\u00a1No a los TLC y al ALCA!\u00bb","block_context":{"text":"\u00a1No a los TLC y al ALCA!","link":"https:\/\/moir.com.co\/web\/category\/temas\/no-a-los-tlc-y-al-alca\/"},"img":{"alt_text":"","src":"","width":0,"height":0},"classes":[]},{"id":629,"url":"https:\/\/moir.com.co\/web\/la-viii-junta-nacional-respalda-la-movilizacion-andina-contra-el-alca-y-los-tratados-bilaterales-de-libre-comercio-con-estados\/","url_meta":{"origin":649,"position":4},"title":"LA VIII JUNTA NACIONAL RESPALDA LA MOVILIZACI\u00d3N ANDINA CONTRA EL ALCA Y LOS TRATADOS BILATERALES DE LIBRE COMERCIO CON ESTADOS","author":"admin","date":"agosto 11, 2004","format":false,"excerpt":"La Asociaci\u00f3n Nacional por la Salvaci\u00f3n Agropecuaria considerando: Que en el a\u00f1o 2004 se iniciar\u00e1n las negociaciones de acuerdos bilaterales de los pa\u00edses andinos, entre los que se incluye a Colombia, y adem\u00e1s se tiene fijado el final del proceso de construcci\u00f3n del ALCA, Que los estudios y an\u00e1lisis, incluidos\u2026","rel":"","context":"En \u00abPronunciamientos de Organizaciones Sociales\u00bb","block_context":{"text":"Pronunciamientos de Organizaciones Sociales","link":"https:\/\/moir.com.co\/web\/category\/pronunciamientos-de-organizaciones-sociales\/"},"img":{"alt_text":"","src":"","width":0,"height":0},"classes":[]},{"id":636,"url":"https:\/\/moir.com.co\/web\/los-trabajadores-y-trabajadoras-andinos-frente-al-alca-tlc\/","url_meta":{"origin":649,"position":5},"title":"LOS TRABAJADORES Y TRABAJADORAS ANDINOS FRENTE AL ALCA-TLC","author":"admin","date":"agosto 11, 2004","format":false,"excerpt":"Campa\u00f1a Continental contra el ALCA, abril 8 de 2004 Consejo Consultivo Laboral Andino, abril 8 de 2004 El Consejo Consultivo Laboral Andino reunido en la ciudad de Cali, Colombia en el marco de su X Reuni\u00f3n Ordinaria, las 16 Centrales Sindicales que lo integran, luego de una profunda discusi\u00f3n sobre\u2026","rel":"","context":"En \u00abPronunciamientos de Organizaciones Sociales\u00bb","block_context":{"text":"Pronunciamientos de Organizaciones Sociales","link":"https:\/\/moir.com.co\/web\/category\/pronunciamientos-de-organizaciones-sociales\/"},"img":{"alt_text":"","src":"","width":0,"height":0},"classes":[]}],"jetpack_sharing_enabled":true,"_links":{"self":[{"href":"https:\/\/moir.com.co\/web\/wp-json\/wp\/v2\/posts\/649","targetHints":{"allow":["GET"]}}],"collection":[{"href":"https:\/\/moir.com.co\/web\/wp-json\/wp\/v2\/posts"}],"about":[{"href":"https:\/\/moir.com.co\/web\/wp-json\/wp\/v2\/types\/post"}],"author":[{"embeddable":true,"href":"https:\/\/moir.com.co\/web\/wp-json\/wp\/v2\/users\/1"}],"replies":[{"embeddable":true,"href":"https:\/\/moir.com.co\/web\/wp-json\/wp\/v2\/comments?post=649"}],"version-history":[{"count":0,"href":"https:\/\/moir.com.co\/web\/wp-json\/wp\/v2\/posts\/649\/revisions"}],"wp:attachment":[{"href":"https:\/\/moir.com.co\/web\/wp-json\/wp\/v2\/media?parent=649"}],"wp:term":[{"taxonomy":"category","embeddable":true,"href":"https:\/\/moir.com.co\/web\/wp-json\/wp\/v2\/categories?post=649"},{"taxonomy":"post_tag","embeddable":true,"href":"https:\/\/moir.com.co\/web\/wp-json\/wp\/v2\/tags?post=649"}],"curies":[{"name":"wp","href":"https:\/\/api.w.org\/{rel}","templated":true}]}}