{"id":648,"date":"2004-08-11T07:00:00","date_gmt":"2004-08-11T07:00:00","guid":{"rendered":"https:\/\/moir.org.co\/web\/detenido-y-salvajemente-golpeado-dirigente-de-unidad-cafetera-del-municipio-de-andes-en-la-protesta-pacifica-contra-el-tlc-en\/"},"modified":"2004-08-11T07:00:00","modified_gmt":"2004-08-11T07:00:00","slug":"detenido-y-salvajemente-golpeado-dirigente-de-unidad-cafetera-del-municipio-de-andes-en-la-protesta-pacifica-contra-el-tlc-en","status":"publish","type":"post","link":"https:\/\/moir.com.co\/web\/detenido-y-salvajemente-golpeado-dirigente-de-unidad-cafetera-del-municipio-de-andes-en-la-protesta-pacifica-contra-el-tlc-en\/","title":{"rendered":"DETENIDO Y SALVAJEMENTE GOLPEADO DIRIGENTE DE UNIDAD CAFETERA DEL MUNICIPIO DE ANDES EN LA PROTESTA PAC\u00cdFICA CONTRA EL TLC EN"},"content":{"rendered":"<p>Unidad Cafetera Nacional, Medell\u00edn, mayo 18 de 2004.<\/p>\n<p>En medio de la brutal arremetida del gobierno de \u00c1lvaro Uribe contra los veinte mil ciudadanos que protestaban en la ciudad de Cartagena por el inicio de las negociaciones del Tratado de Libre Comercio con los Estados Unidos, fue salvajemente golpeado por la polic\u00eda y detenido el compa\u00f1ero Rigoberto Hern\u00e1ndez, dirigente de UNIDAD CAFETERA en el municipio de Andes, quien adem\u00e1s es miembro de la Junta Directiva del acueducto multiveredal de esa localidad, y presidente de la Junta de Acci\u00f3n Comunal del Barrio Brisas del San Juan; tambi\u00e9n detuvieron al compa\u00f1ero V\u00edctor Alonso Aristizabal directivo de la Asociaci\u00f3n de Productores de Leche de Santuario ASPROLESA.<\/p>\n<p>El \u201ccrimen\u201d cometido por el compa\u00f1ero Hern\u00e1ndez consisti\u00f3 en portar una camiseta con avisos contra el ALCA y el TLC, y por ese grave \u201cdelito\u201d se convirti\u00f3 en objetivo de la pol\u00edtica de seguridad \u201cdemocr\u00e1tica\u201d del gobierno de coraz\u00f3n grande con los monopolios norteamericanos, y mano brutal contra las gentes laboriosas y democr\u00e1ticas.<\/p>\n<p>Exigimos la inmediata liberaci\u00f3n de los compa\u00f1eros Rigoberto Hern\u00e1ndez, V\u00edctor Aristizabal y de todos los detenidos, y convocamos a la ciudadan\u00eda a expresar el m\u00e1s enf\u00e1tico rechazo a la cada vez m\u00e1s arbitraria y antidemocr\u00e1tica administraci\u00f3n del aspirante a la reelecci\u00f3n \u00c1lvaro Uribe V\u00e9lez.<\/p>\n<p>JORGE A. G\u00d3MEZ GALLEGO<br \/>\nCoordinador Departamental.<\/p>\n<p>Organizaci\u00f3n miembro de la ASOCIACI\u00d3N NACIONAL POR LA SALVACI\u00d3N AGROPECUARIA<\/p>\n","protected":false},"excerpt":{"rendered":"<p>Unidad Cafetera Nacional, Medell\u00edn, mayo 18 de 2004. En medio de la brutal arremetida del gobierno de \u00c1lvaro Uribe contra los veinte mil ciudadanos que protestaban en la ciudad de Cartagena por el inicio de las negociaciones del Tratado de Libre Comercio con los Estados Unidos, fue salvajemente golpeado por la polic\u00eda y detenido el [&hellip;]<\/p>\n","protected":false},"author":1,"featured_media":0,"comment_status":"open","ping_status":"open","sticky":false,"template":"","format":"standard","meta":{"advanced_seo_description":"","jetpack_seo_html_title":"","jetpack_seo_noindex":false,"_jetpack_memberships_contains_paid_content":false,"footnotes":""},"categories":[7],"tags":[],"class_list":["post-648","post","type-post","status-publish","format-standard","hentry","category-pronunciamientos-de-organizaciones-sociales"],"jetpack_featured_media_url":"","jetpack-related-posts":[{"id":491,"url":"https:\/\/moir.com.co\/web\/se-ratifica-jornada-de-protesta-por-el-remate-de-la-finca-la-berenice-personalidades-y-dirigentes-se-solidarizan-con-el\/","url_meta":{"origin":648,"position":0},"title":"SE RATIFICA JORNADA DE PROTESTA POR EL REMATE DE LA FINCA  &#8220;LA BERENICE&#8221;. PERSONALIDADES Y DIRIGENTES SE SOLIDARIZAN CON EL","author":"admin","date":"agosto 9, 2004","format":false,"excerpt":"Unidad Cafetera Nacional, marzo 23 de 2003 A medida que se difunde la noticia, crece la indignaci\u00f3n entre los cafeteros del suroeste por el remate anunciado para el pr\u00f3ximo mi\u00e9rcoles 26 de Marzo. Se han pronunciado por la suspensi\u00f3n de \u00e9ste y de todos los remates, un nutrido n\u00famero de\u2026","rel":"","context":"En \u00abPronunciamientos de Organizaciones Sociales\u00bb","block_context":{"text":"Pronunciamientos de Organizaciones Sociales","link":"https:\/\/moir.com.co\/web\/category\/pronunciamientos-de-organizaciones-sociales\/"},"img":{"alt_text":"","src":"","width":0,"height":0},"classes":[]},{"id":20943,"url":"https:\/\/moir.com.co\/web\/bolombolo-paro-exitoso-contra-viento-y-marea\/","url_meta":{"origin":648,"position":1},"title":"BOLOMBOLO: PARO EXITOSO CONTRA VIENTO Y MAREA","author":"admin","date":"mayo 2, 2005","format":false,"excerpt":"Nada impidi\u00f3 que en Bolombolo se aglutinaran m\u00e1s de tres mil cultivadores, que bloquearon la troncal durante doce horas. Ni tampoco que en La Pintada se reunieran cerca de dos mil para corear las consignas de la Unidad Cafetera Nacional. Los numerosos dirigentes que hicieron uso de la palabra en\u2026","rel":"","context":"En \u00abTribuna Roja N\u00b0 61, Bogot\u00e1; septiembre 2 de 1995\u00bb","block_context":{"text":"Tribuna Roja N\u00b0 61, Bogot\u00e1; septiembre 2 de 1995","link":"https:\/\/moir.com.co\/web\/category\/tribuna-roja\/ediciones-1995-1999\/tribuna-roja-n61-bogota-septiembre-2-de-1995\/"},"img":{"alt_text":"","src":"","width":0,"height":0},"classes":[]},{"id":490,"url":"https:\/\/moir.com.co\/web\/jornada-de-resistencia-civil-contra-el-remate-de-fincas-cafeteras-que-se-llevara-a-cabo-el-proximo-miercoles-26-de-marzo-en-e\/","url_meta":{"origin":648,"position":2},"title":"JORNADA DE RESISTENCIA CIVIL CONTRA EL REMATE DE FINCAS CAFETERAS QUE SE LLEVAR\u00c1 A CABO EL PR\u00d3XIMO MI\u00c9RCOLES 26 DE MARZO EN E","author":"admin","date":"agosto 9, 2004","format":false,"excerpt":"Unidad Cafetera Nacional, Medell\u00edn, marzo 20 de 2003 Para el pr\u00f3ximo Mi\u00e9rcoles 26 de Abril fue fijada la fecha del remate de la finca cafetera de propiedad del Se\u00f1or Albeiro Aguirre ubicada en el municipio de Betania por el Juzgado Civil del Circuito de Andes, y por solicitud de los\u2026","rel":"","context":"En \u00abPronunciamientos de Organizaciones Sociales\u00bb","block_context":{"text":"Pronunciamientos de Organizaciones Sociales","link":"https:\/\/moir.com.co\/web\/category\/pronunciamientos-de-organizaciones-sociales\/"},"img":{"alt_text":"","src":"","width":0,"height":0},"classes":[]},{"id":20761,"url":"https:\/\/moir.com.co\/web\/unidad-cafetera-en-santander\/","url_meta":{"origin":648,"position":3},"title":"UNIDAD CAFETERA EN SANTANDER","author":"admin","date":"abril 8, 2005","format":false,"excerpt":"Por Rafael Reyes Con una reuni\u00f3n realizada en la Casa de la Cultura de San Gil, en la cual participaron cerca de 300 caficultores provenientes de Ocamonte, Barichara, Valle de San Jos\u00e9, P\u00e1ramo, Chima, Pinchote, Curit\u00ed, Aratoca, Mogotes y San Gil, el pasado 16 de marzo, fecha en que se\u2026","rel":"","context":"En \u00abTribuna Roja N\u00b0 71, Bogot\u00e1; abril 26 de 1997\u00bb","block_context":{"text":"Tribuna Roja N\u00b0 71, Bogot\u00e1; abril 26 de 1997","link":"https:\/\/moir.com.co\/web\/category\/tribuna-roja\/ediciones-1995-1999\/tribuna-roja-n-71-bogota-abril-26-de-1997\/"},"img":{"alt_text":"","src":"","width":0,"height":0},"classes":[]},{"id":19828,"url":"https:\/\/moir.com.co\/web\/los-puntos-programaticos-de-salvacion-agropecuaria-mas-vivos-hoy-que-nunca\/","url_meta":{"origin":648,"position":4},"title":"\u00abLOS PUNTOS PROGRAM\u00c1TICOS DE SALVACI\u00d3N AGROPECUARIA, M\u00c1S VIVOS HOY QUE NUNCA\u00bb","author":"admin","date":"agosto 10, 2004","format":false,"excerpt":"El paro agropecuario en Antioquia Taponadas principales arterias del suroeste \"Soy un enamorado de estas tierras, pero el banco sigue empe\u00f1ado en que me saca\", dice Esteban Restrepo, joven caficultor de Andes, de la vereda Guaymaral, cuya finca es una de las casi 300 que est\u00e1n para remate en ese\u2026","rel":"","context":"En \u00abTribuna Roja N\u00ba 85, octubre 11 de 2001\u00bb","block_context":{"text":"Tribuna Roja N\u00ba 85, octubre 11 de 2001","link":"https:\/\/moir.com.co\/web\/category\/tribuna-roja\/ediciones-2000-2004\/tribuna-roja-no-85-octubre-11-de-2001\/"},"img":{"alt_text":"","src":"","width":0,"height":0},"classes":[]},{"id":20458,"url":"https:\/\/moir.com.co\/web\/encuentro-de-lideres-cafeteros-del-viejo-caldas\/","url_meta":{"origin":648,"position":5},"title":"ENCUENTRO DE L\u00cdDERES CAFETEROS DEL VIEJO CALDAS","author":"admin","date":"noviembre 26, 2004","format":false,"excerpt":"Durante los d\u00edas 3 y 4 de diciembre se reunieron en Bonafont, corregimiento de Riosucio, 152 l\u00edderes cafeteros, de 64 veredas pertenecientes a 26 municipios del Viejo Caldas, para analizar la situaci\u00f3n actual de la caficultura colombiana y lo que puede ocurrir por el avance de la roya. El encuentro,\u2026","rel":"","context":"En \u00abTribuna Roja N\u00ba 50, Bogot\u00e1, febrero de 1985\u00bb","block_context":{"text":"Tribuna Roja N\u00ba 50, Bogot\u00e1, febrero de 1985","link":"https:\/\/moir.com.co\/web\/category\/tribuna-roja\/ediciones-1985-1989\/tribuna-roja-no-50-bogota-febrero-de-1985\/"},"img":{"alt_text":"","src":"","width":0,"height":0},"classes":[]}],"jetpack_sharing_enabled":true,"_links":{"self":[{"href":"https:\/\/moir.com.co\/web\/wp-json\/wp\/v2\/posts\/648","targetHints":{"allow":["GET"]}}],"collection":[{"href":"https:\/\/moir.com.co\/web\/wp-json\/wp\/v2\/posts"}],"about":[{"href":"https:\/\/moir.com.co\/web\/wp-json\/wp\/v2\/types\/post"}],"author":[{"embeddable":true,"href":"https:\/\/moir.com.co\/web\/wp-json\/wp\/v2\/users\/1"}],"replies":[{"embeddable":true,"href":"https:\/\/moir.com.co\/web\/wp-json\/wp\/v2\/comments?post=648"}],"version-history":[{"count":0,"href":"https:\/\/moir.com.co\/web\/wp-json\/wp\/v2\/posts\/648\/revisions"}],"wp:attachment":[{"href":"https:\/\/moir.com.co\/web\/wp-json\/wp\/v2\/media?parent=648"}],"wp:term":[{"taxonomy":"category","embeddable":true,"href":"https:\/\/moir.com.co\/web\/wp-json\/wp\/v2\/categories?post=648"},{"taxonomy":"post_tag","embeddable":true,"href":"https:\/\/moir.com.co\/web\/wp-json\/wp\/v2\/tags?post=648"}],"curies":[{"name":"wp","href":"https:\/\/api.w.org\/{rel}","templated":true}]}}