{"id":647,"date":"2004-08-11T07:00:00","date_gmt":"2004-08-11T07:00:00","guid":{"rendered":"https:\/\/moir.org.co\/web\/el-comando-departamental-unitario-respalda-el-paro-civico-de-los-habitantes-de-copacabana-contra-el-peajito-social\/"},"modified":"2004-08-11T07:00:00","modified_gmt":"2004-08-11T07:00:00","slug":"el-comando-departamental-unitario-respalda-el-paro-civico-de-los-habitantes-de-copacabana-contra-el-peajito-social","status":"publish","type":"post","link":"https:\/\/moir.com.co\/web\/el-comando-departamental-unitario-respalda-el-paro-civico-de-los-habitantes-de-copacabana-contra-el-peajito-social\/","title":{"rendered":"EL COMANDO DEPARTAMENTAL UNITARIO RESPALDA EL PARO C\u00cdVICO DE LOS HABITANTES DE COPACABANA CONTRA EL PEAJITO &#8220;SOCIAL&#8221;"},"content":{"rendered":"<p>Medell\u00edn, mayo 18 de 2004.<\/p>\n<p>A pesar de que los alcaldes, concejales y comunidades de los municipios del norte del Valle de Aburr\u00e1, le hab\u00edan manifestado por todos los medios p\u00fablicos y privados, su f\u00e9rrea oposici\u00f3n, el Presidente Uribe orden\u00f3 la construcci\u00f3n de las casetas para el cobro del peajito \u201csocial\u201d, destinado a recaudar dineros para la construcci\u00f3n de la doble calzada Bello\u2013Hatillo. Al mismo tiempo, el Departamento Administrativo de Valorizaci\u00f3n Departamental ha anunciado el inicio del cobro del gravamen de valorizaci\u00f3n a todos los propietarios de los 4 municipios de esa zona.<\/p>\n<p>Frente al intento de hacer pagar a pobladores empobrecidos una de las obras claves para la apertura y el Tratado de Libre Comercio con Estados Unidos, la comunidad del Municipio de Copacabana dio inicio a partir de las seis de la ma\u00f1ana del d\u00eda de hoy a un Paro C\u00edvico, que se cumple en un 100% de las actividades de esa localidad.<\/p>\n<p>El escuadr\u00f3n metropolitano anti-disturbios de la Polic\u00eda Nacional (ESMAD), por orden directa del Presidente Uribe, ha arremetido contra las pac\u00edficas marchas de los pobladores con gases lacrim\u00f3genos y ha golpeado brutalmente a los ciudadanos que participan en la protesta, con un saldo hasta el momento de diez heridos y doce detenidos, entre los que se encuentra la Presidenta del Concejo Municipal Blanca Ruth Arango, el concejal Francisco S\u00e1nchez, y el menor de quince a\u00f1os John Freddy Rivera, de quien no da raz\u00f3n la polic\u00eda, pese a que cientos de testigos vieron que fue subido violentamente a una tanqueta de esa instituci\u00f3n.<\/p>\n<p>No queda duda alguna de que la pol\u00edtica de seguridad \u201cdemocr\u00e1tica\u201d, solo dice combatir el terrorismo como un pretexto, pues en realidad est\u00e1 destinada a tratar de sofocar la resistencia civil de los habitantes contra el neoliberalismo y la arbitrariedad.<\/p>\n<p>El Comando Departamental Unitario se solidariza plenamente con los habitantes de Copacabana y el norte del Valle de Aburr\u00e1 y exige a los gobiernos nacional y departamental la libertad inmediata de todos los detenidos y el cese de las provocaciones y la barbarie contra la protesta civilizada de la poblaci\u00f3n. As\u00ed mismo urge a las autoridades para que atiendan con prontitud los justos reclamos de la comunidad.<\/p>\n<p>CARLOS JULIO D\u00cdAZ<br \/>\nPresidente Sub-directiva CUT Antioquia<\/p>\n<p>JORGE A. G\u00d3MEZ G.<br \/>\nSecretario de la Asociaci\u00f3n Nacional por la Salvaci\u00f3n Agropecuaria<\/p>\n","protected":false},"excerpt":{"rendered":"<p>Medell\u00edn, mayo 18 de 2004. A pesar de que los alcaldes, concejales y comunidades de los municipios del norte del Valle de Aburr\u00e1, le hab\u00edan manifestado por todos los medios p\u00fablicos y privados, su f\u00e9rrea oposici\u00f3n, el Presidente Uribe orden\u00f3 la construcci\u00f3n de las casetas para el cobro del peajito \u201csocial\u201d, destinado a recaudar dineros [&hellip;]<\/p>\n","protected":false},"author":1,"featured_media":0,"comment_status":"open","ping_status":"open","sticky":false,"template":"","format":"standard","meta":{"advanced_seo_description":"","jetpack_seo_html_title":"","jetpack_seo_noindex":false,"_jetpack_memberships_contains_paid_content":false,"footnotes":""},"categories":[7],"tags":[],"class_list":["post-647","post","type-post","status-publish","format-standard","hentry","category-pronunciamientos-de-organizaciones-sociales"],"jetpack_featured_media_url":"","jetpack-related-posts":[{"id":653,"url":"https:\/\/moir.com.co\/web\/continua-el-paro-civico-regional-en-copacabana-girardota-y-barbosa\/","url_meta":{"origin":647,"position":0},"title":"CONTINUA EL PARO C\u00cdVICO REGIONAL EN COPACABANA, GIRARDOTA Y BARBOSA","author":"admin","date":"agosto 11, 2004","format":false,"excerpt":"Comisi\u00f3n de Prensa-Comit\u00e9 Intersindical del Norte, Medell\u00edn, 22 de mayo de 2004 Confluyendo con el Paro C\u00edvico Nacional decretado por las centrales obreras, los trabajadores estatales y diversas fuerzas pol\u00edticas, contra el inicio de negociaciones para el Tratado de Libre Comercio, TLC, entre Estados Unidos y Colombia, simult\u00e1neamente, el Comit\u00e9\u2026","rel":"","context":"En \u00abPronunciamientos de Organizaciones Sociales\u00bb","block_context":{"text":"Pronunciamientos de Organizaciones Sociales","link":"https:\/\/moir.com.co\/web\/category\/pronunciamientos-de-organizaciones-sociales\/"},"img":{"alt_text":"","src":"","width":0,"height":0},"classes":[]},{"id":1731,"url":"https:\/\/moir.com.co\/web\/no-al-peajito-social\/","url_meta":{"origin":647,"position":1},"title":"NO AL &#8220;PEAJITO&#8221; SOCIAL!","author":"admin","date":"agosto 25, 2004","format":false,"excerpt":"Jaime Montoya y Jorge Aristiz\u00e1bal Corresponsales en Antioquia. La doble calzada hace parte de la Troncal Occidental, una v\u00eda de car\u00e1cter nacional que fue recibida por el departamento y el \u00e1rea metropolitana en la administraci\u00f3n del gobernador \u00c1lvaro Uribe V\u00e9lez, siendo director de Inv\u00edas el anterior gobernador Guillermo Gaviria Echeverri.\u2026","rel":"","context":"En \u00abEL USUARIO N\u00ba9 JULIO-AGOSTO 2004\u00bb","block_context":{"text":"EL USUARIO N\u00ba9 JULIO-AGOSTO 2004","link":"https:\/\/moir.com.co\/web\/category\/temas\/servicios-publicos-articulos-de-actualidad\/el-usuario\/el-usuario-no9-julio-agosto-2004\/"},"img":{"alt_text":"","src":"","width":0,"height":0},"classes":[]},{"id":652,"url":"https:\/\/moir.com.co\/web\/por-que-estamos-en-paro-civico-regional-contra-la-valorizacion-y-los-peajes\/","url_meta":{"origin":647,"position":2},"title":"\u00bfPOR QU\u00c9 ESTAMOS EN PARO C\u00cdVICO REGIONAL CONTRA LA VALORIZACI\u00d3N Y LOS PEAJES?","author":"admin","date":"agosto 11, 2004","format":false,"excerpt":"Mayo 31 de 2004 Queremos ilustrar a los habitantes del Valle de Aburr\u00e1, de las causas por las cuales estamos en Paro C\u00edvico Regional en el norte, de los alcances de nuestra lucha, del mecanismo de la tregua pactada y del futuro del movimiento. La obra Doble Calzada Bello-Hatillo la\u2026","rel":"","context":"En \u00abPronunciamientos de Organizaciones Sociales\u00bb","block_context":{"text":"Pronunciamientos de Organizaciones Sociales","link":"https:\/\/moir.com.co\/web\/category\/pronunciamientos-de-organizaciones-sociales\/"},"img":{"alt_text":"","src":"","width":0,"height":0},"classes":[]},{"id":6298,"url":"https:\/\/moir.com.co\/web\/impidamos-la-valorizacion-en-barranquilla\/","url_meta":{"origin":647,"position":3},"title":"Impidamos la valorizaci\u00f3n en Barranquilla","author":"admin","date":"febrero 14, 2012","format":false,"excerpt":"El debate sobre la llamada valorizaci\u00f3n II en Barranquilla est\u00e1 al rojo vivo. Este cobro surgi\u00f3 en Colombia en 1921 como un tributo, el impuesto de mejoras, para luego ser transformado en contribuci\u00f3n. Hay razones para que esta contribuci\u00f3n no se mantenga en la legislaci\u00f3n colombiana, como las siguientes: a)\u2026","rel":"","context":"En \u00abTemas\u00bb","block_context":{"text":"Temas","link":"https:\/\/moir.com.co\/web\/category\/temas\/"},"img":{"alt_text":"","src":"","width":0,"height":0},"classes":[]},{"id":8786,"url":"https:\/\/moir.com.co\/web\/de-nuevo-el-frankestein-de-la-valorizacion-azota-a-medellin\/","url_meta":{"origin":647,"position":4},"title":"De nuevo el Frankestein de la valorizaci\u00f3n azota a Medell\u00edn","author":"admin","date":"octubre 11, 2014","format":false,"excerpt":"El gravamen de valorizaci\u00f3n, adem\u00e1s de odioso, antip\u00e1tico, anti \u2013 t\u00e9cnico, regresivo e inequitativo, hab\u00eda sido derrotado por las movilizaciones ciudadanas en Medell\u00edn y desde el a\u00f1o 2000 se encontraba virtualmente sepultado. Pero la administraci\u00f3n fajardista y amiga de los especuladores del suelo de Alonso Salazar, lo revivi\u00f3 mediante el\u2026","rel":"","context":"En \u00abJorge G\u00f3mez Gallego\u00bb","block_context":{"text":"Jorge G\u00f3mez Gallego","link":"https:\/\/moir.com.co\/web\/category\/bitacoras\/jorge-gomez-gallego\/"},"img":{"alt_text":"","src":"","width":0,"height":0},"classes":[]},{"id":7280,"url":"https:\/\/moir.com.co\/web\/resistencia-civil-al-cobro-de-valorizacion-atropello-a-las-comunidades\/","url_meta":{"origin":647,"position":5},"title":"Resistencia civil al cobro de valorizaci\u00f3n, atropello a las comunidades","author":"admin","date":"febrero 21, 2013","format":false,"excerpt":"\u00bfPor qu\u00e9 se sigue cobrando la contribuci\u00f3n de Valorizaci\u00f3n? A pesar de que la mayor\u00eda de los bogotanos tiene sus casas para habitar y no para transarlas comercialmente, o que tambi\u00e9n puede discutirse si una megaobra -de verdad- le sube el valor a un predio, se ha seguido adelante con\u2026","rel":"","context":"En \u00abPronunciamientos de Organizaciones Sociales\u00bb","block_context":{"text":"Pronunciamientos de Organizaciones Sociales","link":"https:\/\/moir.com.co\/web\/category\/pronunciamientos-de-organizaciones-sociales\/"},"img":{"alt_text":"","src":"","width":0,"height":0},"classes":[]}],"jetpack_sharing_enabled":true,"_links":{"self":[{"href":"https:\/\/moir.com.co\/web\/wp-json\/wp\/v2\/posts\/647","targetHints":{"allow":["GET"]}}],"collection":[{"href":"https:\/\/moir.com.co\/web\/wp-json\/wp\/v2\/posts"}],"about":[{"href":"https:\/\/moir.com.co\/web\/wp-json\/wp\/v2\/types\/post"}],"author":[{"embeddable":true,"href":"https:\/\/moir.com.co\/web\/wp-json\/wp\/v2\/users\/1"}],"replies":[{"embeddable":true,"href":"https:\/\/moir.com.co\/web\/wp-json\/wp\/v2\/comments?post=647"}],"version-history":[{"count":0,"href":"https:\/\/moir.com.co\/web\/wp-json\/wp\/v2\/posts\/647\/revisions"}],"wp:attachment":[{"href":"https:\/\/moir.com.co\/web\/wp-json\/wp\/v2\/media?parent=647"}],"wp:term":[{"taxonomy":"category","embeddable":true,"href":"https:\/\/moir.com.co\/web\/wp-json\/wp\/v2\/categories?post=647"},{"taxonomy":"post_tag","embeddable":true,"href":"https:\/\/moir.com.co\/web\/wp-json\/wp\/v2\/tags?post=647"}],"curies":[{"name":"wp","href":"https:\/\/api.w.org\/{rel}","templated":true}]}}