{"id":645,"date":"2004-08-11T07:00:00","date_gmt":"2004-08-11T07:00:00","guid":{"rendered":"https:\/\/moir.org.co\/web\/carta-a-la-cra-contra-el-cargo-fijo-en-las-tarifas-de-los-servicios-publicos-domiciliarios\/"},"modified":"2004-08-11T07:00:00","modified_gmt":"2004-08-11T07:00:00","slug":"carta-a-la-cra-contra-el-cargo-fijo-en-las-tarifas-de-los-servicios-publicos-domiciliarios","status":"publish","type":"post","link":"https:\/\/moir.com.co\/web\/carta-a-la-cra-contra-el-cargo-fijo-en-las-tarifas-de-los-servicios-publicos-domiciliarios\/","title":{"rendered":"CARTA A LA CRA CONTRA EL CARGO FIJO EN LAS TARIFAS DE LOS SERVICIOS P\u00daBLICOS DOMICILIARIOS"},"content":{"rendered":"<p>LigaUSPD, Bogot\u00e1 D.C., 14 de Mayo 2004<\/p>\n<p>Bogot\u00e1 D.C., 14 de Mayo 2004<\/p>\n<p>Se\u00f1ores:<br \/>\nComisi\u00f3n Reguladora De Agua Potable Y Saneamiento B\u00e1sico -CRA-<br \/>\nLa Ciudad<\/p>\n<p>Se\u00f1ores:<\/p>\n<p>La Comisi\u00f3n de Regulaci\u00f3n de Agua Potable y Saneamiento B\u00e1sico se apresta a sacar una nueva metodolog\u00eda que regir\u00e1 las tarifas, para los pr\u00f3ximos 5 a\u00f1os.<\/p>\n<p>Es conocido que las tarifas de los servicios p\u00fablicos domiciliarios, SPD, afecta a todos los estratos de la poblaci\u00f3n, y uno de los rublos, de la formula m\u00e1s injusto e il\u00f3gico es el cargo fijo, pues castiga a las personas que ahorran el consumo del agua. Por ejemplo, en el estrato 2 con el mismo rango, a una persona que gasta 9 metros c\u00fabicos le vale $3.022 m3 y otra con similar ubicaci\u00f3n, que consume 38 metros c\u00fabicos le cobran a $1.677 m3. Adem\u00e1s hay suscriptores a los cuales en un solo predio les cobran m\u00e1s de un cargo fijo. Lo anterior afecta a toda la poblaci\u00f3n, pero son los estratos 1, 2, 3, que suman el 85% de los usuarios, los m\u00e1s afectados, en particular con el cargo fijo y en general con las impagables tarifas de los SPD.<\/p>\n<p>Se\u00f1ores de la CRA con este mitin queremos solicitar la eliminaci\u00f3n real del cargo fijo, petici\u00f3n que est\u00e1 enmarcada dentro de la lucha contra las impagables tarifas de SPD, como consecuencia de la aplicaci\u00f3n del Art. 365. de la C. N., las Leyes 142 y 143 de 1994, y sus decretos reglamentarios, as\u00ed como tambi\u00e9n del sistema de estratificaci\u00f3n.<\/p>\n<p>Es obvio que los representantes el gobierno de Uribe V\u00e9lez, empe\u00f1ado en privatizar las empresas que no est\u00e1n todav\u00eda en manos de los monopolios privados, y en hacer funcionar las empresas p\u00fablicas que quedan con el mismo rasero de las privatizadas, est\u00e9n presionando para que los servicios p\u00fablicos sigan rigi\u00e9ndose por la m\u00e1xima ganancia en detrimento de la poblaci\u00f3n y de sus fuerzas productivas. Agobiante situaci\u00f3n que obliga a familias enteras a tener que decidir entre si se compra el mercado o se pagan los servicios. A los ide\u00f3logos del neoliberalismo hay que recordarles que la gente no se dejar\u00e1 morir de hambre.<\/p>\n<p>No se nos escapa tambi\u00e9n que con el TLC y el ALCA esta pol\u00edtica de estrujar los bolsillos empobrecidos de los colombianos se va a centuplicar, bajo la exigencia de ganancias f\u00e1ciles y seguras de los monopolios norteamericanos.<\/p>\n<p>La LigaUSPD, acompa\u00f1ada por las dem\u00e1s fuerzas, organizaciones, ediles y dirigentes que hoy nos hemos hecho presentes en este mitin de protesta, promover\u00e1 la m\u00e1s amplia unidad y resistencia civil, para que mediante la educaci\u00f3n, la capacitaci\u00f3n, y la movilizaci\u00f3n logremos reconquistar la calidad de servicio p\u00fablico para la energ\u00eda el\u00e9ctrica, el agua, el gas, el tel\u00e9fono, la salud y la educaci\u00f3n, servicios esenciales para el bienestar de la poblaci\u00f3n.<\/p>\n<p>Firmado<br \/>\nRafael Espinel P\u00e1ez<br \/>\nPresidente LigaUSPD<br \/>\nCra. 5 No. 12-38 Int. 202 tel: 281 69 45 celular 300-5668869<br \/>\nligauspd@hotmail.com<\/p>\n","protected":false},"excerpt":{"rendered":"<p>LigaUSPD, Bogot\u00e1 D.C., 14 de Mayo 2004 Bogot\u00e1 D.C., 14 de Mayo 2004 Se\u00f1ores: Comisi\u00f3n Reguladora De Agua Potable Y Saneamiento B\u00e1sico -CRA- La Ciudad Se\u00f1ores: La Comisi\u00f3n de Regulaci\u00f3n de Agua Potable y Saneamiento B\u00e1sico se apresta a sacar una nueva metodolog\u00eda que regir\u00e1 las tarifas, para los pr\u00f3ximos 5 a\u00f1os. Es conocido que [&hellip;]<\/p>\n","protected":false},"author":1,"featured_media":0,"comment_status":"open","ping_status":"open","sticky":false,"template":"","format":"standard","meta":{"advanced_seo_description":"","jetpack_seo_html_title":"","jetpack_seo_noindex":false,"_jetpack_memberships_contains_paid_content":false,"footnotes":""},"categories":[7],"tags":[],"class_list":["post-645","post","type-post","status-publish","format-standard","hentry","category-pronunciamientos-de-organizaciones-sociales"],"jetpack_featured_media_url":"","jetpack-related-posts":[{"id":10247,"url":"https:\/\/moir.com.co\/web\/doble-incremento-oficial-en-tarifas-del-agua\/","url_meta":{"origin":645,"position":0},"title":"Doble incremento oficial en tarifas del agua","author":"admin","date":"julio 7, 2016","format":false,"excerpt":"Un titular de prensa puso a pensar a sectores sociales de la Costa: \u201cAlarma y preocupaci\u00f3n por aumento de tarifas de acueducto\u201d. No era para menos. Se anunciaba un incremento del 40 por ciento en las tarifas del servicio de acueducto y alcantarillado para las ciudades con m\u00e1s de cinco\u2026","rel":"","context":"En \u00abTemas\u00bb","block_context":{"text":"Temas","link":"https:\/\/moir.com.co\/web\/category\/temas\/"},"img":{"alt_text":"","src":"","width":0,"height":0},"classes":[]},{"id":4021,"url":"https:\/\/moir.com.co\/web\/y-el-verano-tambien-les-cuesta\/","url_meta":{"origin":645,"position":1},"title":"Y el verano \u00a1tambi\u00e9n les cuesta!","author":"admin","date":"febrero 1, 2010","format":false,"excerpt":"Por efecto del comportamiento del clima, derivado del cambio y las modificaciones en el r\u00e9gimen de lluvias y sequ\u00edas, de inviernos y veranos, el gobierno, a trav\u00e9s de la Comisi\u00f3n de Regulaci\u00f3n de Agua Potable y Saneamiento B\u00e1sico y el Ministerio de Ambiente, Vivienda y Desarrollo Territorial, expidi\u00f3 la Resoluci\u00f3n\u2026","rel":"","context":"En \u00abOscar Guti\u00e9rrez Reyes\u00bb","block_context":{"text":"Oscar Guti\u00e9rrez Reyes","link":"https:\/\/moir.com.co\/web\/category\/bitacoras\/oscar-gutierrez-reyes\/"},"img":{"alt_text":"","src":"","width":0,"height":0},"classes":[]},{"id":2722,"url":"https:\/\/moir.com.co\/web\/la-politica-tarifaria-de-la-comision-reguladora-de-agua-potable-y-el-derecho-humano-al-agua-2\/","url_meta":{"origin":645,"position":2},"title":"La Pol\u00edtica Tarifaria de la Comisi\u00f3n Reguladora de Agua Potable y el Derecho Humano al Agua","author":"admin","date":"febrero 17, 2009","format":false,"excerpt":"El referendo del agua alcanz\u00f3 una cifra de m\u00e1s de dos millones 100 mil firmas de respaldo y la Registradur\u00eda certific\u00f3 que 2 millones 039 mil eran v\u00e1lidas para continuar el tr\u00e1mite de la iniciativa, lo que gener\u00f3 alegr\u00eda y mayores niveles de compromiso entre las organizaciones y personas comprometidas\u2026","rel":"","context":"En \u00abOscar Guti\u00e9rrez Reyes\u00bb","block_context":{"text":"Oscar Guti\u00e9rrez Reyes","link":"https:\/\/moir.com.co\/web\/category\/bitacoras\/oscar-gutierrez-reyes\/"},"img":{"alt_text":"","src":"","width":0,"height":0},"classes":[]},{"id":1702,"url":"https:\/\/moir.com.co\/web\/persiste-el-drama-de-los-usuarios-nueva-formula-para-calcular-las-tarifas-de-agua\/","url_meta":{"origin":645,"position":3},"title":"PERSISTE EL DRAMA DE LOS USUARIOS: NUEVA F\u00d3RMULA PARA CALCULAR LAS TARIFAS DE AGUA","author":"admin","date":"agosto 22, 2004","format":false,"excerpt":"Javier Gaviria Betancur, Presidente Asociaci\u00f3n Antioque\u00f1a de Ligas de Usuarios de los Servicios P\u00fablicos Domiciliarios Despu\u00e9s de tres a\u00f1os de discusiones, asesor\u00edas y consultor\u00edas (externas, la mayor\u00eda de peritos del Banco Mundial), la Comisi\u00f3n Reguladora de Agua Potable \u2013 CRA, acaba de anunciar p\u00fablicamente al pa\u00eds que ya tiene decidida\u2026","rel":"","context":"En \u00abEL USUARIO N\u00ba8 MARZO-ABRIL 2004\u00bb","block_context":{"text":"EL USUARIO N\u00ba8 MARZO-ABRIL 2004","link":"https:\/\/moir.com.co\/web\/category\/temas\/servicios-publicos-articulos-de-actualidad\/el-usuario\/el-usuario-no8-marzo-abril-2004\/"},"img":{"alt_text":"","src":"","width":0,"height":0},"classes":[]},{"id":3978,"url":"https:\/\/moir.com.co\/web\/un-cheque-mensual\/","url_meta":{"origin":645,"position":4},"title":"Un cheque mensual","author":"admin","date":"enero 24, 2010","format":false,"excerpt":"Es frecuente escuchar la expresi\u00f3n: \u201clleg\u00f3 el cheque mensual\u201d, refiri\u00e9ndose a alguno de los recibos de un servicio p\u00fablico, sea agua, alcantarillado, electricidad, tel\u00e9fono o gas. Por supuesto que es una manera mordaz de recibir unas facturas que se han convertido en uno de los mayores suplicios de los colombianos,\u2026","rel":"","context":"En \u00abTemas\u00bb","block_context":{"text":"Temas","link":"https:\/\/moir.com.co\/web\/category\/temas\/"},"img":{"alt_text":"","src":"","width":0,"height":0},"classes":[]},{"id":9445,"url":"https:\/\/moir.com.co\/web\/la-prorroga-del-contrato-de-aguas-de-cartagena-otro-negociado-mas-gracias-a-las-privatizaciones\/","url_meta":{"origin":645,"position":5},"title":"La pr\u00f3rroga del contrato de Aguas de Cartagena: otro  negociado m\u00e1s gracias a las privatizaciones","author":"admin","date":"junio 10, 2015","format":false,"excerpt":"El Pasado 16 de Abril se llevo a cabo en el Concejo Distrital de Cartagena, el debate sobre la Pr\u00f3rroga del Contrato de Gesti\u00f3n de Residuos integrales por Servicios de Acueducto y Alcantarillado para Aguas de Cartagena (ACUACAR), el cual a pesar de faltar 6 a\u00f1os para su terminaci\u00f3n, fue\u2026","rel":"","context":"En \u00abTemas\u00bb","block_context":{"text":"Temas","link":"https:\/\/moir.com.co\/web\/category\/temas\/"},"img":{"alt_text":"","src":"","width":0,"height":0},"classes":[]}],"jetpack_sharing_enabled":true,"_links":{"self":[{"href":"https:\/\/moir.com.co\/web\/wp-json\/wp\/v2\/posts\/645","targetHints":{"allow":["GET"]}}],"collection":[{"href":"https:\/\/moir.com.co\/web\/wp-json\/wp\/v2\/posts"}],"about":[{"href":"https:\/\/moir.com.co\/web\/wp-json\/wp\/v2\/types\/post"}],"author":[{"embeddable":true,"href":"https:\/\/moir.com.co\/web\/wp-json\/wp\/v2\/users\/1"}],"replies":[{"embeddable":true,"href":"https:\/\/moir.com.co\/web\/wp-json\/wp\/v2\/comments?post=645"}],"version-history":[{"count":0,"href":"https:\/\/moir.com.co\/web\/wp-json\/wp\/v2\/posts\/645\/revisions"}],"wp:attachment":[{"href":"https:\/\/moir.com.co\/web\/wp-json\/wp\/v2\/media?parent=645"}],"wp:term":[{"taxonomy":"category","embeddable":true,"href":"https:\/\/moir.com.co\/web\/wp-json\/wp\/v2\/categories?post=645"},{"taxonomy":"post_tag","embeddable":true,"href":"https:\/\/moir.com.co\/web\/wp-json\/wp\/v2\/tags?post=645"}],"curies":[{"name":"wp","href":"https:\/\/api.w.org\/{rel}","templated":true}]}}