{"id":643,"date":"2004-08-11T07:00:00","date_gmt":"2004-08-11T07:00:00","guid":{"rendered":"https:\/\/moir.org.co\/web\/18-de-mayo-paro-nacional-y-toma-de-cartagena\/"},"modified":"2004-08-11T07:00:00","modified_gmt":"2004-08-11T07:00:00","slug":"18-de-mayo-paro-nacional-y-toma-de-cartagena","status":"publish","type":"post","link":"https:\/\/moir.com.co\/web\/18-de-mayo-paro-nacional-y-toma-de-cartagena\/","title":{"rendered":"\u00a118 DE MAYO: PARO NACIONAL Y TOMA DE CARTAGENA!"},"content":{"rendered":"<p>El Encuentro Nacional de Organizaciones Sindicales, Pol\u00edticas y Sociales realizado los d\u00edas 29 y 30 de abril en Bogot\u00e1 con delegados de m\u00e1s de 800 organizaciones de todo el pa\u00eds, determin\u00f3 respaldar el paro nacional aprobado por las centrales obreras para el d\u00eda 18 de mayo con dos objetivos centrales: <\/p>\n<p>1.     Rechazar rotundamente el inicio de negociaciones de un tratado de libre comercio de los pa\u00edses andinos con Estados Unidos, el cual, con el Alca, constituye la peor emboscada contra la soberan\u00eda, el trabajo y la producci\u00f3n interna de los pa\u00edses latinoamericanos. Con la apertura econ\u00f3mica impuesta desde 1990 por el gobierno norteamericano a trav\u00e9s de los gobiernos de turno se le propin\u00f3 duros golpes a la poblaci\u00f3n arruinando importantes sectores del agro, la industria y el comercio; se privatiz\u00f3 buena parte de las empresas estatales; se endeud\u00f3 el pa\u00eds con los agiotistas internacionales hasta l\u00edmites insoportables; se dispar\u00f3 el desempleo y la pobreza y la miseria campean por toda la naci\u00f3n. Con el tratado de libre comercio y el Alca esta pavorosa situaci\u00f3n se multiplicar\u00eda al infinito, quedando expuesta Colombia a una recolonizaci\u00f3n anunciada. <\/p>\n<p>2.     Respaldar las justas luchas de los sectores en conflicto, tales como: la huelga de la USO en defensa de Ecopetrol como patrimonio de todos los colombiano y que el gobierno de Uribe V\u00e9lez pretende entregar en bandeja de plata a compa\u00f1\u00edas for\u00e1neas; la justa lucha de los trabajadores del Sena contra su privatizaci\u00f3n; las demandas de los empleados judiciales contra la autoritaria reforma a la justicia; la defensa de la educaci\u00f3n, la salud y los servicios p\u00fablicos como fruto de la necesario inversi\u00f3n social del estado y en rechazo al recorte de las transferencias a las entidades territoriales. <\/p>\n<p>El departamento del Magdalena participar\u00e1 en el paro nacional del 18 y 19 de mayo y en la gran toma de Cartagena con una nutrida delegaci\u00f3n. Para dialogar sobre estos temas se est\u00e1 convocando a una rueda de prensa en la sede de Edumag el jueves 13 de mayo a las 4 de la tarde en la que estar\u00e1n presentes: \u00c1ngel Manjarr\u00e9s Correa, presidente de la CUT Magdalena; Antonio Peralta Silvera, presidente de Edumag y Aurelio Su\u00e1rez Montoya, director ejecutivo de la Asociaci\u00f3n Nacional por la Salvaci\u00f3n Agropecuaria. <\/p>\n<p>COMANDO REGIONAL UNITARIO DEL MAGDALENA<\/p>\n<p>ANGEL MANJARES CORREA<br \/>\nPresidente CUT Magdalena y del Comando Regional Unitario<\/p>\n<p>ANTONIO PERALTA SILVERA<br \/>\nPresidente Sindicato de Educadores del Magdalena (Edumag) <\/p>\n<p>LAUREANO C\u00c1EZ TURIZO<br \/>\nSecretario Comando Regional Unitario <\/p>\n<p>HERN\u00c1N P\u00c9REZ ZAPATA<br \/>\nPte As. Col. de  Ingenieros Agr\u00f3nomos <\/p>\n<p>Santa Marta, mayo 11 de 2004<\/p>\n","protected":false},"excerpt":{"rendered":"<p>El Encuentro Nacional de Organizaciones Sindicales, Pol\u00edticas y Sociales realizado los d\u00edas 29 y 30 de abril en Bogot\u00e1 con delegados de m\u00e1s de 800 organizaciones de todo el pa\u00eds, determin\u00f3 respaldar el paro nacional aprobado por las centrales obreras para el d\u00eda 18 de mayo con dos objetivos centrales: 1. Rechazar rotundamente el inicio [&hellip;]<\/p>\n","protected":false},"author":1,"featured_media":0,"comment_status":"open","ping_status":"open","sticky":false,"template":"","format":"standard","meta":{"advanced_seo_description":"","jetpack_seo_html_title":"","jetpack_seo_noindex":false,"_jetpack_memberships_contains_paid_content":false,"footnotes":""},"categories":[7],"tags":[],"class_list":["post-643","post","type-post","status-publish","format-standard","hentry","category-pronunciamientos-de-organizaciones-sociales"],"jetpack_featured_media_url":"","jetpack-related-posts":[{"id":649,"url":"https:\/\/moir.com.co\/web\/agresion-a-la-democracia\/","url_meta":{"origin":643,"position":0},"title":"AGRESI\u00d3N A LA DEMOCRACIA","author":"admin","date":"agosto 11, 2004","format":false,"excerpt":"La Central Unitaria de Trabajadores, CUT, denuncia ante la opini\u00f3n p\u00fablica nacional e internacional que en el d\u00eda de hoy durante la protesta contra el inicio de la conversaciones de la Comunidad Andina con los Estados Unidos para el Tratado del Libre Comercio en la ciudad de Cartagena, el gobierno\u2026","rel":"","context":"En \u00abPronunciamientos de Organizaciones Sociales\u00bb","block_context":{"text":"Pronunciamientos de Organizaciones Sociales","link":"https:\/\/moir.com.co\/web\/category\/pronunciamientos-de-organizaciones-sociales\/"},"img":{"alt_text":"","src":"","width":0,"height":0},"classes":[]},{"id":12367,"url":"https:\/\/moir.com.co\/web\/apoyamos-y-promovemos-los-paros-del-magisterio-y-los-trabajadores-estatales\/","url_meta":{"origin":643,"position":1},"title":"Apoyamos y promovemos los paros del Magisterio y los Trabajadores Estatales","author":"admin","date":"mayo 11, 2017","format":false,"excerpt":"Bogot\u00e1, mayo 10 de 2017 Con la participaci\u00f3n de las tres centrales obreras, Central Unitaria de Trabajadores \u2013CUT-, Confederaci\u00f3n General del Trabajo- CGT-, Confederaci\u00f3n de Trabajadores de Colombia \u2013CTC-, y la Federaci\u00f3n Colombiana de Trabajadores de la Educaci\u00f3n -FECODE, se desarroll\u00f3 una amplia reuni\u00f3n en el d\u00eda de hoy, para\u2026","rel":"","context":"En \u00abEconom\u00eda\u00bb","block_context":{"text":"Econom\u00eda","link":"https:\/\/moir.com.co\/web\/category\/temas\/economia\/"},"img":{"alt_text":"","src":"https:\/\/i0.wp.com\/moir.com.co\/web\/wp-content\/uploads\/2017\/04\/cut.jpg?fit=341%2C200&ssl=1&resize=350%2C200","width":350,"height":200},"classes":[]},{"id":19152,"url":"https:\/\/moir.com.co\/web\/paro-represion-y-violencia\/","url_meta":{"origin":643,"position":2},"title":"Paro, represi\u00f3n y violencia","author":"admin","date":"mayo 20, 2021","format":false,"excerpt":"Jos\u00e9 Arlex Arias, Cartagena, mayo 18 de 2021 El Gobierno Nacional ha lanzado varias estrategias para debilitar el paro con el objetivo de no negociar: La primera es declarar que se trata de espont\u00e1neos que salieron a manifestarse, buscando desconocer el Comando Nacional de Paro \u2013CNP\u2013. Recordemos las razones y\u2026","rel":"","context":"En \u00abPol\u00edtica\u00bb","block_context":{"text":"Pol\u00edtica","link":"https:\/\/moir.com.co\/web\/category\/temas\/politica\/"},"img":{"alt_text":"","src":"https:\/\/i0.wp.com\/moir.com.co\/web\/wp-content\/uploads\/2021\/05\/paronacionalmayo2021.png?fit=800%2C533&ssl=1&resize=350%2C200","width":350,"height":200,"srcset":"https:\/\/i0.wp.com\/moir.com.co\/web\/wp-content\/uploads\/2021\/05\/paronacionalmayo2021.png?fit=800%2C533&ssl=1&resize=350%2C200 1x, https:\/\/i0.wp.com\/moir.com.co\/web\/wp-content\/uploads\/2021\/05\/paronacionalmayo2021.png?fit=800%2C533&ssl=1&resize=525%2C300 1.5x, https:\/\/i0.wp.com\/moir.com.co\/web\/wp-content\/uploads\/2021\/05\/paronacionalmayo2021.png?fit=800%2C533&ssl=1&resize=700%2C400 2x"},"classes":[]},{"id":3094,"url":"https:\/\/moir.com.co\/web\/encuentro-nacional-agropecuario\/","url_meta":{"origin":643,"position":3},"title":"ENCUENTRO NACIONAL AGROPECUARIO","author":"admin","date":"mayo 19, 2009","format":false,"excerpt":"En el Resguardo Ind\u00edgena de San Lorenzo, (Riosucio-Caldas), se est\u00e1 llevando a cabo durante los d\u00edas 18 y 19 de mayo, el Encuentro Nacional por la Defensa de la Seguridad, la Soberan\u00eda Alimentar\u00eda y la Producci\u00f3n Agropecuaria Nacional con 1120 participantes provenientes de organizaciones campesinas de 18 departamentos del pa\u00eds\u2026","rel":"","context":"En \u00abPronunciamientos de Organizaciones Sociales\u00bb","block_context":{"text":"Pronunciamientos de Organizaciones Sociales","link":"https:\/\/moir.com.co\/web\/category\/pronunciamientos-de-organizaciones-sociales\/"},"img":{"alt_text":"","src":"","width":0,"height":0},"classes":[]},{"id":653,"url":"https:\/\/moir.com.co\/web\/continua-el-paro-civico-regional-en-copacabana-girardota-y-barbosa\/","url_meta":{"origin":643,"position":4},"title":"CONTINUA EL PARO C\u00cdVICO REGIONAL EN COPACABANA, GIRARDOTA Y BARBOSA","author":"admin","date":"agosto 11, 2004","format":false,"excerpt":"Comisi\u00f3n de Prensa-Comit\u00e9 Intersindical del Norte, Medell\u00edn, 22 de mayo de 2004 Confluyendo con el Paro C\u00edvico Nacional decretado por las centrales obreras, los trabajadores estatales y diversas fuerzas pol\u00edticas, contra el inicio de negociaciones para el Tratado de Libre Comercio, TLC, entre Estados Unidos y Colombia, simult\u00e1neamente, el Comit\u00e9\u2026","rel":"","context":"En \u00abPronunciamientos de Organizaciones Sociales\u00bb","block_context":{"text":"Pronunciamientos de Organizaciones Sociales","link":"https:\/\/moir.com.co\/web\/category\/pronunciamientos-de-organizaciones-sociales\/"},"img":{"alt_text":"","src":"","width":0,"height":0},"classes":[]},{"id":636,"url":"https:\/\/moir.com.co\/web\/los-trabajadores-y-trabajadoras-andinos-frente-al-alca-tlc\/","url_meta":{"origin":643,"position":5},"title":"LOS TRABAJADORES Y TRABAJADORAS ANDINOS FRENTE AL ALCA-TLC","author":"admin","date":"agosto 11, 2004","format":false,"excerpt":"Campa\u00f1a Continental contra el ALCA, abril 8 de 2004 Consejo Consultivo Laboral Andino, abril 8 de 2004 El Consejo Consultivo Laboral Andino reunido en la ciudad de Cali, Colombia en el marco de su X Reuni\u00f3n Ordinaria, las 16 Centrales Sindicales que lo integran, luego de una profunda discusi\u00f3n sobre\u2026","rel":"","context":"En \u00abPronunciamientos de Organizaciones Sociales\u00bb","block_context":{"text":"Pronunciamientos de Organizaciones Sociales","link":"https:\/\/moir.com.co\/web\/category\/pronunciamientos-de-organizaciones-sociales\/"},"img":{"alt_text":"","src":"","width":0,"height":0},"classes":[]}],"jetpack_sharing_enabled":true,"_links":{"self":[{"href":"https:\/\/moir.com.co\/web\/wp-json\/wp\/v2\/posts\/643","targetHints":{"allow":["GET"]}}],"collection":[{"href":"https:\/\/moir.com.co\/web\/wp-json\/wp\/v2\/posts"}],"about":[{"href":"https:\/\/moir.com.co\/web\/wp-json\/wp\/v2\/types\/post"}],"author":[{"embeddable":true,"href":"https:\/\/moir.com.co\/web\/wp-json\/wp\/v2\/users\/1"}],"replies":[{"embeddable":true,"href":"https:\/\/moir.com.co\/web\/wp-json\/wp\/v2\/comments?post=643"}],"version-history":[{"count":0,"href":"https:\/\/moir.com.co\/web\/wp-json\/wp\/v2\/posts\/643\/revisions"}],"wp:attachment":[{"href":"https:\/\/moir.com.co\/web\/wp-json\/wp\/v2\/media?parent=643"}],"wp:term":[{"taxonomy":"category","embeddable":true,"href":"https:\/\/moir.com.co\/web\/wp-json\/wp\/v2\/categories?post=643"},{"taxonomy":"post_tag","embeddable":true,"href":"https:\/\/moir.com.co\/web\/wp-json\/wp\/v2\/tags?post=643"}],"curies":[{"name":"wp","href":"https:\/\/api.w.org\/{rel}","templated":true}]}}