{"id":642,"date":"2004-08-11T07:00:00","date_gmt":"2004-08-11T07:00:00","guid":{"rendered":"https:\/\/moir.org.co\/web\/carta-del-senador-carlos-gaviria-a-los-trabajadores-petroleros-en-huelga\/"},"modified":"2004-08-11T07:00:00","modified_gmt":"2004-08-11T07:00:00","slug":"carta-del-senador-carlos-gaviria-a-los-trabajadores-petroleros-en-huelga","status":"publish","type":"post","link":"https:\/\/moir.com.co\/web\/carta-del-senador-carlos-gaviria-a-los-trabajadores-petroleros-en-huelga\/","title":{"rendered":"CARTA DEL SENADOR CARLOS GAVIRIA A LOS TRABAJADORES PETROLEROS EN HUELGA"},"content":{"rendered":"<p>Bogot\u00e1, D.C. 5 de mayo de 2004 <\/p>\n<p>Se\u00f1ores<\/p>\n<p>GABRIEL ALVIS<br \/>\nJUAN RAM\u00d3N R\u00cdOS<br \/>\nDEM\u00c1S COMPA\u00d1EROS DE LA UNI\u00d3N SINDICAL OBRERA<br \/>\nBarrancabermeja <\/p>\n<p>Apreciados compa\u00f1eros: <\/p>\n<p>Lo poco que se hab\u00eda construido de democracia y de Estado social de derecho (apenas un t\u00edmido proyecto) est\u00e1 siendo arrasado por un gobierno autoritario y desvergonzado con un claro prop\u00f3sito: consolidar un estado de cosas inicuo, a cambio de una promesa muy grata al establecimiento, a saber, la exclusi\u00f3n o el aniquilamiento de todo lo que huela a pueblo y a reivindicaci\u00f3n social. <\/p>\n<p>Por eso el sindicalismo democr\u00e1tico es su enemigo mortal. Ustedes son un ejemplo de luchadores insobornables y valerosos que en las circunstancias m\u00e1s adversas mantienen la cabeza erguida y la mano extendida, se\u00f1alando el camino que todos los ciudadanos decentes hemos de seguir. T\u00e9nganme como un aliado sin reservas. Para todos, un fuerte abrazo solidario. <\/p>\n<p>Cordialmente, <\/p>\n<p>CARLOS GAVIRIA DIAZ<br \/>\nSenador de la Rep\u00fablica<br \/>\nPresidente Frente Social y Pol\u00edtico <\/p>\n","protected":false},"excerpt":{"rendered":"<p>Bogot\u00e1, D.C. 5 de mayo de 2004 Se\u00f1ores GABRIEL ALVIS JUAN RAM\u00d3N R\u00cdOS DEM\u00c1S COMPA\u00d1EROS DE LA UNI\u00d3N SINDICAL OBRERA Barrancabermeja Apreciados compa\u00f1eros: Lo poco que se hab\u00eda construido de democracia y de Estado social de derecho (apenas un t\u00edmido proyecto) est\u00e1 siendo arrasado por un gobierno autoritario y desvergonzado con un claro prop\u00f3sito: consolidar [&hellip;]<\/p>\n","protected":false},"author":1,"featured_media":0,"comment_status":"open","ping_status":"open","sticky":false,"template":"","format":"standard","meta":{"advanced_seo_description":"","jetpack_seo_html_title":"","jetpack_seo_noindex":false,"_jetpack_memberships_contains_paid_content":false,"footnotes":""},"categories":[7],"tags":[],"class_list":["post-642","post","type-post","status-publish","format-standard","hentry","category-pronunciamientos-de-organizaciones-sociales"],"jetpack_featured_media_url":"","jetpack-related-posts":[{"id":3414,"url":"https:\/\/moir.com.co\/web\/condolencias-a-familiares-y-companeros-del-dirigente-sindical-apecides-alvis\/","url_meta":{"origin":642,"position":0},"title":"CONDOLENCIAS A FAMILIARES Y COMPA\u00d1EROS DEL DIRIGENTE SINDICAL APECIDES ALVIS","author":"admin","date":"agosto 21, 2009","format":false,"excerpt":"A los directivos y afiliados Confederaci\u00f3n de Trabajadores de Colombia, CTC En la ma\u00f1ana de hoy, y mientras participaba en la instalaci\u00f3n de la Cumbre Social y Pol\u00edtica de la Gran Coalici\u00f3n Democr\u00e1tica, en la que pronunci\u00f3 un emotivo discurso, falleci\u00f3 de un infarto el compa\u00f1ero Apecides Alvis Fern\u00e1ndez, presidente\u2026","rel":"","context":"En \u00abJorge Enrique Robledo\u00bb","block_context":{"text":"Jorge Enrique Robledo","link":"https:\/\/moir.com.co\/web\/category\/jorge-enrique-robledo\/"},"img":{"alt_text":"","src":"","width":0,"height":0},"classes":[]},{"id":2356,"url":"https:\/\/moir.com.co\/web\/amenazan-al-companero-daniel-aguirre-secretario-del-sindicato-nacional-de-corteros-sinalcorteros-cut\/","url_meta":{"origin":642,"position":1},"title":"AMENAZAN AL COMPA\u00d1ERO DANIEL AGUIRRE,  SECRETARIO DEL SINDICATO NACIONAL DE CORTEROS, &#8220;SINALCORTEROS&#8221;- CUT","author":"admin","date":"mayo 25, 2008","format":false,"excerpt":"Junta Directiva de SINALCORTEROS, Florida (Valle), mayo 26 de 2008 Los corteros de la ca\u00f1a de az\u00facar del Valle del Cauca est\u00e1n preparando una audiencia p\u00fablica sobre el impacto del negocio de los agrocombustibles en la comunidad vallecaucana, el ambiente y las relaciones laborales. Este evento que se celebrar\u00e1 el\u2026","rel":"","context":"En \u00abPronunciamientos de Organizaciones Sociales\u00bb","block_context":{"text":"Pronunciamientos de Organizaciones Sociales","link":"https:\/\/moir.com.co\/web\/category\/pronunciamientos-de-organizaciones-sociales\/"},"img":{"alt_text":"","src":"","width":0,"height":0},"classes":[]},{"id":4720,"url":"https:\/\/moir.com.co\/web\/carta-de-la-cut-a-la-cgt\/","url_meta":{"origin":642,"position":2},"title":"Carta de la CUT a la CGT","author":"admin","date":"agosto 27, 2010","format":false,"excerpt":"Compa\u00f1ero JULIO ROBERTO G\u00d3MEZ Secretario General WILLIAM MILLAN Secretario General adjunto Confederaci\u00f3n General de Trabajadores CGT Objeto: Respuesta p\u00fablica a carta fechada 18 de agosto de 2010, firmada por ustedes y dirigida al Comit\u00e9 Ejecutivo de la CUT. En relaci\u00f3n con las graves acusaciones, sindicaciones e insinuaciones manifestadas por Ustedes\u2026","rel":"","context":"En \u00abPronunciamientos de Organizaciones Sociales\u00bb","block_context":{"text":"Pronunciamientos de Organizaciones Sociales","link":"https:\/\/moir.com.co\/web\/category\/pronunciamientos-de-organizaciones-sociales\/"},"img":{"alt_text":"","src":"","width":0,"height":0},"classes":[]},{"id":3241,"url":"https:\/\/moir.com.co\/web\/exigimos-el-reintegro-de-vicente-pomarico\/","url_meta":{"origin":642,"position":3},"title":"EXIGIMOS EL REINTEGRO DE VICENTE POMARICO","author":"admin","date":"junio 22, 2009","format":false,"excerpt":"En el marco de la 98\u00aa Conferencia Internacional de la OIT realizada en d\u00edas pasados en Ginebra-Suiza, las centrales obreras colombianas tuvieron la oportunidad de denunciar la vulneraci\u00f3n y el desconocimiento sistem\u00e1tico de los derechos de asociaci\u00f3n Libertad sindical y negociaci\u00f3n colectiva a los trabajadores por parte del estado colombiano,\u2026","rel":"","context":"En \u00abPronunciamientos de Organizaciones Sociales\u00bb","block_context":{"text":"Pronunciamientos de Organizaciones Sociales","link":"https:\/\/moir.com.co\/web\/category\/pronunciamientos-de-organizaciones-sociales\/"},"img":{"alt_text":"","src":"","width":0,"height":0},"classes":[]},{"id":7194,"url":"https:\/\/moir.com.co\/web\/denunciamos-el-vil-asesinato-de-nuestro-companero-juan-carlos-perez-munoz\/","url_meta":{"origin":642,"position":4},"title":"Denunciamos el vil  asesinato  de  nuestro compa\u00f1ero Juan Carlos P\u00e9rez Mu\u00f1oz","author":"admin","date":"enero 28, 2013","format":false,"excerpt":"En la madrugada de hoy, alrededor de las 5:00 AM, en el municipio de CORINTO (Cauca) fue vilmente asesinado nuestro compa\u00f1ero JUAN CARLOS P\u00c9REZ MU\u00d1OZ cuando se dirig\u00eda de su casa a abordar el bus que lo llevar\u00eda a trabajar al campo, en la labor del corte manual de ca\u00f1a.\u2026","rel":"","context":"En \u00abPronunciamientos de Organizaciones Sociales\u00bb","block_context":{"text":"Pronunciamientos de Organizaciones Sociales","link":"https:\/\/moir.com.co\/web\/category\/pronunciamientos-de-organizaciones-sociales\/"},"img":{"alt_text":"","src":"","width":0,"height":0},"classes":[]},{"id":7882,"url":"https:\/\/moir.com.co\/web\/no-mas-terror-contra-dirigentes-y-militantes-del-polo\/","url_meta":{"origin":642,"position":5},"title":"No m\u00e1s terror contra dirigentes y militantes del Polo!!","author":"admin","date":"septiembre 8, 2013","format":false,"excerpt":"A las recientes amenazas contra el Partido, varios de sus dirigentes nacionales y regionales, parlamentarios y sindicalistas, acaba de ocurrir otra no menos preocupante. Mediante mensaje de texto al tel\u00e9fono celular, fue amenazado el compa\u00f1ero Wilson Arias, Representante a la C\u00e1mara por el departamento de Valle del Cauca, a \u00c1lvaro\u2026","rel":"","context":"En \u00abPolo Democr\u00e1tico Alternativo\u00bb","block_context":{"text":"Polo Democr\u00e1tico Alternativo","link":"https:\/\/moir.com.co\/web\/category\/polo-democratico-alternativo\/"},"img":{"alt_text":"","src":"","width":0,"height":0},"classes":[]}],"jetpack_sharing_enabled":true,"_links":{"self":[{"href":"https:\/\/moir.com.co\/web\/wp-json\/wp\/v2\/posts\/642","targetHints":{"allow":["GET"]}}],"collection":[{"href":"https:\/\/moir.com.co\/web\/wp-json\/wp\/v2\/posts"}],"about":[{"href":"https:\/\/moir.com.co\/web\/wp-json\/wp\/v2\/types\/post"}],"author":[{"embeddable":true,"href":"https:\/\/moir.com.co\/web\/wp-json\/wp\/v2\/users\/1"}],"replies":[{"embeddable":true,"href":"https:\/\/moir.com.co\/web\/wp-json\/wp\/v2\/comments?post=642"}],"version-history":[{"count":0,"href":"https:\/\/moir.com.co\/web\/wp-json\/wp\/v2\/posts\/642\/revisions"}],"wp:attachment":[{"href":"https:\/\/moir.com.co\/web\/wp-json\/wp\/v2\/media?parent=642"}],"wp:term":[{"taxonomy":"category","embeddable":true,"href":"https:\/\/moir.com.co\/web\/wp-json\/wp\/v2\/categories?post=642"},{"taxonomy":"post_tag","embeddable":true,"href":"https:\/\/moir.com.co\/web\/wp-json\/wp\/v2\/tags?post=642"}],"curies":[{"name":"wp","href":"https:\/\/api.w.org\/{rel}","templated":true}]}}