{"id":640,"date":"2004-08-11T07:00:00","date_gmt":"2004-08-11T07:00:00","guid":{"rendered":"https:\/\/moir.org.co\/web\/salvacion-agropecuaria-dira-no-al-alca-y-al-tlc-el-15-de-abril\/"},"modified":"2004-08-11T07:00:00","modified_gmt":"2004-08-11T07:00:00","slug":"salvacion-agropecuaria-dira-no-al-alca-y-al-tlc-el-15-de-abril","status":"publish","type":"post","link":"https:\/\/moir.com.co\/web\/salvacion-agropecuaria-dira-no-al-alca-y-al-tlc-el-15-de-abril\/","title":{"rendered":"\u00a1SALVACI\u00d3N  AGROPECUARIA DIR\u00c1 NO AL ALCA Y AL TLC EL 15 DE ABRIL!"},"content":{"rendered":"<p>La Asociaci\u00f3n Nacional por la Salvaci\u00f3n Agropecuaria,  seg\u00fan lo convenido con organizaciones agrarias, campesinas, ind\u00edgenas, sindicales y sociales de Colombia, Ecuador, Per\u00fa y Bolivia y de acuerdo al mandato de su VIII Junta Nacional,   se movilizar\u00e1 el pr\u00f3ximo jueves 15 de abril en el marco de  la Primera Jornada Andina contra el ALCA y los tratados bilaterales de Libre Comercio. <\/p>\n<p>En el Eje Cafetero,  en La Virginia, Calarc\u00e1 y en el paraje El Palo, del municipio de Sup\u00eda, desfilar\u00e1n  grupos de caficultores, campesinos e ind\u00edgenas as\u00ed como las comunidades de los municipios  de la zona. Los agricultores de Antioquia, tanto del suroeste como del oriente se congregar\u00e1n en el sitio Primavera; los bananeros, cafeteros, e ind\u00edgenas del  departamento del Magdalena y delegaciones  del oriente del Cesar se reunir\u00e1n en Ci\u00e9naga.  En el Tolima, en Fresno, L\u00e9rida y Salda\u00f1a, los arroceros, caficultores y las fuerzas vivas de las respectivas regiones participar\u00e1n  en masivas concentraciones p\u00fablicas en defensa del trabajo y la producci\u00f3n nacionales.  <\/p>\n<p>Por su parte, el campesinado del centro del Cauca, de doce municipios,  se desplazar\u00e1 a Popay\u00e1n para realizar una manifestaci\u00f3n por las calles principales. En  Cali, paneleros y cafeteros del norte del Cauca , del centro y el sur del Valle asistir\u00e1n a las marchas programadas para ese d\u00eda. En Tunja se har\u00e1n presentes delegaciones de paneleros y de productores de papa del centro de Boyac\u00e1. Igualmente, en Neiva dentro de las actividades previstas, estar\u00e1n agricultores de las diversas asociaciones agropecuarias del Huila. En Villavicencio, bajo la direcci\u00f3n de AGAMETA, los gremios agropecuarios  marchar\u00e1n con sus maquinarias por la ciudad. <\/p>\n<p>Aunque voceros del gobierno han expresado que la discusi\u00f3n sobre los tratados y el ALCA, con el anuncio del inicio de las conversaciones para el pr\u00f3ximo 18 de mayo en Cartagena, ha concluido, la Asociaci\u00f3n Nacional por la Salvaci\u00f3n Agropecuaria  y las organizaciones que la integran,  al contrario, convocan a los colombianos para que conozcan los catastr\u00f3ficos efectos que sobre todos traer\u00e1 su imposici\u00f3n,  y, en consecuencia, se unan a las respectivas tareas de resistencia. <\/p>\n<p>AURELIO SU\u00c1REZ MONTOYA<br \/>\nDirector Ejecutivo.<\/p>\n<p>Bogot\u00e1, abril 11 de 2004 <\/p>\n","protected":false},"excerpt":{"rendered":"<p>La Asociaci\u00f3n Nacional por la Salvaci\u00f3n Agropecuaria, seg\u00fan lo convenido con organizaciones agrarias, campesinas, ind\u00edgenas, sindicales y sociales de Colombia, Ecuador, Per\u00fa y Bolivia y de acuerdo al mandato de su VIII Junta Nacional, se movilizar\u00e1 el pr\u00f3ximo jueves 15 de abril en el marco de la Primera Jornada Andina contra el ALCA y los [&hellip;]<\/p>\n","protected":false},"author":1,"featured_media":0,"comment_status":"open","ping_status":"open","sticky":false,"template":"","format":"standard","meta":{"advanced_seo_description":"","jetpack_seo_html_title":"","jetpack_seo_noindex":false,"_jetpack_memberships_contains_paid_content":false,"footnotes":""},"categories":[7],"tags":[],"class_list":["post-640","post","type-post","status-publish","format-standard","hentry","category-pronunciamientos-de-organizaciones-sociales"],"jetpack_featured_media_url":"","jetpack-related-posts":[{"id":20094,"url":"https:\/\/moir.com.co\/web\/congreso-de-la-asociacion-nacional-por-la-salvacion-agropecuaria-en-caldas\/","url_meta":{"origin":640,"position":0},"title":"CONGRESO DE LA ASOCIACI\u00d3N NACIONAL POR LA SALVACI\u00d3N AGROPECUARIA EN CALDAS","author":"admin","date":"septiembre 16, 2004","format":false,"excerpt":"Con 160 delegados de quince municipios del departamento y nueve organizaciones del sector agrario, la Asociaci\u00f3n Nacional por la Salvaci\u00f3n Agropecuaria, cap\u00edtulo Caldas, celebr\u00f3 el pasado 06 de septiembre en la ciudad de Manizales su Primer Congreso Departamental Agrario \u00abEl agro caldense frente al ALCA y al TLC\u00bb, para analizar\u2026","rel":"","context":"En \u00abTribuna Roja N\u00ba 97; septiembre 28 de 2004\u00bb","block_context":{"text":"Tribuna Roja N\u00ba 97; septiembre 28 de 2004","link":"https:\/\/moir.com.co\/web\/category\/tribuna-roja\/ediciones-2000-2004\/tribuna-roja-no-97-septiembre-28-de-2004\/"},"img":{"alt_text":"","src":"","width":0,"height":0},"classes":[]},{"id":635,"url":"https:\/\/moir.com.co\/web\/jornada-andina-de-lucha-contra-el-alca-y-el-tlc-salvacion-agropecuaria-llevara-a-cabo-concentracion-departamental-en-el-siti\/","url_meta":{"origin":640,"position":1},"title":"JORNADA ANDINA DE LUCHA CONTRA EL ALCA Y EL TLC: SALVACI\u00d3N AGROPECUARIA LLEVAR\u00c1 A CABO CONCENTRACI\u00d3N DEPARTAMENTAL EN EL SITI","author":"admin","date":"agosto 11, 2004","format":false,"excerpt":"Salvaci\u00f3n Agropecuaria, Medell\u00edn, Marzo 30 de 2004. En desarrollo de la decisi\u00f3n de participar en la Jornada Andina de protesta contra el ALCA y el TLC que se llevar\u00e1 a cabo el pr\u00f3ximo 15 de Abril, adoptada por la Junta Nacional de nuestra organizaci\u00f3n el pasado 13 de Marzo, la\u2026","rel":"","context":"En \u00abPronunciamientos de Organizaciones Sociales\u00bb","block_context":{"text":"Pronunciamientos de Organizaciones Sociales","link":"https:\/\/moir.com.co\/web\/category\/pronunciamientos-de-organizaciones-sociales\/"},"img":{"alt_text":"","src":"","width":0,"height":0},"classes":[]},{"id":634,"url":"https:\/\/moir.com.co\/web\/se-ratifica-participacion-masiva-de-campesinos-indigenas-y-productores-agropecuarios-antioquenos-en-jornada-andina-de-lucha\/","url_meta":{"origin":640,"position":2},"title":"SE RATIFICA PARTICIPACI\u00d3N MASIVA DE CAMPESINOS, IND\u00cdGENAS Y PRODUCTORES AGROPECUARIOS ANTIOQUE\u00d1OS EN JORNADA ANDINA DE LUCHA","author":"admin","date":"agosto 11, 2004","format":false,"excerpt":"Salvaci\u00f3n Agropecuaria, Medell\u00edn, abril 12 de 2004. Desde las diez de la ma\u00f1ana de este Jueves 15 de Abril, comenzar\u00e1n a llegar al sitio \u201cPrimavera\u201d, en el municipio de Caldas, y procedentes de las distintas regiones de nuestro departamento las delegaciones que se concentrar\u00e1n en el marco de la Jornada\u2026","rel":"","context":"En \u00abPronunciamientos de Organizaciones Sociales\u00bb","block_context":{"text":"Pronunciamientos de Organizaciones Sociales","link":"https:\/\/moir.com.co\/web\/category\/pronunciamientos-de-organizaciones-sociales\/"},"img":{"alt_text":"","src":"","width":0,"height":0},"classes":[]},{"id":550,"url":"https:\/\/moir.com.co\/web\/miles-de-agricultores-indigenas-y-productores-agropecuarios-desfilaran-en-bogota-contra-el-alca-en-martes-12-de-agosto\/","url_meta":{"origin":640,"position":3},"title":"MILES DE AGRICULTORES IND\u00cdGENAS Y PRODUCTORES AGROPECUARIOS DESFILAR\u00c1N EN BOGOT\u00c1 CONTRA EL ALCA EN MARTES 12 DE AGOSTO","author":"admin","date":"agosto 10, 2004","format":false,"excerpt":"Salvaci\u00f3n Agropecuaria, agosto 8 de 2003 Delegaciones de m\u00e1s de 20 departamentos, de cerca de 200 municipios, representando a los productores colombianos de caf\u00e9, arroz, panela, leche, hortalizas, banano y pl\u00e1tano y de los principales g\u00e9neros agropecuarios, desfilar\u00e1n el martes 12 de agosto, despu\u00e9s del medio d\u00eda, por las calles\u2026","rel":"","context":"En \u00abPronunciamientos de Organizaciones Sociales\u00bb","block_context":{"text":"Pronunciamientos de Organizaciones Sociales","link":"https:\/\/moir.com.co\/web\/category\/pronunciamientos-de-organizaciones-sociales\/"},"img":{"alt_text":"","src":"","width":0,"height":0},"classes":[]},{"id":19691,"url":"https:\/\/moir.com.co\/web\/caldas-presente-contra-el-tlc-y-el-alca\/","url_meta":{"origin":640,"position":4},"title":"CALDAS PRESENTE CONTRA EL TLC Y EL ALCA","author":"admin","date":"agosto 4, 2004","format":false,"excerpt":"Wilson Garc\u00eda Quiceno Organizaciones agropecuarias, ind\u00edgenas, sindicales, femeninas, de investigaci\u00f3n, medioambientalistas, pol\u00edticas, estudiantiles y no gubernamentales que hacen parte en Caldas de la Coalici\u00f3n Democr\u00e1tica contra el ALCA y el TLC, se movilizaron el jueves 15 de abril a El Palo, en el municipio de Sup\u00eda, en cumplimiento de la\u2026","rel":"","context":"En \u00abTribuna Roja N\u00ba 95; abril 27 de 2004\u00bb","block_context":{"text":"Tribuna Roja N\u00ba 95; abril 27 de 2004","link":"https:\/\/moir.com.co\/web\/category\/tribuna-roja\/ediciones-2000-2004\/tribuna-roja-no-95-abril-27-de-2004\/"},"img":{"alt_text":"","src":"","width":0,"height":0},"classes":[]},{"id":514,"url":"https:\/\/moir.com.co\/web\/exitoso-encuentro-de-dirigentes-del-sector-agropecuario-del-quindio-y-norte-del-valle\/","url_meta":{"origin":640,"position":5},"title":"EXITOSO ENCUENTRO DE DIRIGENTES DEL SECTOR AGROPECUARIO DEL QUIND\u00cdO Y NORTE DEL VALLE","author":"admin","date":"agosto 9, 2004","format":false,"excerpt":"Antonio Jos\u00e9 Guti\u00e9rrez Blanco, Armenia, mayo 5 de 2003 Con la presencia de 112 delegados de 15 municipios del Quind\u00edo y del norte de Valle, se llev\u00f3 a cabo, el 29 de abril en el Centro Recreacional de Confenalco del Alto del R\u00edo, en Calarc\u00e1 (Quind\u00edo), un exitoso encuentro de\u2026","rel":"","context":"En \u00abPronunciamientos de Organizaciones Sociales\u00bb","block_context":{"text":"Pronunciamientos de Organizaciones Sociales","link":"https:\/\/moir.com.co\/web\/category\/pronunciamientos-de-organizaciones-sociales\/"},"img":{"alt_text":"","src":"","width":0,"height":0},"classes":[]}],"jetpack_sharing_enabled":true,"_links":{"self":[{"href":"https:\/\/moir.com.co\/web\/wp-json\/wp\/v2\/posts\/640","targetHints":{"allow":["GET"]}}],"collection":[{"href":"https:\/\/moir.com.co\/web\/wp-json\/wp\/v2\/posts"}],"about":[{"href":"https:\/\/moir.com.co\/web\/wp-json\/wp\/v2\/types\/post"}],"author":[{"embeddable":true,"href":"https:\/\/moir.com.co\/web\/wp-json\/wp\/v2\/users\/1"}],"replies":[{"embeddable":true,"href":"https:\/\/moir.com.co\/web\/wp-json\/wp\/v2\/comments?post=640"}],"version-history":[{"count":0,"href":"https:\/\/moir.com.co\/web\/wp-json\/wp\/v2\/posts\/640\/revisions"}],"wp:attachment":[{"href":"https:\/\/moir.com.co\/web\/wp-json\/wp\/v2\/media?parent=640"}],"wp:term":[{"taxonomy":"category","embeddable":true,"href":"https:\/\/moir.com.co\/web\/wp-json\/wp\/v2\/categories?post=640"},{"taxonomy":"post_tag","embeddable":true,"href":"https:\/\/moir.com.co\/web\/wp-json\/wp\/v2\/tags?post=640"}],"curies":[{"name":"wp","href":"https:\/\/api.w.org\/{rel}","templated":true}]}}