{"id":639,"date":"2004-08-11T07:00:00","date_gmt":"2004-08-11T07:00:00","guid":{"rendered":"https:\/\/moir.org.co\/web\/masiva-movilizacion-contra-el-tlc-y-el-alca\/"},"modified":"2004-08-11T07:00:00","modified_gmt":"2004-08-11T07:00:00","slug":"masiva-movilizacion-contra-el-tlc-y-el-alca","status":"publish","type":"post","link":"https:\/\/moir.com.co\/web\/masiva-movilizacion-contra-el-tlc-y-el-alca\/","title":{"rendered":"MASIVA MOVILIZACI\u00d3N CONTRA EL TLC Y EL ALCA"},"content":{"rendered":"<p>En el sitio La Frutera, situado en la estrat\u00e9gica Troncal del Caribe a un kil\u00f3metro del casco urbano de Ci\u00e9naga, Magdalena, a las ocho de la ma\u00f1ana del 15 de abril confluyeron las delegaciones de trabajadores, maestros, campesinos, estudiantes, pescadores, productores de banano, caf\u00e9, frutas y pensionados, quienes proven\u00edan de Santa Marta, Ci\u00e9naga, Zona Bananera y otros municipios magdalenenses. Se participaba en esta forma en la movilizaci\u00f3n andina contra el Alca y los tratados de libre comercio que s\u00f3lo benefician a las multinacionales y al capital financiero norteamericano. <\/p>\n<p>Ochocientos manifestantes coparon la v\u00eda m\u00e1s importante de la Costa Atl\u00e1ntica durante tres horas que dur\u00f3 el desfile exhibiendo las pancartas y agitando las consignas en defensa de la soberan\u00eda nacional, la producci\u00f3n agraria, industrial y pesquera y los derechos de los trabajadores y el pueblo; rechazando el modelo neoliberal que aplica el gobierno de turno; condenando las pretendidas fumigaciones a\u00e9reas en los parques naturales nacionales, como la hermosa Sierra Nevada de Santa Marta; denunciando la privatizaci\u00f3n de la salud, la educaci\u00f3n y los servicios p\u00fablicos. <\/p>\n<p>El Monumento a los M\u00e1rtires de las Bananeras, en el centro de Ci\u00e9naga, fue el escenario donde culmin\u00f3 la gran movilizaci\u00f3n. All\u00ed intervinieron: Antonio Peralta, presidente del Sindicato de Educadores del Magdalena (Edumag); \u00c1ngel Manjarres Correa, presidente de la CUT Magdalena y del Comando Regional Unitario del Magdalena; Leonel Juvinao, Presidente de Salvaci\u00f3n Agropecuaria del Magdalena y cerr\u00f3 con una oratoria patri\u00f3tica el padre Bernardo Hoyos, m\u00e1ximo dirigente del Movimiento Ciudadano con sede en Barranquilla. <\/p>\n<p>Ha quedado preparado el terreno para participar en la gran concentraci\u00f3n en Cartagena el 18 de mayo, de ser esta ciudad sede del inicio de conversaciones sobre el tratado bilateral entre Estados Unidos y Colombia, el cual traer\u00eda consecuencias funestas para las generaciones presentes y futuras de colombianos y latinoamericanos. <\/p>\n<p>RECALCA Y COMANDO REGIONAL UNITARIO DEL MAGDALENA <\/p>\n<p>ANGEL MANJARRES CORREA<br \/>\nPresidente CUT Magdalena y del Comando Regional Unitario<\/p>\n<p>LAUREANO CAEZ TURIZO<br \/>\nSecretario Comando Regional Unitario<\/p>\n<p>ARIST\u00d3TELES TETE<br \/>\nCoordinador Recalca Ci\u00e9naga<\/p>\n<p>NORMAN ALARC\u00d3N RODAS<br \/>\nCoordinador Salvaci\u00f3n Agropecuaria Magdalena<\/p>\n<p>Santa Marta y Ci\u00e9naga, Abril 16 de 2004 <\/p>\n","protected":false},"excerpt":{"rendered":"<p>En el sitio La Frutera, situado en la estrat\u00e9gica Troncal del Caribe a un kil\u00f3metro del casco urbano de Ci\u00e9naga, Magdalena, a las ocho de la ma\u00f1ana del 15 de abril confluyeron las delegaciones de trabajadores, maestros, campesinos, estudiantes, pescadores, productores de banano, caf\u00e9, frutas y pensionados, quienes proven\u00edan de Santa Marta, Ci\u00e9naga, Zona Bananera [&hellip;]<\/p>\n","protected":false},"author":1,"featured_media":0,"comment_status":"open","ping_status":"open","sticky":false,"template":"","format":"standard","meta":{"advanced_seo_description":"","jetpack_seo_html_title":"","jetpack_seo_noindex":false,"_jetpack_memberships_contains_paid_content":false,"footnotes":""},"categories":[7],"tags":[],"class_list":["post-639","post","type-post","status-publish","format-standard","hentry","category-pronunciamientos-de-organizaciones-sociales"],"jetpack_featured_media_url":"","jetpack-related-posts":[{"id":633,"url":"https:\/\/moir.com.co\/web\/movilizacion-en-rechazo-al-tratado-de-libre-comercio-al-alca-y-a-las-fumigaciones-en-la-sierra-nevada\/","url_meta":{"origin":639,"position":0},"title":"MOVILIZACI\u00d3N EN RECHAZO AL TRATADO DE LIBRE COMERCIO, AL ALCA Y A LAS FUMIGACIONES EN LA SIERRA NEVADA","author":"admin","date":"agosto 11, 2004","format":false,"excerpt":"La Red Colombiana de Acci\u00f3n Frente al Tratado de Libre Comercio y el Alca (Recalca), cap\u00edtulo Magdalena, acogiendo el Llamamiento de Los Andes y la Declaraci\u00f3n de Quito aprobados por centenares de organizaciones sociales, gremiales, sindicales, productivas, agropecuarias, ambientalistas, ONGs de Colombia, Ecuador, Per\u00fa y Bolivia, convoca a las fuerzas\u2026","rel":"","context":"En \u00abPronunciamientos de Organizaciones Sociales\u00bb","block_context":{"text":"Pronunciamientos de Organizaciones Sociales","link":"https:\/\/moir.com.co\/web\/category\/pronunciamientos-de-organizaciones-sociales\/"},"img":{"alt_text":"","src":"","width":0,"height":0},"classes":[]},{"id":19572,"url":"https:\/\/moir.com.co\/web\/paralizada-troncal-del-caribe\/","url_meta":{"origin":639,"position":1},"title":"PARALIZADA TRONCAL DEL CARIBE","author":"admin","date":"julio 28, 2004","format":false,"excerpt":"Norman Alarc\u00f3n En el sitio La Frutera, a un kil\u00f3metro del casco urbano de Ci\u00e9naga, confluyeron el 15 de abril m\u00e1s de ochocientos manifestantes que coparon la v\u00eda m\u00e1s importante de la Costa Atl\u00e1ntica, atendiendo la convocatoria de Recalca y el Comando Unitario del Magdalena. Eran trabajadores y pensionados, maestros,\u2026","rel":"","context":"En \u00abTribuna Roja N\u00ba 95; abril 27 de 2004\u00bb","block_context":{"text":"Tribuna Roja N\u00ba 95; abril 27 de 2004","link":"https:\/\/moir.com.co\/web\/category\/tribuna-roja\/ediciones-2000-2004\/tribuna-roja-no-95-abril-27-de-2004\/"},"img":{"alt_text":"","src":"","width":0,"height":0},"classes":[]},{"id":611,"url":"https:\/\/moir.com.co\/web\/exitoso-acto-por-una-colombia-libre-en-cienaga-magdalena\/","url_meta":{"origin":639,"position":2},"title":"\u00a1EXITOSO ACTO POR UNA COLOMBIA LIBRE EN CI\u00c9NAGA, MAGDALENA!","author":"admin","date":"agosto 11, 2004","format":false,"excerpt":"Comando Regional Unitario de Trabajadores y Organizaciones Sociales, Santa Marta, diciembre 10 de 2003 Organizado por el Comando Regional Unitario de Trabajadores y Organizaciones Sociales del Magdalena y la Secretar\u00eda de Cultura Municipal se cumpli\u00f3 en Ci\u00e9naga, Magdalena, el acto de homenaje a los m\u00e1rtires de las bananeras asesinados el\u2026","rel":"","context":"En \u00abPronunciamientos de Organizaciones Sociales\u00bb","block_context":{"text":"Pronunciamientos de Organizaciones Sociales","link":"https:\/\/moir.com.co\/web\/category\/pronunciamientos-de-organizaciones-sociales\/"},"img":{"alt_text":"","src":"","width":0,"height":0},"classes":[]},{"id":2587,"url":"https:\/\/moir.com.co\/web\/movilizacion-80-anos-de-la-huelga-y-rechazo-a-la-masacre-en-las-bananeras-del-magdalena\/","url_meta":{"origin":639,"position":3},"title":"MOVILIZACION: 80 A\u00d1OS DE LA HUELGA Y RECHAZO A LA MASACRE EN LAS BANANERAS DEL MAGDALENA","author":"admin","date":"noviembre 17, 2008","format":false,"excerpt":"Programa conjunto Alcald\u00eda de Ci\u00e9naga - Comit\u00e9 de Impulso Intersindical y de organizaciones sociales. Circularan dos libros. Gran marcha y concentraci\u00f3n en Monumento de Rodrigo Arenas Betancourt a los m\u00e1rtires de las bananeras En la semana del 1 al 6 de diciembre se realizar\u00e9 en Ci\u00e9naga Magdalena una gran movilizaci\u00f3n\u2026","rel":"","context":"En \u00abPronunciamientos de Organizaciones Sociales\u00bb","block_context":{"text":"Pronunciamientos de Organizaciones Sociales","link":"https:\/\/moir.com.co\/web\/category\/pronunciamientos-de-organizaciones-sociales\/"},"img":{"alt_text":"","src":"","width":0,"height":0},"classes":[]},{"id":637,"url":"https:\/\/moir.com.co\/web\/con-gran-exito-se-cumplio-en-colombia-la-jornada-andina-contra-el-alca-y-el-tlc\/","url_meta":{"origin":639,"position":4},"title":"CON GRAN \u00c9XITO SE CUMPLI\u00d3 EN COLOMBIA LA JORNADA ANDINA CONTRA EL ALCA Y EL TLC","author":"admin","date":"agosto 11, 2004","format":false,"excerpt":"Salvaci\u00f3n Agropecuaria, abril 21 de 2004 Con entusiasmo se cumpli\u00f3 en m\u00e1s de diez departamentos la Jornada Andina convocada por la Red de Acci\u00f3n frente al ALCA y al Libre Comercio \u2013Recalca\u2013, la Central Unitaria de Trabajadores y la Asociaci\u00f3n Nacional por la Salvaci\u00f3n Agropecuaria, en coordinaci\u00f3n con importantes organizaciones\u2026","rel":"","context":"En \u00abPronunciamientos de Organizaciones Sociales\u00bb","block_context":{"text":"Pronunciamientos de Organizaciones Sociales","link":"https:\/\/moir.com.co\/web\/category\/pronunciamientos-de-organizaciones-sociales\/"},"img":{"alt_text":"","src":"","width":0,"height":0},"classes":[]},{"id":1416,"url":"https:\/\/moir.com.co\/web\/acto-de-solidaridad-con-los-trabajadores-de-la-drummond\/","url_meta":{"origin":639,"position":5},"title":"ACTO DE SOLIDARIDAD CON LOS TRABAJADORES DE LA DRUMMOND","author":"admin","date":"junio 13, 2006","format":false,"excerpt":"Sintramienerg\u00e9tica, Funtraenerg\u00e9tica, las subdirectivas de la CUT y los cap\u00edtulos de la Gran Coalici\u00f3n Democr\u00e1tica de Atl\u00e1ntico y Magdalena, han organizado una Marcha de Solidaridad con la Huelga de los trabajadores de la Drummond, que partir\u00e1 a las 9:00 AM de s\u00e1bado 1 de Julio, desde La Frutera hasta el\u2026","rel":"","context":"En \u00abGustavo Triana\u00bb","block_context":{"text":"Gustavo Triana","link":"https:\/\/moir.com.co\/web\/category\/bitacoras\/gustavo-triana\/"},"img":{"alt_text":"","src":"","width":0,"height":0},"classes":[]}],"jetpack_sharing_enabled":true,"_links":{"self":[{"href":"https:\/\/moir.com.co\/web\/wp-json\/wp\/v2\/posts\/639","targetHints":{"allow":["GET"]}}],"collection":[{"href":"https:\/\/moir.com.co\/web\/wp-json\/wp\/v2\/posts"}],"about":[{"href":"https:\/\/moir.com.co\/web\/wp-json\/wp\/v2\/types\/post"}],"author":[{"embeddable":true,"href":"https:\/\/moir.com.co\/web\/wp-json\/wp\/v2\/users\/1"}],"replies":[{"embeddable":true,"href":"https:\/\/moir.com.co\/web\/wp-json\/wp\/v2\/comments?post=639"}],"version-history":[{"count":0,"href":"https:\/\/moir.com.co\/web\/wp-json\/wp\/v2\/posts\/639\/revisions"}],"wp:attachment":[{"href":"https:\/\/moir.com.co\/web\/wp-json\/wp\/v2\/media?parent=639"}],"wp:term":[{"taxonomy":"category","embeddable":true,"href":"https:\/\/moir.com.co\/web\/wp-json\/wp\/v2\/categories?post=639"},{"taxonomy":"post_tag","embeddable":true,"href":"https:\/\/moir.com.co\/web\/wp-json\/wp\/v2\/tags?post=639"}],"curies":[{"name":"wp","href":"https:\/\/api.w.org\/{rel}","templated":true}]}}