{"id":637,"date":"2004-08-11T07:00:00","date_gmt":"2004-08-11T07:00:00","guid":{"rendered":"https:\/\/moir.org.co\/web\/con-gran-exito-se-cumplio-en-colombia-la-jornada-andina-contra-el-alca-y-el-tlc\/"},"modified":"2004-08-11T07:00:00","modified_gmt":"2004-08-11T07:00:00","slug":"con-gran-exito-se-cumplio-en-colombia-la-jornada-andina-contra-el-alca-y-el-tlc","status":"publish","type":"post","link":"https:\/\/moir.com.co\/web\/con-gran-exito-se-cumplio-en-colombia-la-jornada-andina-contra-el-alca-y-el-tlc\/","title":{"rendered":"CON GRAN \u00c9XITO SE CUMPLI\u00d3 EN COLOMBIA LA JORNADA ANDINA CONTRA EL ALCA Y EL TLC"},"content":{"rendered":"<p>Salvaci\u00f3n Agropecuaria, abril 21 de 2004<\/p>\n<p>Con entusiasmo se cumpli\u00f3 en m\u00e1s de diez departamentos la Jornada Andina convocada por la Red de Acci\u00f3n frente al ALCA y al Libre Comercio \u2013Recalca\u2013, la Central Unitaria de Trabajadores y la Asociaci\u00f3n Nacional por la Salvaci\u00f3n Agropecuaria, en coordinaci\u00f3n con importantes organizaciones de Ecuador, Per\u00fa y Bolivia.<\/p>\n<p>La Jornada en algunos departamentos<\/p>\n<p>En Cali, tres mil manifestantes provenientes del norte del Cauca, el centro del Valle, Palmira, Florida y Yumbo confluyeron en la plazoleta del Centro Administrativo Municipal.<\/p>\n<p>En Ci\u00e9naga, Magdalena, se concentraron nutridas delegaciones de maestros, estudiantes, campesinos, pescadores y productores de banano, que coparon durante tres horas la Troncal del Caribe en el sitio conocido como La Frutera. La movilizaci\u00f3n culmin\u00f3 en Monumento a los M\u00e1rtires de las Bananeras, en Ci\u00e9naga, donde hicieron uso de la palabra, \u00c1ngel Manjares, presidente de la CUT regional, Leonel Juvinao, presidente de Salvaci\u00f3n Agropecuaria, y el padre Bernardo Hoyos, l\u00edder del Movimiento Ciudadano.<\/p>\n<p>En Villavicencio, los agricultores agrupados en AGAMETA, salieron con sus equipos y camionetas, adem\u00e1s de la CUT regional y Salvaci\u00f3n Agropecuaria, realizaron un inmenso desfile por las calles de la ciudad; en nombre de los agricultores y ganaderos, Eudoro \u00c1lvarez rechaz\u00f3 los acuerdos de libre comercio y llam\u00f3 a la resistencia civil en defensa de la producci\u00f3n nacional.<\/p>\n<p>En el Tolima, el alcalde de Salda\u00f1a, Jos\u00e9 Vidal Oyuela, encabez\u00f3 la marcha contra el Tratado de Libre Comercio, acompa\u00f1ado por 3 diputados, concejales, por el presidente de Salvaci\u00f3n Agropecuaria, \u00c1ngel Mar\u00eda Caballero, por campesinos, agricultores, maestros y estudiantes. All\u00ed se denunci\u00f3 que tanto el ALCA como el Tratado de Libre Comercio, TLC, en materia comercial significan un aumento en la intensidad y en el grado de la apertura econ\u00f3mica con la cual Colombia perdi\u00f3 m\u00e1s de un mill\u00f3n de hect\u00e1reas de cultivos transitorios semestrales y que , por tanto, la suscripci\u00f3n de dichos tratados refuerza el modelo neoliberal que ha conllevado al desempleo, endeudamiento p\u00fablico, impuestos, graves males en materia de nutrici\u00f3n, salud, educaci\u00f3n y privatizaci\u00f3n, a\u00f1adi\u00f3.<\/p>\n<p>\u00a1Arriba el arroz del Tolima, abajo el arroz gringo! Era la consigna que gritaban agricultores del sur del departamento en Salda\u00f1a y de diferentes sectores sociales de all\u00ed y de Prado y Purificaci\u00f3n en la marcha de rechazo al Tratado de Libre Comercio, TLC y, asimismo, la que se core\u00f3 tambi\u00e9n pac\u00edficamente en los municipios tolimenses de Fresno y L\u00e9rida donde se adelantaron sendas movilizaciones con centenares de participantes.<\/p>\n<p>En Caldas, unas 1.200 personas venidas de Quinch\u00eda, La Merced, Salamina, Neira, Filadelfia, Marmato, Sup\u00eda, Manizales y Aguadas se desplazaron hasta el punto denominado El Palo (Sup\u00eda) para protestar, en forma pac\u00edfica, contra el \u00c1rea de Libre Comercio (ALCA) y el Tratado de Libre Comercio con Estados Unidos (TLC). En el puerto fluvial de La Dorada m\u00e1s de 500 personas se unieron a la jornada.<\/p>\n<p>En Popay\u00e1n, liderados por el sector campesino y productivo del departamento, agrupados en AGROPENCA, tras recorrer las calles de la capital caucana, varios centenares de manifestantes se concentraron en la Arcada de la Herrer\u00eda y all\u00ed ratificaron su decisi\u00f3n de continuar con las tareas contra los oprobiosos tratados de libre comercio. En Pasto, alumnos de la Universidad de Nari\u00f1o lideraron la protesta en contra del ALCA y el \u201clibre comercio\u201d.<\/p>\n<p>Cerca de Calarc\u00e1, en la glorieta Versalles, sectores quindianos que observan con recelo el inicio de las conversaciones sobre los acuerdos de libre comercio, encabezados por los dirigentes de Unidad Cafetera, Dimas Arias y Antonio Guti\u00e9rrez, ratificaron que \u201cla firma de los mencionados tratados, ser\u00e1 una amenaza inminente que se traducir\u00e1 en la ruina total de la industria, agricultura y comercio de los pa\u00edses de Am\u00e9rica Latina\u201d.<\/p>\n<p>En Antioquia, centenares de campesinos procedentes de Jard\u00edn, Andes, Pueblo Rico, Santo Domingo, El Santuario y Cisneros se congregaron en el municipio de Caldas para protestar contra las negociaciones All\u00ed , el coordinador departamental de la Asociaci\u00f3n por la Salvaci\u00f3n Agropecuaria, Jorge G\u00f3mez, y el presidente regional de la Unidad Cafetera, Eugenio Ram\u00edrez, reiteraron que el TLC con Estados Unidos implicar\u00e1 renunciar a ingresos por 1.600 millones de d\u00f3lares que recibe el gobierno al a\u00f1o correr el riesgo de ver al pa\u00eds ahora s\u00ed totalmente inundado de productos subsidiados.<\/p>\n<p>En Neiva, m\u00e1s de 500 activistas desfilaron por las calles de la capital huilense en el marco de la jornada y durante varias horas agitaron las consignas principales en el centro de la ciudad. Directivos sindicales de la CUT y del sector agropecuario del Huila, con la dirigente Mercedes Lizcano a la cabeza, cumplieron con estas tareas. En La Virginia, en Risaralda, se adelantaron labores similares por parte de activistas de organizaciones sociales, sindicales y de Unidad Cafetera. Tambi\u00e9n en Pereira, en las horas de la tarde, columnas de manifestantes realizaron una marcha que culmin\u00f3 con un mitin frente al Hospital San Jorge que atraviesa la peor crisis de su historia.<\/p>\n<p>Las pr\u00f3ximas tareas<\/p>\n<p>El 28 y 29 de abril tendr\u00e1 lugar en Bogot\u00e1 el Encuentro Latinoamericano contra el ALCA y el Comando Nacional Unitario ha convocado a una gran concentraci\u00f3n en Cartagena el pr\u00f3ximo 18 de mayo, d\u00eda en que se instala la mesa de negociaciones entre los gobiernos de Estados Unidos y Colombia.<\/p>\n<p>Del mismo modo se impulsar\u00e1n nuevas actividades como foros, conferencias y actividades amplias de difusi\u00f3n y de rechazo a nivel departamental y municipal.<\/p>\n<p>Aurelio Su\u00e1rez Montoya<br \/>\nDirector Ejecutivo<\/p>\n<p>Abril 21 de 2004<\/p>\n<p>&#8212;&#8212;&#8212;&#8212;&#8212;&#8212;&#8212;&#8212;&#8212;&#8212;&#8212;&#8212;&#8212;&#8212;&#8212;&#8212;&#8212;&#8212;&#8212;&#8212;&#8212;&#8212;&#8212;&#8212;<br \/>\nNOTA: Esta informaci\u00f3n fue tomada de los peri\u00f3dicos regionales, La Tarde, El Liberal, El Nuevo D\u00eda, La Cr\u00f3nica, El Informador, La Patria, El Colombiano, El Tiempo (Caf\u00e9), Tolima 7 D\u00edas, La Naci\u00f3n, El Tiempo (Cali). Algunos de los diarios considerados de circulaci\u00f3n nacional no informaron sobre la Jornada Andina.<\/p>\n","protected":false},"excerpt":{"rendered":"<p>Salvaci\u00f3n Agropecuaria, abril 21 de 2004 Con entusiasmo se cumpli\u00f3 en m\u00e1s de diez departamentos la Jornada Andina convocada por la Red de Acci\u00f3n frente al ALCA y al Libre Comercio \u2013Recalca\u2013, la Central Unitaria de Trabajadores y la Asociaci\u00f3n Nacional por la Salvaci\u00f3n Agropecuaria, en coordinaci\u00f3n con importantes organizaciones de Ecuador, Per\u00fa y Bolivia. [&hellip;]<\/p>\n","protected":false},"author":1,"featured_media":0,"comment_status":"open","ping_status":"open","sticky":false,"template":"","format":"standard","meta":{"advanced_seo_description":"","jetpack_seo_html_title":"","jetpack_seo_noindex":false,"_jetpack_memberships_contains_paid_content":false,"footnotes":""},"categories":[7],"tags":[],"class_list":["post-637","post","type-post","status-publish","format-standard","hentry","category-pronunciamientos-de-organizaciones-sociales"],"jetpack_featured_media_url":"","jetpack-related-posts":[{"id":635,"url":"https:\/\/moir.com.co\/web\/jornada-andina-de-lucha-contra-el-alca-y-el-tlc-salvacion-agropecuaria-llevara-a-cabo-concentracion-departamental-en-el-siti\/","url_meta":{"origin":637,"position":0},"title":"JORNADA ANDINA DE LUCHA CONTRA EL ALCA Y EL TLC: SALVACI\u00d3N AGROPECUARIA LLEVAR\u00c1 A CABO CONCENTRACI\u00d3N DEPARTAMENTAL EN EL SITI","author":"admin","date":"agosto 11, 2004","format":false,"excerpt":"Salvaci\u00f3n Agropecuaria, Medell\u00edn, Marzo 30 de 2004. En desarrollo de la decisi\u00f3n de participar en la Jornada Andina de protesta contra el ALCA y el TLC que se llevar\u00e1 a cabo el pr\u00f3ximo 15 de Abril, adoptada por la Junta Nacional de nuestra organizaci\u00f3n el pasado 13 de Marzo, la\u2026","rel":"","context":"En \u00abPronunciamientos de Organizaciones Sociales\u00bb","block_context":{"text":"Pronunciamientos de Organizaciones Sociales","link":"https:\/\/moir.com.co\/web\/category\/pronunciamientos-de-organizaciones-sociales\/"},"img":{"alt_text":"","src":"","width":0,"height":0},"classes":[]},{"id":640,"url":"https:\/\/moir.com.co\/web\/salvacion-agropecuaria-dira-no-al-alca-y-al-tlc-el-15-de-abril\/","url_meta":{"origin":637,"position":1},"title":"\u00a1SALVACI\u00d3N  AGROPECUARIA DIR\u00c1 NO AL ALCA Y AL TLC EL 15 DE ABRIL!","author":"admin","date":"agosto 11, 2004","format":false,"excerpt":"La Asociaci\u00f3n Nacional por la Salvaci\u00f3n Agropecuaria, seg\u00fan lo convenido con organizaciones agrarias, campesinas, ind\u00edgenas, sindicales y sociales de Colombia, Ecuador, Per\u00fa y Bolivia y de acuerdo al mandato de su VIII Junta Nacional, se movilizar\u00e1 el pr\u00f3ximo jueves 15 de abril en el marco de la Primera Jornada Andina\u2026","rel":"","context":"En \u00abPronunciamientos de Organizaciones Sociales\u00bb","block_context":{"text":"Pronunciamientos de Organizaciones Sociales","link":"https:\/\/moir.com.co\/web\/category\/pronunciamientos-de-organizaciones-sociales\/"},"img":{"alt_text":"","src":"","width":0,"height":0},"classes":[]},{"id":19691,"url":"https:\/\/moir.com.co\/web\/caldas-presente-contra-el-tlc-y-el-alca\/","url_meta":{"origin":637,"position":2},"title":"CALDAS PRESENTE CONTRA EL TLC Y EL ALCA","author":"admin","date":"agosto 4, 2004","format":false,"excerpt":"Wilson Garc\u00eda Quiceno Organizaciones agropecuarias, ind\u00edgenas, sindicales, femeninas, de investigaci\u00f3n, medioambientalistas, pol\u00edticas, estudiantiles y no gubernamentales que hacen parte en Caldas de la Coalici\u00f3n Democr\u00e1tica contra el ALCA y el TLC, se movilizaron el jueves 15 de abril a El Palo, en el municipio de Sup\u00eda, en cumplimiento de la\u2026","rel":"","context":"En \u00abTribuna Roja N\u00ba 95; abril 27 de 2004\u00bb","block_context":{"text":"Tribuna Roja N\u00ba 95; abril 27 de 2004","link":"https:\/\/moir.com.co\/web\/category\/tribuna-roja\/ediciones-2000-2004\/tribuna-roja-no-95-abril-27-de-2004\/"},"img":{"alt_text":"","src":"","width":0,"height":0},"classes":[]},{"id":634,"url":"https:\/\/moir.com.co\/web\/se-ratifica-participacion-masiva-de-campesinos-indigenas-y-productores-agropecuarios-antioquenos-en-jornada-andina-de-lucha\/","url_meta":{"origin":637,"position":3},"title":"SE RATIFICA PARTICIPACI\u00d3N MASIVA DE CAMPESINOS, IND\u00cdGENAS Y PRODUCTORES AGROPECUARIOS ANTIOQUE\u00d1OS EN JORNADA ANDINA DE LUCHA","author":"admin","date":"agosto 11, 2004","format":false,"excerpt":"Salvaci\u00f3n Agropecuaria, Medell\u00edn, abril 12 de 2004. Desde las diez de la ma\u00f1ana de este Jueves 15 de Abril, comenzar\u00e1n a llegar al sitio \u201cPrimavera\u201d, en el municipio de Caldas, y procedentes de las distintas regiones de nuestro departamento las delegaciones que se concentrar\u00e1n en el marco de la Jornada\u2026","rel":"","context":"En \u00abPronunciamientos de Organizaciones Sociales\u00bb","block_context":{"text":"Pronunciamientos de Organizaciones Sociales","link":"https:\/\/moir.com.co\/web\/category\/pronunciamientos-de-organizaciones-sociales\/"},"img":{"alt_text":"","src":"","width":0,"height":0},"classes":[]},{"id":19571,"url":"https:\/\/moir.com.co\/web\/jornada-andina-contra-eltlc\/","url_meta":{"origin":637,"position":4},"title":"JORNADA ANDINA CONTRA ELTLC","author":"admin","date":"julio 28, 2004","format":false,"excerpt":"Aurelio Su\u00e1rez Montoya, director ejecutivo de Salvaci\u00f3n Agropecuaria En el Tolima, el presidente nacional de Salvaci\u00f3n Agropecuaria, \u00c1ngel Mar\u00eda Caballero, acompa\u00f1ado del alcalde de Salda\u00f1a, Jos\u00e9 Vidal Oyuela, tres diputados, varios concejales, campesinos, agricultores, maestros y estudiantes, encabez\u00f3 la manifestaci\u00f3n contra el TLC, acompa\u00f1ado por s. All\u00ed se denunci\u00f3 que\u2026","rel":"","context":"En \u00abTribuna Roja N\u00ba 95; abril 27 de 2004\u00bb","block_context":{"text":"Tribuna Roja N\u00ba 95; abril 27 de 2004","link":"https:\/\/moir.com.co\/web\/category\/tribuna-roja\/ediciones-2000-2004\/tribuna-roja-no-95-abril-27-de-2004\/"},"img":{"alt_text":"","src":"","width":0,"height":0},"classes":[]},{"id":630,"url":"https:\/\/moir.com.co\/web\/la-viii-junta-nacional-aprueba-participar-el-15-de-abril-en-la-movilizacion-andina-contra-el-alca-y-el-tlc-con-estados-unidos\/","url_meta":{"origin":637,"position":5},"title":"LA VIII JUNTA NACIONAL APRUEBA  PARTICIPAR EL 15 DE ABRIL EN LA MOVILIZACI\u00d3N ANDINA CONTRA EL ALCA Y EL TLC CON ESTADOS UNIDOS","author":"admin","date":"agosto 11, 2004","format":false,"excerpt":"Salvaci\u00f3n Agropecuaria, Ibagu\u00e9, marzo 13 de 2004 La VIII Junta Nacional de la Asociaci\u00f3n Nacional por la Salvaci\u00f3n Agropecuaria, reunida en Ibagu\u00e9 el pasado s\u00e1bado 13 de marzo con la presencia de 225 delegados de 16 departamentos, aprob\u00f3 su participaci\u00f3n masiva en la movilizaci\u00f3n que organizaciones sociales, de productores, campesinas,\u2026","rel":"","context":"En \u00abPronunciamientos de Organizaciones Sociales\u00bb","block_context":{"text":"Pronunciamientos de Organizaciones Sociales","link":"https:\/\/moir.com.co\/web\/category\/pronunciamientos-de-organizaciones-sociales\/"},"img":{"alt_text":"","src":"","width":0,"height":0},"classes":[]}],"jetpack_sharing_enabled":true,"_links":{"self":[{"href":"https:\/\/moir.com.co\/web\/wp-json\/wp\/v2\/posts\/637","targetHints":{"allow":["GET"]}}],"collection":[{"href":"https:\/\/moir.com.co\/web\/wp-json\/wp\/v2\/posts"}],"about":[{"href":"https:\/\/moir.com.co\/web\/wp-json\/wp\/v2\/types\/post"}],"author":[{"embeddable":true,"href":"https:\/\/moir.com.co\/web\/wp-json\/wp\/v2\/users\/1"}],"replies":[{"embeddable":true,"href":"https:\/\/moir.com.co\/web\/wp-json\/wp\/v2\/comments?post=637"}],"version-history":[{"count":0,"href":"https:\/\/moir.com.co\/web\/wp-json\/wp\/v2\/posts\/637\/revisions"}],"wp:attachment":[{"href":"https:\/\/moir.com.co\/web\/wp-json\/wp\/v2\/media?parent=637"}],"wp:term":[{"taxonomy":"category","embeddable":true,"href":"https:\/\/moir.com.co\/web\/wp-json\/wp\/v2\/categories?post=637"},{"taxonomy":"post_tag","embeddable":true,"href":"https:\/\/moir.com.co\/web\/wp-json\/wp\/v2\/tags?post=637"}],"curies":[{"name":"wp","href":"https:\/\/api.w.org\/{rel}","templated":true}]}}