{"id":636,"date":"2004-08-11T07:00:00","date_gmt":"2004-08-11T07:00:00","guid":{"rendered":"https:\/\/moir.org.co\/web\/los-trabajadores-y-trabajadoras-andinos-frente-al-alca-tlc\/"},"modified":"2004-08-11T07:00:00","modified_gmt":"2004-08-11T07:00:00","slug":"los-trabajadores-y-trabajadoras-andinos-frente-al-alca-tlc","status":"publish","type":"post","link":"https:\/\/moir.com.co\/web\/los-trabajadores-y-trabajadoras-andinos-frente-al-alca-tlc\/","title":{"rendered":"LOS TRABAJADORES Y TRABAJADORAS ANDINOS FRENTE AL ALCA-TLC"},"content":{"rendered":"<p>Campa\u00f1a Continental contra el ALCA, abril 8 de 2004<\/p>\n<p>Consejo Consultivo Laboral Andino, abril 8 de 2004<\/p>\n<p>El Consejo Consultivo Laboral Andino reunido en la ciudad de Cali, Colombia en el marco de su X Reuni\u00f3n Ordinaria, las 16 Centrales Sindicales que lo integran, luego de una profunda discusi\u00f3n sobre los efectos negativos de los Tratados de Libre Comercio (TLC) en los procesos de integraci\u00f3n, la soberan\u00eda de nuestros pa\u00edses y las estructuras pol\u00edtico, sociales, econ\u00f3micas, jur\u00eddicas e institucionales; hemos llegado a las siguientes conclusiones:<\/p>\n<p>1. Que los TLC son parte de las t\u00e1cticas empleadas por el Gobierno de Estados Unidos y las corporaciones transnacionales, en el desarrollo de su plan estrat\u00e9gico de cooptar a los pa\u00edses de Am\u00e9rica Latina para fortalecer su propio bloque de negociaci\u00f3n, con el objeto de enfrentar las negociaciones que en el marco global se realizaran con la Uni\u00f3n Europea, China, India, Jap\u00f3n y MERCOSUR. Se inscriben igualmente en este plan estrat\u00e9gico el ALCA, el Plan Colombia, el Plan Puebla-Panam\u00e1 y la Iniciativa Andina, entre otros, para su propio beneficio.<\/p>\n<p>2. Para llevar a cabo este proyecto, les es imprescindible romper los procesos de integraci\u00f3n y desarrollo econ\u00f3micos y sociales, subregionales y regionales, y esto se comprueba en las imposiciones que enmarcan estas &#8220;negociaciones&#8221;, como son el establecimiento de pol\u00edticas neoliberales de profundizaci\u00f3n del &#8220;libre mercado&#8221;, mediante la flexibilizaci\u00f3n y desregulaci\u00f3n en las relaciones laborales, la apertura sin condicionamientos a las inversiones extranjeras con libre movilidad de capitales, el control a las compras e inversiones del estado, y sobre la propiedad intelectual. Neg\u00e1ndose, por otra parte, a discutir temas vitales para nuestros pueblos como las migraciones laborales, la seguridad social, la deuda externa y la eliminaci\u00f3n de sus medidas proteccionistas.<\/p>\n<p>3. Que los TLC no son procesos de integraci\u00f3n, sino la profundizaci\u00f3n de los procesos de globalizaci\u00f3n neoliberal, que en sus resultados han generado efectos devastadores en nuestros pa\u00edses que se manifiestan en: una mayor exclusi\u00f3n social, un incremento en las brechas en la distribuci\u00f3n del ingreso, la destrucci\u00f3n del medio ambiente, una pobre incorporaci\u00f3n de progreso t\u00e9cnico y de desarrollo de capital social, un incremento del desempleo y subempleo, una perdida de los derechos laborales y sociales y una crisis recurrente de nuestras econom\u00edas.<\/p>\n<p>El an\u00e1lisis del TLC firmado entre M\u00e9xico, Estados Unidos y Canad\u00e1, evidencia que sus resultados han significado un debilitamiento de: la econom\u00eda mexicana, su estructura productiva y el incremento de la exclusi\u00f3n social.<\/p>\n<p>4. Que los gobiernos de los pa\u00edses andinos que han aceptado iniciar negociaciones de Tratados de Libre Comercio bilaterales con Estados Unidos, lejos de impulsar los procesos de integraci\u00f3n latinoamericanos se muestran sumisos y proclives a las imposiciones del imperio, prest\u00e1ndose a pol\u00edticas de desintegraci\u00f3n, violando los pactos y acuerdos suscritos dentro de la CAN, como el aprobado en Marzo de 2003, de intensificar negociaciones con terceros pa\u00edses desde una posici\u00f3n comunitaria, concomitante a la integraci\u00f3n f\u00edsica de Sur Am\u00e9rica.<\/p>\n<p>Frente a esta grave y delicada situaci\u00f3n producto de la entrega de la soberan\u00eda, riqueza y patrimonio de nuestros pa\u00edses a las corporaciones transnacionales.<\/p>\n<p>SE ACUERDA:<\/p>\n<p>1. Reafirmar nuestro compromiso con el proceso de integraci\u00f3n andina como expresi\u00f3n de una hist\u00f3rica convergencia de intereses pol\u00edticos, econ\u00f3micos, culturales y sociales, que abarca a los pueblos de los cinco pa\u00edses de nuestra subregion.<\/p>\n<p>2. Expresar nuestra posici\u00f3n favorable al progreso del comercio internacional, que en un marco debidamente regulado, propenda al mejoramiento de las condiciones de vida de la regi\u00f3n, reduzca las asimetr\u00edas y elimine las desigualdades.<\/p>\n<p>3. Rechazar los Tratados bilaterales de libre comercio con Estados Unidos, promovidos por el gobierno de Bush, porque ello significa una nueva forma de colonizaci\u00f3n de nuestros pa\u00edses, que como consecuencia producir\u00e1n una mayor concentraci\u00f3n y centralizaci\u00f3n del capital en manos de unos pocos, y la ruina de las industrias nacionales y en general al sector productivo agropecuario.<\/p>\n<p>4. Exigir a nuestros gobiernos la concreci\u00f3n del mercado com\u00fan andino, tal como lo han expresado reiteradamente los jefes de Estado en las Cumbres Presidenciales Andinas, as\u00ed como la adopci\u00f3n de pol\u00edticas que fortalezcan los procesos de integraci\u00f3n y desarrollo social, poniendo en marcha megaproyectos productivos que activen la econom\u00eda regional.<\/p>\n<p>5. Es prioritario retomar la discusi\u00f3n en bloque de todos los temas que afectan a la subregi\u00f3n, a sus sociedades y trabajadores, como son: comercio exterior, propiedad intelectual, migraci\u00f3n, seguridad social, derechos laborales y deuda externa e interna, sobre la que planteamos su renegociaci\u00f3n con desconocimiento de la deuda &#8220;odiosa&#8221; y el canje de deuda por inversi\u00f3n social, privilegiando el pago de la deuda social.<\/p>\n<p>En esta discusi\u00f3n deber\u00e1n participar los trabajadores, los empresarios y las diferentes expresiones organizadas de la sociedad.<\/p>\n<p>6. Exigimos a los parlamentos nacionales, andino y latinoamericano, cumplir efectivamente su papel de velar por los intereses nacionales, subregionales y el control pol\u00edtico de las decisiones y acciones de los poderes ejecutivos, m\u00e1xime cuando tienen que ver con el cumplimiento de los Tratados Internacionales, suscritos por los Gobiernos a nombre de sus pa\u00edses.<\/p>\n<p>7. Declarar al Consejo Consultivo Laboral Andino en estado de emergencia ante la perspectiva de debilitamiento de la integraci\u00f3n andina y posible disoluci\u00f3n de la CAN. Esto implica involucrarnos totalmente en la difusi\u00f3n, y cumplimiento de los acuerdos del CCLA, haciendo un llamado a todas las Centrales de Trabajadores a acompa\u00f1ar esta postura y establecer mecanismos de unidad, solidaridad, organizaci\u00f3n y lucha.<\/p>\n<p>En este sentido ratificamos la importancia del Consejo Consultivo Laboral Andino como instancia de participaci\u00f3n de los trabajadores en el Sistema Andino de Integraci\u00f3n.<\/p>\n<p>Conscientes que la raz\u00f3n que nos asiste para detener la amenaza que se cierne sobre el proceso de integraci\u00f3n andino no es suficiente, planteamos a las organizaciones sociales y pol\u00edticas de nuestros pa\u00edses el siguiente plan de acci\u00f3n:<\/p>\n<p>I. Denunciar y divulgar las amenazas de estos TLCs e impulsar campa\u00f1as esclarecedoras acerca de los efectos perversos de estos, sobre nuestros pueblos, para ello se deber\u00e1n constituir equipos t\u00e9cnicos en cada uno de los pa\u00edses que analicen sus impactos sobre los sectores productivos y en las condiciones de vida de la poblaci\u00f3n.<\/p>\n<p>II. Articular movilizaciones y acciones de rechazo a los TLC en nuestras principales ciudades, involucrando a todas las organizaciones sociales, sindicales y pol\u00edticas, as\u00ed como a todos los sectores afectados, entre ellos a empresarios de sectores productivos que est\u00e1n condenados a desaparecer con la firma de estos tratados, fortaleciendo la alianza estrat\u00e9gica entre todos los sectores a nivel nacional, subregional, regional y hemisf\u00e9rico.<\/p>\n<p>III. Convertir las jornadas convocadas para conmemorar el 1ro. de Mayo en protestas contra los TLCs y el ALCA, promoviendo un nuevo modelo de desarrollo que fortalezca la integraci\u00f3n andina y latinoamericana, tal y como lo establece el mandato de nuestras constituciones y el Acuerdo de Cartagena.<\/p>\n<p>IV. Participar activamente en la Jornada Continental del 15 de Abril y en las CARAVANAS POR LA INTEGRACION, que se realizaran en Colombia y culminaran, el 18 de Mayo en una gran manifestaci\u00f3n en la ciudad de Cartagena de Indias, ciudad heroica, en conmemoraci\u00f3n al hist\u00f3rico Acuerdo de Cartagena. Instando a que se realicen actos similares en cada uno de los pa\u00edses.<\/p>\n<p>V. Participar activamente en el Foro Social Continental a realizarse en la ciudad de Quito, Ecuador en el mes de Julio, en el marco de la Cumbre Presidencial Andina y en la reuni\u00f3n de la OEA.<\/p>\n<p>VI. Luchar articulada y unitariamente por la defensa y recuperaci\u00f3n de los derechos de los trabajadores conculcados o debilitados por las pol\u00edticas neoliberales, entre otros la libertad sindical, negociaci\u00f3n colectiva y el derecho de huelga.<\/p>\n<p>VII. Poner en conocimiento de las Centrales Sindicales Mundiales (CIOSL, CMT y FSM) y sus Regionales, este Manifiesto para que adopten una postura activa y de compromiso con la posici\u00f3n del Consejo Consultivo Laboral Andino frente a la amenaza de imposici\u00f3n de los TLCs.<\/p>\n<p>VIII. Reafirmamos nuestra solidaridad con los trabajadores y el pueblo colombiano, reiterando que el verdadero camino para derrotar la violencia es la construcci\u00f3n de una sociedad realmente democr\u00e1tica y solidaria, donde prime la paz y la justicia social.<\/p>\n<p>Cali, 3 de Abril del 2004<\/p>\n<p>BOLIVIA: Central Obrera Boliviana &#8211; COB<br \/>\nCOLOMBIA: Confederaci\u00f3n de Trabajadores de Colombia &#8211; CTC, Central Unitaria de Trabajadores &#8211; CUT, Confederaci\u00f3n General de Trabajadores Democr\u00e1ticos &#8211; CGTD<br \/>\nECUADOR: Confederaci\u00f3n Ecuatoriana de Organizaciones Sindicales Libres &#8211; CEOSL, Confederaci\u00f3n de Trabajadores de Ecuador &#8211; CTE, Confederaci\u00f3n Ecuatoriana de Organizaciones Clasistas Unitarias de Trabajadores &#8211; CEDOCUT<br \/>\nPERU: Confederaci\u00f3n General de Trabajadores del Per\u00fa &#8211; CGTP, Central Aut\u00f3noma de Trabajadores del Per\u00fa &#8211; CATP, Central Unitaria de Trabajadores del Per\u00fa &#8211; CUT, Confederaci\u00f3n de Trabajadores del Per\u00fa &#8211; CTP<br \/>\nVENEZUELA: Central Unitaria de Trabajadores de Venezuela -CUTV, Uni\u00f3n Nacional de Trabajadores &#8211; UNT, Confederaci\u00f3n General de Trabajadores &#8211; CGT, Confederaci\u00f3n de Sindicatos Aut\u00f3nomos de Venezuela &#8211; CODESA, Confederaci\u00f3n de Trabajadores de Venezuela &#8211; CTV<\/p>\n","protected":false},"excerpt":{"rendered":"<p>Campa\u00f1a Continental contra el ALCA, abril 8 de 2004 Consejo Consultivo Laboral Andino, abril 8 de 2004 El Consejo Consultivo Laboral Andino reunido en la ciudad de Cali, Colombia en el marco de su X Reuni\u00f3n Ordinaria, las 16 Centrales Sindicales que lo integran, luego de una profunda discusi\u00f3n sobre los efectos negativos de los [&hellip;]<\/p>\n","protected":false},"author":1,"featured_media":0,"comment_status":"open","ping_status":"open","sticky":false,"template":"","format":"standard","meta":{"advanced_seo_description":"","jetpack_seo_html_title":"","jetpack_seo_noindex":false,"_jetpack_memberships_contains_paid_content":false,"footnotes":""},"categories":[7],"tags":[],"class_list":["post-636","post","type-post","status-publish","format-standard","hentry","category-pronunciamientos-de-organizaciones-sociales"],"jetpack_featured_media_url":"","jetpack-related-posts":[{"id":630,"url":"https:\/\/moir.com.co\/web\/la-viii-junta-nacional-aprueba-participar-el-15-de-abril-en-la-movilizacion-andina-contra-el-alca-y-el-tlc-con-estados-unidos\/","url_meta":{"origin":636,"position":0},"title":"LA VIII JUNTA NACIONAL APRUEBA  PARTICIPAR EL 15 DE ABRIL EN LA MOVILIZACI\u00d3N ANDINA CONTRA EL ALCA Y EL TLC CON ESTADOS UNIDOS","author":"admin","date":"agosto 11, 2004","format":false,"excerpt":"Salvaci\u00f3n Agropecuaria, Ibagu\u00e9, marzo 13 de 2004 La VIII Junta Nacional de la Asociaci\u00f3n Nacional por la Salvaci\u00f3n Agropecuaria, reunida en Ibagu\u00e9 el pasado s\u00e1bado 13 de marzo con la presencia de 225 delegados de 16 departamentos, aprob\u00f3 su participaci\u00f3n masiva en la movilizaci\u00f3n que organizaciones sociales, de productores, campesinas,\u2026","rel":"","context":"En \u00abPronunciamientos de Organizaciones Sociales\u00bb","block_context":{"text":"Pronunciamientos de Organizaciones Sociales","link":"https:\/\/moir.com.co\/web\/category\/pronunciamientos-de-organizaciones-sociales\/"},"img":{"alt_text":"","src":"","width":0,"height":0},"classes":[]},{"id":629,"url":"https:\/\/moir.com.co\/web\/la-viii-junta-nacional-respalda-la-movilizacion-andina-contra-el-alca-y-los-tratados-bilaterales-de-libre-comercio-con-estados\/","url_meta":{"origin":636,"position":1},"title":"LA VIII JUNTA NACIONAL RESPALDA LA MOVILIZACI\u00d3N ANDINA CONTRA EL ALCA Y LOS TRATADOS BILATERALES DE LIBRE COMERCIO CON ESTADOS","author":"admin","date":"agosto 11, 2004","format":false,"excerpt":"La Asociaci\u00f3n Nacional por la Salvaci\u00f3n Agropecuaria considerando: Que en el a\u00f1o 2004 se iniciar\u00e1n las negociaciones de acuerdos bilaterales de los pa\u00edses andinos, entre los que se incluye a Colombia, y adem\u00e1s se tiene fijado el final del proceso de construcci\u00f3n del ALCA, Que los estudios y an\u00e1lisis, incluidos\u2026","rel":"","context":"En \u00abPronunciamientos de Organizaciones Sociales\u00bb","block_context":{"text":"Pronunciamientos de Organizaciones Sociales","link":"https:\/\/moir.com.co\/web\/category\/pronunciamientos-de-organizaciones-sociales\/"},"img":{"alt_text":"","src":"","width":0,"height":0},"classes":[]},{"id":1110,"url":"https:\/\/moir.com.co\/web\/crece-la-oposicion-al-tratado-de-libre-comercio-con-estados-unidos\/","url_meta":{"origin":636,"position":2},"title":"CRECE LA OPOSICI\u00d3N AL TRATADO DE LIBRE COMERCIO CON ESTADOS UNIDOS","author":"admin","date":"febrero 7, 2005","format":false,"excerpt":"La s\u00e9ptima ronda de negociaciones del TLC efectuada en Cartagena demostr\u00f3 que aumentan las dificultades de los gobiernos andinos para suscribir este tratado y que al lado de una vigorosa movilizaci\u00f3n popular, nuevos sectores se muestran preocupados, inconformes y a\u00fan opuestos al mismo. Se ha repetido nuevamente el penoso espect\u00e1culo\u2026","rel":"","context":"En \u00ab\u00a1No a los TLC y al ALCA!\u00bb","block_context":{"text":"\u00a1No a los TLC y al ALCA!","link":"https:\/\/moir.com.co\/web\/category\/temas\/no-a-los-tlc-y-al-alca\/"},"img":{"alt_text":"","src":"","width":0,"height":0},"classes":[]},{"id":117,"url":"https:\/\/moir.com.co\/web\/organizaciones-andinas-se-pronuncian-contra-tlc\/","url_meta":{"origin":636,"position":3},"title":"ORGANIZACIONES ANDINAS SE PRONUNCIAN CONTRA TLC","author":"admin","date":"agosto 6, 2004","format":false,"excerpt":"Julio 30 de 2004 El 26 de julio, dentro del marco del Foro Social de las Am\u00e9ricas, que se realiza en Quito, varias decenas de organizaciones populares de la regi\u00f3n andina se reunieron y analizaron los efectos que tendr\u00e1 el Tratado de Libre Comercio con Estados Unidos. En el encuentro,\u2026","rel":"","context":"En \u00ab\u00a1No a los TLC y al ALCA!\u00bb","block_context":{"text":"\u00a1No a los TLC y al ALCA!","link":"https:\/\/moir.com.co\/web\/category\/temas\/no-a-los-tlc-y-al-alca\/"},"img":{"alt_text":"","src":"","width":0,"height":0},"classes":[]},{"id":635,"url":"https:\/\/moir.com.co\/web\/jornada-andina-de-lucha-contra-el-alca-y-el-tlc-salvacion-agropecuaria-llevara-a-cabo-concentracion-departamental-en-el-siti\/","url_meta":{"origin":636,"position":4},"title":"JORNADA ANDINA DE LUCHA CONTRA EL ALCA Y EL TLC: SALVACI\u00d3N AGROPECUARIA LLEVAR\u00c1 A CABO CONCENTRACI\u00d3N DEPARTAMENTAL EN EL SITI","author":"admin","date":"agosto 11, 2004","format":false,"excerpt":"Salvaci\u00f3n Agropecuaria, Medell\u00edn, Marzo 30 de 2004. En desarrollo de la decisi\u00f3n de participar en la Jornada Andina de protesta contra el ALCA y el TLC que se llevar\u00e1 a cabo el pr\u00f3ximo 15 de Abril, adoptada por la Junta Nacional de nuestra organizaci\u00f3n el pasado 13 de Marzo, la\u2026","rel":"","context":"En \u00abPronunciamientos de Organizaciones Sociales\u00bb","block_context":{"text":"Pronunciamientos de Organizaciones Sociales","link":"https:\/\/moir.com.co\/web\/category\/pronunciamientos-de-organizaciones-sociales\/"},"img":{"alt_text":"","src":"","width":0,"height":0},"classes":[]},{"id":992,"url":"https:\/\/moir.com.co\/web\/tratado-andino-de-libre-comercio-en-cuestion\/","url_meta":{"origin":636,"position":5},"title":"TRATADO ANDINO DE LIBRE COMERCIO  EN CUESTI\u00d3N","author":"admin","date":"septiembre 4, 2004","format":false,"excerpt":"Secretismo, equipos negociadores sumisos e ileg\u00edtimos e imposici\u00f3n de la agenda y los procedimientos por parte de Estados Unidos. Estos son algunos de los cuestionamientos que expresan distintas fuerzas sociales en Ecuador, Colombia, Per\u00fa, Bolivia y Estados Unidos frente a la nueva ronda de negociaciones del Tratado de Libre Comercio\u2026","rel":"","context":"En \u00ab\u00a1No a los TLC y al ALCA!\u00bb","block_context":{"text":"\u00a1No a los TLC y al ALCA!","link":"https:\/\/moir.com.co\/web\/category\/temas\/no-a-los-tlc-y-al-alca\/"},"img":{"alt_text":"","src":"","width":0,"height":0},"classes":[]}],"jetpack_sharing_enabled":true,"_links":{"self":[{"href":"https:\/\/moir.com.co\/web\/wp-json\/wp\/v2\/posts\/636","targetHints":{"allow":["GET"]}}],"collection":[{"href":"https:\/\/moir.com.co\/web\/wp-json\/wp\/v2\/posts"}],"about":[{"href":"https:\/\/moir.com.co\/web\/wp-json\/wp\/v2\/types\/post"}],"author":[{"embeddable":true,"href":"https:\/\/moir.com.co\/web\/wp-json\/wp\/v2\/users\/1"}],"replies":[{"embeddable":true,"href":"https:\/\/moir.com.co\/web\/wp-json\/wp\/v2\/comments?post=636"}],"version-history":[{"count":0,"href":"https:\/\/moir.com.co\/web\/wp-json\/wp\/v2\/posts\/636\/revisions"}],"wp:attachment":[{"href":"https:\/\/moir.com.co\/web\/wp-json\/wp\/v2\/media?parent=636"}],"wp:term":[{"taxonomy":"category","embeddable":true,"href":"https:\/\/moir.com.co\/web\/wp-json\/wp\/v2\/categories?post=636"},{"taxonomy":"post_tag","embeddable":true,"href":"https:\/\/moir.com.co\/web\/wp-json\/wp\/v2\/tags?post=636"}],"curies":[{"name":"wp","href":"https:\/\/api.w.org\/{rel}","templated":true}]}}