{"id":633,"date":"2004-08-11T07:00:00","date_gmt":"2004-08-11T07:00:00","guid":{"rendered":"https:\/\/moir.org.co\/web\/movilizacion-en-rechazo-al-tratado-de-libre-comercio-al-alca-y-a-las-fumigaciones-en-la-sierra-nevada\/"},"modified":"2004-08-11T07:00:00","modified_gmt":"2004-08-11T07:00:00","slug":"movilizacion-en-rechazo-al-tratado-de-libre-comercio-al-alca-y-a-las-fumigaciones-en-la-sierra-nevada","status":"publish","type":"post","link":"https:\/\/moir.com.co\/web\/movilizacion-en-rechazo-al-tratado-de-libre-comercio-al-alca-y-a-las-fumigaciones-en-la-sierra-nevada\/","title":{"rendered":"MOVILIZACI\u00d3N EN RECHAZO AL TRATADO DE LIBRE COMERCIO, AL ALCA Y A LAS FUMIGACIONES EN LA SIERRA NEVADA"},"content":{"rendered":"<p>La Red Colombiana de Acci\u00f3n Frente al Tratado de Libre Comercio y el Alca (Recalca), cap\u00edtulo Magdalena, acogiendo el Llamamiento de Los Andes y la Declaraci\u00f3n de Quito aprobados por centenares de organizaciones sociales, gremiales, sindicales, productivas, agropecuarias,  ambientalistas, ONGs de Colombia, Ecuador, Per\u00fa y Bolivia, convoca a las fuerzas vivas de la sociedad samaria, cienaguera y magdalenense a participar en la movilizaci\u00f3n andina del d\u00eda 15 de abril pr\u00f3ximo para rechazar la vinculaci\u00f3n de Colombia y dem\u00e1s pa\u00edses andinos al tratado de libre comercio con Estados Unidos y al Alca por cuanto socavan la soberan\u00eda nacional, los derechos de los trabajadores y del pueblo y arrasan la producci\u00f3n agropecuaria e industrial de Latinoam\u00e9rica.  <\/p>\n<p>El Departamento del Magdalena y la regi\u00f3n de la Costa Atl\u00e1ntica sufrir\u00edan golpes demoledores porque su producci\u00f3n agraria, industrial y artesanal no podr\u00edan competir con las gigantescas firmas estadounidenses; la educaci\u00f3n, la salud y los servicios p\u00fablicos ser\u00edan completamente privatizados; las compras de las entidades territoriales quedar\u00edan en manos de multinacionales; la Constituci\u00f3n y las leyes de nuestros pa\u00edses ser\u00edan reemplazadas por tribunales internacionales. En resumen, se consumar\u00eda la esclavizaci\u00f3n de los pueblos de Am\u00e9rica Latina y su recolonizaci\u00f3n por parte de la superpotencia del Norte que cuenta con el respaldo genuflexo del gobierno de turno. <\/p>\n<p>Convocamos a todas las fuerzas sociales del Magdalena y de la Regi\u00f3n Caribe a concentrarnos el d\u00eda 15 de abril a partir de las ocho de la ma\u00f1ana en el sitio La Frutera, a la entrada de Ci\u00e9naga, Magdalena, adonde llegar\u00e1n delegaciones del Cesar, Atl\u00e1ntico, del magisterio, de las centrales obreras, de las comunidades ind\u00edgenas, productores de caf\u00e9, banano, palma africana, frutas, leche, usuarios de servicios p\u00fablicos y de los distritos de riego para participar en la movilizaci\u00f3n andina contra el tratado bilateral, el Alca y las fumigaciones de la Sierra Nevada de Santa Marta y desfilar hasta la Plaza del Centenario del municipio de Ci\u00e9naga. <\/p>\n<p>RECALCA, CUT MAGDALENA, COMANDO REGIONAL UNITARIO DEL MAGDALENA, ASOCIACI\u00d3N COLOMBIANA DE INGENIEROS AGR\u00d3NOMOS, ASOCIACI\u00d3N NACIONAL POR LA SALVACI\u00d3N AGROPECUARIA, ASOCIACIONES DE PENSIONADOS, SINDICATO DE EDUCADORES DEL MAGDALENA, SUBDIRECTIVA CI\u00c9NAGA, LIGA DE USUARIOS DE SERVICIOS P\u00daBLICOS DE SANTA MARTA<\/p>\n<p>Santa Marta y Ci\u00e9naga, Magdalena, marzo 27 de 2004<\/p>\n","protected":false},"excerpt":{"rendered":"<p>La Red Colombiana de Acci\u00f3n Frente al Tratado de Libre Comercio y el Alca (Recalca), cap\u00edtulo Magdalena, acogiendo el Llamamiento de Los Andes y la Declaraci\u00f3n de Quito aprobados por centenares de organizaciones sociales, gremiales, sindicales, productivas, agropecuarias, ambientalistas, ONGs de Colombia, Ecuador, Per\u00fa y Bolivia, convoca a las fuerzas vivas de la sociedad samaria, [&hellip;]<\/p>\n","protected":false},"author":1,"featured_media":0,"comment_status":"open","ping_status":"open","sticky":false,"template":"","format":"standard","meta":{"advanced_seo_description":"","jetpack_seo_html_title":"","jetpack_seo_noindex":false,"_jetpack_memberships_contains_paid_content":false,"footnotes":""},"categories":[7],"tags":[],"class_list":["post-633","post","type-post","status-publish","format-standard","hentry","category-pronunciamientos-de-organizaciones-sociales"],"jetpack_featured_media_url":"","jetpack-related-posts":[{"id":629,"url":"https:\/\/moir.com.co\/web\/la-viii-junta-nacional-respalda-la-movilizacion-andina-contra-el-alca-y-los-tratados-bilaterales-de-libre-comercio-con-estados\/","url_meta":{"origin":633,"position":0},"title":"LA VIII JUNTA NACIONAL RESPALDA LA MOVILIZACI\u00d3N ANDINA CONTRA EL ALCA Y LOS TRATADOS BILATERALES DE LIBRE COMERCIO CON ESTADOS","author":"admin","date":"agosto 11, 2004","format":false,"excerpt":"La Asociaci\u00f3n Nacional por la Salvaci\u00f3n Agropecuaria considerando: Que en el a\u00f1o 2004 se iniciar\u00e1n las negociaciones de acuerdos bilaterales de los pa\u00edses andinos, entre los que se incluye a Colombia, y adem\u00e1s se tiene fijado el final del proceso de construcci\u00f3n del ALCA, Que los estudios y an\u00e1lisis, incluidos\u2026","rel":"","context":"En \u00abPronunciamientos de Organizaciones Sociales\u00bb","block_context":{"text":"Pronunciamientos de Organizaciones Sociales","link":"https:\/\/moir.com.co\/web\/category\/pronunciamientos-de-organizaciones-sociales\/"},"img":{"alt_text":"","src":"","width":0,"height":0},"classes":[]},{"id":637,"url":"https:\/\/moir.com.co\/web\/con-gran-exito-se-cumplio-en-colombia-la-jornada-andina-contra-el-alca-y-el-tlc\/","url_meta":{"origin":633,"position":1},"title":"CON GRAN \u00c9XITO SE CUMPLI\u00d3 EN COLOMBIA LA JORNADA ANDINA CONTRA EL ALCA Y EL TLC","author":"admin","date":"agosto 11, 2004","format":false,"excerpt":"Salvaci\u00f3n Agropecuaria, abril 21 de 2004 Con entusiasmo se cumpli\u00f3 en m\u00e1s de diez departamentos la Jornada Andina convocada por la Red de Acci\u00f3n frente al ALCA y al Libre Comercio \u2013Recalca\u2013, la Central Unitaria de Trabajadores y la Asociaci\u00f3n Nacional por la Salvaci\u00f3n Agropecuaria, en coordinaci\u00f3n con importantes organizaciones\u2026","rel":"","context":"En \u00abPronunciamientos de Organizaciones Sociales\u00bb","block_context":{"text":"Pronunciamientos de Organizaciones Sociales","link":"https:\/\/moir.com.co\/web\/category\/pronunciamientos-de-organizaciones-sociales\/"},"img":{"alt_text":"","src":"","width":0,"height":0},"classes":[]},{"id":630,"url":"https:\/\/moir.com.co\/web\/la-viii-junta-nacional-aprueba-participar-el-15-de-abril-en-la-movilizacion-andina-contra-el-alca-y-el-tlc-con-estados-unidos\/","url_meta":{"origin":633,"position":2},"title":"LA VIII JUNTA NACIONAL APRUEBA  PARTICIPAR EL 15 DE ABRIL EN LA MOVILIZACI\u00d3N ANDINA CONTRA EL ALCA Y EL TLC CON ESTADOS UNIDOS","author":"admin","date":"agosto 11, 2004","format":false,"excerpt":"Salvaci\u00f3n Agropecuaria, Ibagu\u00e9, marzo 13 de 2004 La VIII Junta Nacional de la Asociaci\u00f3n Nacional por la Salvaci\u00f3n Agropecuaria, reunida en Ibagu\u00e9 el pasado s\u00e1bado 13 de marzo con la presencia de 225 delegados de 16 departamentos, aprob\u00f3 su participaci\u00f3n masiva en la movilizaci\u00f3n que organizaciones sociales, de productores, campesinas,\u2026","rel":"","context":"En \u00abPronunciamientos de Organizaciones Sociales\u00bb","block_context":{"text":"Pronunciamientos de Organizaciones Sociales","link":"https:\/\/moir.com.co\/web\/category\/pronunciamientos-de-organizaciones-sociales\/"},"img":{"alt_text":"","src":"","width":0,"height":0},"classes":[]},{"id":608,"url":"https:\/\/moir.com.co\/web\/organizaciones-sociales-rechazamos-las-intenciones-de-crear-un-alca-andino-a-traves-de-negociaciones-bilaterales-y-subregion\/","url_meta":{"origin":633,"position":3},"title":"ORGANIZACIONES SOCIALES RECHAZAMOS LAS INTENCIONES  DE CREAR UN &#8220;ALCA-ANDINO&#8221; A TRAV\u00c9S DE NEGOCIACIONES BILATERALES Y SUBREGION","author":"admin","date":"agosto 11, 2004","format":false,"excerpt":"Profundamente preocupados y sorprendidos por el anuncio en Miami de negociaciones comerciales que configurar\u00edan un ALCA-Andino entre EE.UU.,Per\u00fa, Colombia, Ecuador y Bolivia, las organizaciones de la sociedad civil presentes en Miami, manifestamos lo siguiente: 1) Ante el estancamiento y los problemas que confrontan las negociaciones del ALCA, EE.UU. est\u00e1 buscando\u2026","rel":"","context":"En \u00abPronunciamientos de Organizaciones Sociales\u00bb","block_context":{"text":"Pronunciamientos de Organizaciones Sociales","link":"https:\/\/moir.com.co\/web\/category\/pronunciamientos-de-organizaciones-sociales\/"},"img":{"alt_text":"","src":"","width":0,"height":0},"classes":[]},{"id":625,"url":"https:\/\/moir.com.co\/web\/circular-convocatoria-a-la-junta-nacional\/","url_meta":{"origin":633,"position":4},"title":"CIRCULAR CONVOCATORIA A LA JUNTA NACIONAL","author":"admin","date":"agosto 11, 2004","format":false,"excerpt":"El d\u00eda s\u00e1bado 13 de marzo se reunir\u00e1 en la ciudad de Ibagu\u00e9 la Junta Nacional de la Asociaci\u00f3n Nacional por la Salvaci\u00f3n Agropecuaria, su m\u00e1xima instancia decisoria, compuesta por los dirigentes nacionales y regionales de las organizaciones que la integran. Para 2004 las actividades gremiales contra la implantaci\u00f3n del\u2026","rel":"","context":"En \u00abPronunciamientos de Organizaciones Sociales\u00bb","block_context":{"text":"Pronunciamientos de Organizaciones Sociales","link":"https:\/\/moir.com.co\/web\/category\/pronunciamientos-de-organizaciones-sociales\/"},"img":{"alt_text":"","src":"","width":0,"height":0},"classes":[]},{"id":1110,"url":"https:\/\/moir.com.co\/web\/crece-la-oposicion-al-tratado-de-libre-comercio-con-estados-unidos\/","url_meta":{"origin":633,"position":5},"title":"CRECE LA OPOSICI\u00d3N AL TRATADO DE LIBRE COMERCIO CON ESTADOS UNIDOS","author":"admin","date":"febrero 7, 2005","format":false,"excerpt":"La s\u00e9ptima ronda de negociaciones del TLC efectuada en Cartagena demostr\u00f3 que aumentan las dificultades de los gobiernos andinos para suscribir este tratado y que al lado de una vigorosa movilizaci\u00f3n popular, nuevos sectores se muestran preocupados, inconformes y a\u00fan opuestos al mismo. Se ha repetido nuevamente el penoso espect\u00e1culo\u2026","rel":"","context":"En \u00ab\u00a1No a los TLC y al ALCA!\u00bb","block_context":{"text":"\u00a1No a los TLC y al ALCA!","link":"https:\/\/moir.com.co\/web\/category\/temas\/no-a-los-tlc-y-al-alca\/"},"img":{"alt_text":"","src":"","width":0,"height":0},"classes":[]}],"jetpack_sharing_enabled":true,"_links":{"self":[{"href":"https:\/\/moir.com.co\/web\/wp-json\/wp\/v2\/posts\/633","targetHints":{"allow":["GET"]}}],"collection":[{"href":"https:\/\/moir.com.co\/web\/wp-json\/wp\/v2\/posts"}],"about":[{"href":"https:\/\/moir.com.co\/web\/wp-json\/wp\/v2\/types\/post"}],"author":[{"embeddable":true,"href":"https:\/\/moir.com.co\/web\/wp-json\/wp\/v2\/users\/1"}],"replies":[{"embeddable":true,"href":"https:\/\/moir.com.co\/web\/wp-json\/wp\/v2\/comments?post=633"}],"version-history":[{"count":0,"href":"https:\/\/moir.com.co\/web\/wp-json\/wp\/v2\/posts\/633\/revisions"}],"wp:attachment":[{"href":"https:\/\/moir.com.co\/web\/wp-json\/wp\/v2\/media?parent=633"}],"wp:term":[{"taxonomy":"category","embeddable":true,"href":"https:\/\/moir.com.co\/web\/wp-json\/wp\/v2\/categories?post=633"},{"taxonomy":"post_tag","embeddable":true,"href":"https:\/\/moir.com.co\/web\/wp-json\/wp\/v2\/tags?post=633"}],"curies":[{"name":"wp","href":"https:\/\/api.w.org\/{rel}","templated":true}]}}