{"id":632,"date":"2004-08-11T07:00:00","date_gmt":"2004-08-11T07:00:00","guid":{"rendered":"https:\/\/moir.org.co\/web\/resolucion-de-la-cut-antioquia-contra-los-nefastos-contratos-sindicales\/"},"modified":"2004-08-11T07:00:00","modified_gmt":"2004-08-11T07:00:00","slug":"resolucion-de-la-cut-antioquia-contra-los-nefastos-contratos-sindicales","status":"publish","type":"post","link":"https:\/\/moir.com.co\/web\/resolucion-de-la-cut-antioquia-contra-los-nefastos-contratos-sindicales\/","title":{"rendered":"RESOLUCI\u00d3N DE LA CUT ANTIOQUIA CONTRA LOS NEFASTOS &#8220;CONTRATOS SINDICALES&#8221;"},"content":{"rendered":"<p>Central Unitaria de Trabajadores -CUT- Antioquia, Medell\u00edn, marzo 6 de 2004.<\/p>\n<p>RESOLUCI\u00d3N<\/p>\n<p>La Junta Departamental de Antioquia de la Subdirectiva CUT reunida en Medell\u00edn los d\u00edas 3, 4, 5 y 6 de Marzo de 2004.<\/p>\n<p>CONSIDERANDO:<\/p>\n<p>1. Que la pol\u00edtica neoliberal del gobierno de Uribe V\u00e9lez comprometida con la OMC y el FMI en todas las medidas conducentes a la flexibilizaci\u00f3n laboral, viene arrasando con los derechos de los trabajadores, impulsando la subcontrataci\u00f3n de los obreros a trav\u00e9s de organizaciones, pauperizando el costo de la mano de obra y aumentando a\u00fan m\u00e1s las utilidades del capital financiero y los monopolios internacionales.<\/p>\n<p>2. Que es preocupante la tendencia de algunos dirigentes sindicales hacia la suscripci\u00f3n de contratos civiles con las empresas, en los denominados \u201cContratos Sindicales\u201d, convirtiendo estas organizaciones en contratistas. Pol\u00edtica impulsada desde la CGTD y algunos sectores pol\u00edticos con presencia en la CUT.<\/p>\n<p>RESUELVE<\/p>\n<p>1. Proscribir el sistema de subcontrataci\u00f3n debido a que atenta contra los derechos de organizaci\u00f3n, negociaci\u00f3n, movilizaci\u00f3n y estabilidad laboral.<\/p>\n<p>2. Orientar a los sindicatos filiales para que condenen y denuncien esta pr\u00e1ctica en las organizaciones donde los obreros tengan alguna influencia (Sindicatos, Cooperativas, ONGs, Asociaciones, Clubes, etc) ya que aplicarla significa la desnaturalizaci\u00f3n y desviaci\u00f3n del sindicalismo.<\/p>\n<p>3. Establecer como pr\u00e1ctica de las Directivas Sindicales la defensa de las Convenciones Colectivas, los Contratos a t\u00e9rmino indefinido, el reconocimiento del Sindicato como \u00fanico representante de los trabajadores y la defensa de la estabilidad laboral.<\/p>\n<p>4. Proponer al Comit\u00e9 Ejecutivo Nacional la elaboraci\u00f3n democr\u00e1tica de un proyecto de estatuto del Trabajo para que la Central lidere las luchas, privilegiando la movilizaci\u00f3n de sus bases y del pueblo a fin de que sea aprobado y se convierta en Ley.<\/p>\n<p>APROBADA POR MAYOR\u00cdA<\/p>\n","protected":false},"excerpt":{"rendered":"<p>Central Unitaria de Trabajadores -CUT- Antioquia, Medell\u00edn, marzo 6 de 2004. RESOLUCI\u00d3N La Junta Departamental de Antioquia de la Subdirectiva CUT reunida en Medell\u00edn los d\u00edas 3, 4, 5 y 6 de Marzo de 2004. CONSIDERANDO: 1. Que la pol\u00edtica neoliberal del gobierno de Uribe V\u00e9lez comprometida con la OMC y el FMI en todas [&hellip;]<\/p>\n","protected":false},"author":1,"featured_media":0,"comment_status":"open","ping_status":"open","sticky":false,"template":"","format":"standard","meta":{"advanced_seo_description":"","jetpack_seo_html_title":"","jetpack_seo_noindex":false,"_jetpack_memberships_contains_paid_content":false,"footnotes":""},"categories":[7],"tags":[],"class_list":["post-632","post","type-post","status-publish","format-standard","hentry","category-pronunciamientos-de-organizaciones-sociales"],"jetpack_featured_media_url":"","jetpack-related-posts":[{"id":1729,"url":"https:\/\/moir.com.co\/web\/gran-coalicion-democratica-de-antioquia-creo-capitulo-de-servicios-publicos-domiciliarios\/","url_meta":{"origin":632,"position":0},"title":"GRAN COALICI\u00d3N DEMOCR\u00c1TICA DE ANTIOQUIA CRE\u00d3 CAP\u00cdTULO DE SERVICIOS P\u00daBLICOS DOMICILIARIOS","author":"admin","date":"agosto 25, 2004","format":false,"excerpt":"Recogiendo la valiosa lecci\u00f3n que dej\u00f3 la campa\u00f1a unificada contra el referendo uribista, el pasado 4 de mayo, las organizaciones pol\u00edticas, sociales, sindicales, c\u00edvicas y populares de Antioquia que hacen parte del acuerdo nacional Gran Coalici\u00f3n Democr\u00e1tica, decidieron crear un cap\u00edtulo especializado para organizar y orientar la lucha de los\u2026","rel":"","context":"En \u00abEL USUARIO N\u00ba9 JULIO-AGOSTO 2004\u00bb","block_context":{"text":"EL USUARIO N\u00ba9 JULIO-AGOSTO 2004","link":"https:\/\/moir.com.co\/web\/category\/temas\/servicios-publicos-articulos-de-actualidad\/el-usuario\/el-usuario-no9-julio-agosto-2004\/"},"img":{"alt_text":"","src":"","width":0,"height":0},"classes":[]},{"id":19925,"url":"https:\/\/moir.com.co\/web\/se-crea-en-medellin-comite-permanente-por-la-defensa-del-patrimonio-publico\/","url_meta":{"origin":632,"position":1},"title":"SE CREA EN MEDELLIN COMIT\u00c9 PERMANENTE POR LA DEFENSA DEL PATRIMONIO P\u00daBLICO","author":"admin","date":"agosto 10, 2004","format":false,"excerpt":"Por Eduardo Benavides Legarda Por convocatoria de las centrales obreras CUT y CGTD, de la USO, la Asociaci\u00f3n de Educadores de Antioquia \u2013Adida-, el sindicato de ISA, Sintraemdes, Sintraelecol y Cedetrabajo, se realiz\u00f3 en Medell\u00edn, el 14 y 15 de marzo, la Jornada por la Defensa del Patrimonio P\u00fablico, para\u2026","rel":"","context":"En \u00abTribuna Roja N\u00ba 80, abril 27 de 2000\u00bb","block_context":{"text":"Tribuna Roja N\u00ba 80, abril 27 de 2000","link":"https:\/\/moir.com.co\/web\/category\/tribuna-roja\/ediciones-2000-2004\/tribuna-roja-no-80-abril-27-de-2000\/"},"img":{"alt_text":"","src":"","width":0,"height":0},"classes":[]},{"id":620,"url":"https:\/\/moir.com.co\/web\/la-cut-debe-liderar-la-lucha-contra-uribe-velez-y-el-imperialismo\/","url_meta":{"origin":632,"position":2},"title":"LA CUT DEBE LIDERAR LA LUCHA CONTRA URIBE V\u00c9LEZ  Y EL IMPERIALISMO","author":"admin","date":"agosto 11, 2004","format":false,"excerpt":"Documento presentado a la Junta Nacional de la CUT, febrero 12, 13 y 14 de 2004 Estamos ante uno de los gobiernos m\u00e1s sumisos frente a la pol\u00edtica imperialista en la historia de Colombia, tan s\u00f3lo comparable con el de los traidores comprometidos en el robo del departamento de Panam\u00e1\u2026","rel":"","context":"En \u00abPronunciamientos de Organizaciones Sociales\u00bb","block_context":{"text":"Pronunciamientos de Organizaciones Sociales","link":"https:\/\/moir.com.co\/web\/category\/pronunciamientos-de-organizaciones-sociales\/"},"img":{"alt_text":"","src":"","width":0,"height":0},"classes":[]},{"id":133,"url":"https:\/\/moir.com.co\/web\/programa-y-candidatos-al-comite-ejecutivo-de-la-central-unitaria-de-trabajadores-cut\/","url_meta":{"origin":632,"position":3},"title":"PROGRAMA Y CANDIDATOS AL COMIT\u00c9 EJECUTIVO DE LA CENTRAL UNITARIA DE TRABAJADORES, CUT.","author":"admin","date":"agosto 6, 2004","format":false,"excerpt":"El principal problema de Colombia es la dominaci\u00f3n imperialista. La ra\u00edz de todos los males que aquejan a la naci\u00f3n colombiana est\u00e1 en la pol\u00edtica imperialista que el gobierno de Estados Unidos les impone a los pa\u00edses pobres: p\u00e9rdida de la soberan\u00eda, empobrecimiento de la poblaci\u00f3n, quiebra de la producci\u00f3n\u2026","rel":"","context":"En \u00abEscritos del Moir\u00bb","block_context":{"text":"Escritos del Moir","link":"https:\/\/moir.com.co\/web\/category\/moir\/escritos-del-moir\/"},"img":{"alt_text":"","src":"","width":0,"height":0},"classes":[]},{"id":4858,"url":"https:\/\/moir.com.co\/web\/a-foro-el-miercoles-6-y-marcha-el-7-de-octubre-invita-el-diputado-del-polo-democratico-alternativo-en-antioquia-jorge-gomez\/","url_meta":{"origin":632,"position":4},"title":"A foro el mi\u00e9rcoles 6 y marcha el 7 de octubre, invita el diputado del Polo Democr\u00e1tico Alternativo en Antioquia Jorge G\u00f3mez","author":"admin","date":"octubre 5, 2010","format":false,"excerpt":"La MESA INTERSECTORIAL POR LA SALUD COMO DERECHO FUNDAMENTAL, integrada por los voceros de las principales organizaciones de usuarios, profesionales y estudiantes del \u00e1rea de la salud, sindicatos, hospitales y cl\u00ednicas privadas y p\u00fablicas, pacientes y acad\u00e9micas, ha convocado en Antioquia dos eventos que seg\u00fan el Diputado Jorge G\u00f3mez ameritan\u2026","rel":"","context":"En \u00abJorge G\u00f3mez Gallego\u00bb","block_context":{"text":"Jorge G\u00f3mez Gallego","link":"https:\/\/moir.com.co\/web\/category\/bitacoras\/jorge-gomez-gallego\/"},"img":{"alt_text":"","src":"","width":0,"height":0},"classes":[]},{"id":1251,"url":"https:\/\/moir.com.co\/web\/la-entrega-de-telecom-a-telmex-indica-que-es-necesario-mantener-a-epm-como-empresa-industrial-y-comercial-del-estado\/","url_meta":{"origin":632,"position":5},"title":"LA ENTREGA DE TELECOM A TELMEX INDICA QUE ES NECESARIO MANTENER A EPM COMO EMPRESA INDUSTRIAL Y COMERCIAL DEL ESTADO","author":"admin","date":"agosto 25, 2005","format":false,"excerpt":"Medell\u00edn, agosto 29 de 2005 Doctor Luis Bernardo V\u00e9lez Montoya Presidente Concejo de Medell\u00edn La Ciudad. Indignados y preocupados, como lo est\u00e1 la gran mayor\u00eda de los colombianos, hemos conocido la noticia de la entrega de Colombia Telecomunicaciones a la multinacional Telmex, de propiedad de uno de los hombres m\u00e1s\u2026","rel":"","context":"En \u00abPronunciamientos de Organizaciones Sociales\u00bb","block_context":{"text":"Pronunciamientos de Organizaciones Sociales","link":"https:\/\/moir.com.co\/web\/category\/pronunciamientos-de-organizaciones-sociales\/"},"img":{"alt_text":"","src":"","width":0,"height":0},"classes":[]}],"jetpack_sharing_enabled":true,"_links":{"self":[{"href":"https:\/\/moir.com.co\/web\/wp-json\/wp\/v2\/posts\/632","targetHints":{"allow":["GET"]}}],"collection":[{"href":"https:\/\/moir.com.co\/web\/wp-json\/wp\/v2\/posts"}],"about":[{"href":"https:\/\/moir.com.co\/web\/wp-json\/wp\/v2\/types\/post"}],"author":[{"embeddable":true,"href":"https:\/\/moir.com.co\/web\/wp-json\/wp\/v2\/users\/1"}],"replies":[{"embeddable":true,"href":"https:\/\/moir.com.co\/web\/wp-json\/wp\/v2\/comments?post=632"}],"version-history":[{"count":0,"href":"https:\/\/moir.com.co\/web\/wp-json\/wp\/v2\/posts\/632\/revisions"}],"wp:attachment":[{"href":"https:\/\/moir.com.co\/web\/wp-json\/wp\/v2\/media?parent=632"}],"wp:term":[{"taxonomy":"category","embeddable":true,"href":"https:\/\/moir.com.co\/web\/wp-json\/wp\/v2\/categories?post=632"},{"taxonomy":"post_tag","embeddable":true,"href":"https:\/\/moir.com.co\/web\/wp-json\/wp\/v2\/tags?post=632"}],"curies":[{"name":"wp","href":"https:\/\/api.w.org\/{rel}","templated":true}]}}