{"id":630,"date":"2004-08-11T07:00:00","date_gmt":"2004-08-11T07:00:00","guid":{"rendered":"https:\/\/moir.org.co\/web\/la-viii-junta-nacional-aprueba-participar-el-15-de-abril-en-la-movilizacion-andina-contra-el-alca-y-el-tlc-con-estados-unidos\/"},"modified":"2004-08-11T07:00:00","modified_gmt":"2004-08-11T07:00:00","slug":"la-viii-junta-nacional-aprueba-participar-el-15-de-abril-en-la-movilizacion-andina-contra-el-alca-y-el-tlc-con-estados-unidos","status":"publish","type":"post","link":"https:\/\/moir.com.co\/web\/la-viii-junta-nacional-aprueba-participar-el-15-de-abril-en-la-movilizacion-andina-contra-el-alca-y-el-tlc-con-estados-unidos\/","title":{"rendered":"LA VIII JUNTA NACIONAL APRUEBA  PARTICIPAR EL 15 DE ABRIL EN LA MOVILIZACI\u00d3N ANDINA CONTRA EL ALCA Y EL TLC CON ESTADOS UNIDOS"},"content":{"rendered":"<p>Salvaci\u00f3n Agropecuaria, Ibagu\u00e9, marzo 13 de 2004<\/p>\n<p>La VIII Junta Nacional de la Asociaci\u00f3n Nacional por la Salvaci\u00f3n Agropecuaria, reunida en Ibagu\u00e9 el pasado s\u00e1bado 13 de marzo con la presencia de 225 delegados de 16 departamentos, aprob\u00f3 su participaci\u00f3n masiva en la movilizaci\u00f3n que organizaciones sociales, de productores, campesinas, ambientalistas, sindicales, ind\u00edgenas, ONG\u2019s y juveniles de Bolivia, Ecuador, Per\u00fa y Colombia decidieron realizar de manera coordinada el d\u00eda jueves 15 de abril de 2004 como una primera jornada andina de protesta contra el ALCA y los tratados bilaterales de libre comercio con Estados Unidos.<\/p>\n<p>Luego de evaluar las negociaciones de dichos tratados econ\u00f3micos que actualmente se adelantan, la Junta ratific\u00f3 que, aunque los ministerios de Comercio Exterior y Agricultura insisten en que el sector agropecuario podr\u00eda \u201creconvertirse\u201d, ellos constituyen el golpe de gracia para millones de productores rurales del pa\u00eds. Cultivos como el ma\u00edz, el arroz, el algod\u00f3n y la soja desaparecer\u00e1n y ramas como la av\u00edcola, la de l\u00e1cteos y la de papa y cultivos tropicales como el caf\u00e9, el az\u00facar de ca\u00f1a, la palma africana, el cacao, frutales y el banano se ver\u00e1n muy lesionados; el \u201clibre comercio\u201d traer\u00e1 m\u00e1s importaciones de g\u00e9neros agropecuarios a menos precio. Se advirti\u00f3 que las normas de propiedad intelectual subir\u00e1n los costos y que en otros cap\u00edtulos del ALCA y el TLC se privatizan servicios esenciales y se privilegian las inversiones y negocios de los consorcios multinacionales, todo en contra de la producci\u00f3n y el trabajo nacionales.<\/p>\n<p>La Junta aprob\u00f3 resoluciones donde exige al gobierno tomar medidas inmediatas para atender los graves problemas que hoy viven los productores de caf\u00e9, panela y arroz, en este \u00faltimo caso debido a las importaciones de cerca de 200.000 toneladas aprobadas merced al nuevo sistema de contingencias arancelarias. Igualmente, se pronunci\u00f3 contra la pol\u00edtica oficial de fumigaci\u00f3n \u00e1rea con glifosato a los parques naturales y a la indebida intervenci\u00f3n del gobierno en la administraci\u00f3n de los Distritos de Riego. Finalmente, se ratific\u00f3 a la actual direcci\u00f3n, presidida por \u00c1ngel Mar\u00eda Caballero, y se elogi\u00f3 su actividad en defensa de la agricultura colombiana.<\/p>\n<p>AURELIO SU\u00c1REZ MONTOYA<br \/>\nDirector Ejecutivo<\/p>\n","protected":false},"excerpt":{"rendered":"<p>Salvaci\u00f3n Agropecuaria, Ibagu\u00e9, marzo 13 de 2004 La VIII Junta Nacional de la Asociaci\u00f3n Nacional por la Salvaci\u00f3n Agropecuaria, reunida en Ibagu\u00e9 el pasado s\u00e1bado 13 de marzo con la presencia de 225 delegados de 16 departamentos, aprob\u00f3 su participaci\u00f3n masiva en la movilizaci\u00f3n que organizaciones sociales, de productores, campesinas, ambientalistas, sindicales, ind\u00edgenas, ONG\u2019s y [&hellip;]<\/p>\n","protected":false},"author":1,"featured_media":0,"comment_status":"open","ping_status":"open","sticky":false,"template":"","format":"standard","meta":{"advanced_seo_description":"","jetpack_seo_html_title":"","jetpack_seo_noindex":false,"_jetpack_memberships_contains_paid_content":false,"footnotes":""},"categories":[7],"tags":[],"class_list":["post-630","post","type-post","status-publish","format-standard","hentry","category-pronunciamientos-de-organizaciones-sociales"],"jetpack_featured_media_url":"","jetpack-related-posts":[{"id":629,"url":"https:\/\/moir.com.co\/web\/la-viii-junta-nacional-respalda-la-movilizacion-andina-contra-el-alca-y-los-tratados-bilaterales-de-libre-comercio-con-estados\/","url_meta":{"origin":630,"position":0},"title":"LA VIII JUNTA NACIONAL RESPALDA LA MOVILIZACI\u00d3N ANDINA CONTRA EL ALCA Y LOS TRATADOS BILATERALES DE LIBRE COMERCIO CON ESTADOS","author":"admin","date":"agosto 11, 2004","format":false,"excerpt":"La Asociaci\u00f3n Nacional por la Salvaci\u00f3n Agropecuaria considerando: Que en el a\u00f1o 2004 se iniciar\u00e1n las negociaciones de acuerdos bilaterales de los pa\u00edses andinos, entre los que se incluye a Colombia, y adem\u00e1s se tiene fijado el final del proceso de construcci\u00f3n del ALCA, Que los estudios y an\u00e1lisis, incluidos\u2026","rel":"","context":"En \u00abPronunciamientos de Organizaciones Sociales\u00bb","block_context":{"text":"Pronunciamientos de Organizaciones Sociales","link":"https:\/\/moir.com.co\/web\/category\/pronunciamientos-de-organizaciones-sociales\/"},"img":{"alt_text":"","src":"","width":0,"height":0},"classes":[]},{"id":625,"url":"https:\/\/moir.com.co\/web\/circular-convocatoria-a-la-junta-nacional\/","url_meta":{"origin":630,"position":1},"title":"CIRCULAR CONVOCATORIA A LA JUNTA NACIONAL","author":"admin","date":"agosto 11, 2004","format":false,"excerpt":"El d\u00eda s\u00e1bado 13 de marzo se reunir\u00e1 en la ciudad de Ibagu\u00e9 la Junta Nacional de la Asociaci\u00f3n Nacional por la Salvaci\u00f3n Agropecuaria, su m\u00e1xima instancia decisoria, compuesta por los dirigentes nacionales y regionales de las organizaciones que la integran. Para 2004 las actividades gremiales contra la implantaci\u00f3n del\u2026","rel":"","context":"En \u00abPronunciamientos de Organizaciones Sociales\u00bb","block_context":{"text":"Pronunciamientos de Organizaciones Sociales","link":"https:\/\/moir.com.co\/web\/category\/pronunciamientos-de-organizaciones-sociales\/"},"img":{"alt_text":"","src":"","width":0,"height":0},"classes":[]},{"id":640,"url":"https:\/\/moir.com.co\/web\/salvacion-agropecuaria-dira-no-al-alca-y-al-tlc-el-15-de-abril\/","url_meta":{"origin":630,"position":2},"title":"\u00a1SALVACI\u00d3N  AGROPECUARIA DIR\u00c1 NO AL ALCA Y AL TLC EL 15 DE ABRIL!","author":"admin","date":"agosto 11, 2004","format":false,"excerpt":"La Asociaci\u00f3n Nacional por la Salvaci\u00f3n Agropecuaria, seg\u00fan lo convenido con organizaciones agrarias, campesinas, ind\u00edgenas, sindicales y sociales de Colombia, Ecuador, Per\u00fa y Bolivia y de acuerdo al mandato de su VIII Junta Nacional, se movilizar\u00e1 el pr\u00f3ximo jueves 15 de abril en el marco de la Primera Jornada Andina\u2026","rel":"","context":"En \u00abPronunciamientos de Organizaciones Sociales\u00bb","block_context":{"text":"Pronunciamientos de Organizaciones Sociales","link":"https:\/\/moir.com.co\/web\/category\/pronunciamientos-de-organizaciones-sociales\/"},"img":{"alt_text":"","src":"","width":0,"height":0},"classes":[]},{"id":635,"url":"https:\/\/moir.com.co\/web\/jornada-andina-de-lucha-contra-el-alca-y-el-tlc-salvacion-agropecuaria-llevara-a-cabo-concentracion-departamental-en-el-siti\/","url_meta":{"origin":630,"position":3},"title":"JORNADA ANDINA DE LUCHA CONTRA EL ALCA Y EL TLC: SALVACI\u00d3N AGROPECUARIA LLEVAR\u00c1 A CABO CONCENTRACI\u00d3N DEPARTAMENTAL EN EL SITI","author":"admin","date":"agosto 11, 2004","format":false,"excerpt":"Salvaci\u00f3n Agropecuaria, Medell\u00edn, Marzo 30 de 2004. En desarrollo de la decisi\u00f3n de participar en la Jornada Andina de protesta contra el ALCA y el TLC que se llevar\u00e1 a cabo el pr\u00f3ximo 15 de Abril, adoptada por la Junta Nacional de nuestra organizaci\u00f3n el pasado 13 de Marzo, la\u2026","rel":"","context":"En \u00abPronunciamientos de Organizaciones Sociales\u00bb","block_context":{"text":"Pronunciamientos de Organizaciones Sociales","link":"https:\/\/moir.com.co\/web\/category\/pronunciamientos-de-organizaciones-sociales\/"},"img":{"alt_text":"","src":"","width":0,"height":0},"classes":[]},{"id":633,"url":"https:\/\/moir.com.co\/web\/movilizacion-en-rechazo-al-tratado-de-libre-comercio-al-alca-y-a-las-fumigaciones-en-la-sierra-nevada\/","url_meta":{"origin":630,"position":4},"title":"MOVILIZACI\u00d3N EN RECHAZO AL TRATADO DE LIBRE COMERCIO, AL ALCA Y A LAS FUMIGACIONES EN LA SIERRA NEVADA","author":"admin","date":"agosto 11, 2004","format":false,"excerpt":"La Red Colombiana de Acci\u00f3n Frente al Tratado de Libre Comercio y el Alca (Recalca), cap\u00edtulo Magdalena, acogiendo el Llamamiento de Los Andes y la Declaraci\u00f3n de Quito aprobados por centenares de organizaciones sociales, gremiales, sindicales, productivas, agropecuarias, ambientalistas, ONGs de Colombia, Ecuador, Per\u00fa y Bolivia, convoca a las fuerzas\u2026","rel":"","context":"En \u00abPronunciamientos de Organizaciones Sociales\u00bb","block_context":{"text":"Pronunciamientos de Organizaciones Sociales","link":"https:\/\/moir.com.co\/web\/category\/pronunciamientos-de-organizaciones-sociales\/"},"img":{"alt_text":"","src":"","width":0,"height":0},"classes":[]},{"id":627,"url":"https:\/\/moir.com.co\/web\/resolucion-de-la-viii-junta-nacional-sobre-el-impacto-del-alca-y-el-tlc-con-estados-unidos-en-importantes-cultivos-nacionale\/","url_meta":{"origin":630,"position":5},"title":"RESOLUCI\u00d3N DE LA VIII  JUNTA NACIONAL  SOBRE EL IMPACTO DEL ALCA Y EL TLC CON  ESTADOS UNIDOS EN IMPORTANTES CULTIVOS NACIONALE","author":"admin","date":"agosto 11, 2004","format":false,"excerpt":"Las negociaciones comerciales que actualmente adelanta Colombia, tanto en el ALCA como en el Tratado de Libre Comercio (TLC) con los Estados Unidos, colocan en riesgo de desaparici\u00f3n a millones de hect\u00e1reas sembradas de productos agr\u00edcolas. La desigual competencia que se librar\u00e1 en g\u00e9neros como el ma\u00edz, el arroz, la\u2026","rel":"","context":"En \u00abPronunciamientos de Organizaciones Sociales\u00bb","block_context":{"text":"Pronunciamientos de Organizaciones Sociales","link":"https:\/\/moir.com.co\/web\/category\/pronunciamientos-de-organizaciones-sociales\/"},"img":{"alt_text":"","src":"","width":0,"height":0},"classes":[]}],"jetpack_sharing_enabled":true,"_links":{"self":[{"href":"https:\/\/moir.com.co\/web\/wp-json\/wp\/v2\/posts\/630","targetHints":{"allow":["GET"]}}],"collection":[{"href":"https:\/\/moir.com.co\/web\/wp-json\/wp\/v2\/posts"}],"about":[{"href":"https:\/\/moir.com.co\/web\/wp-json\/wp\/v2\/types\/post"}],"author":[{"embeddable":true,"href":"https:\/\/moir.com.co\/web\/wp-json\/wp\/v2\/users\/1"}],"replies":[{"embeddable":true,"href":"https:\/\/moir.com.co\/web\/wp-json\/wp\/v2\/comments?post=630"}],"version-history":[{"count":0,"href":"https:\/\/moir.com.co\/web\/wp-json\/wp\/v2\/posts\/630\/revisions"}],"wp:attachment":[{"href":"https:\/\/moir.com.co\/web\/wp-json\/wp\/v2\/media?parent=630"}],"wp:term":[{"taxonomy":"category","embeddable":true,"href":"https:\/\/moir.com.co\/web\/wp-json\/wp\/v2\/categories?post=630"},{"taxonomy":"post_tag","embeddable":true,"href":"https:\/\/moir.com.co\/web\/wp-json\/wp\/v2\/tags?post=630"}],"curies":[{"name":"wp","href":"https:\/\/api.w.org\/{rel}","templated":true}]}}