{"id":628,"date":"2004-08-11T07:00:00","date_gmt":"2004-08-11T07:00:00","guid":{"rendered":"https:\/\/moir.org.co\/web\/resoluciones-de-la-viii-junta-directiva-nacional-de-la-asociacion-nacional-por-la-salvacion-agropecuaria-sobre-la-critica-situac\/"},"modified":"2004-08-11T07:00:00","modified_gmt":"2004-08-11T07:00:00","slug":"resoluciones-de-la-viii-junta-directiva-nacional-de-la-asociacion-nacional-por-la-salvacion-agropecuaria-sobre-la-critica-situac","status":"publish","type":"post","link":"https:\/\/moir.com.co\/web\/resoluciones-de-la-viii-junta-directiva-nacional-de-la-asociacion-nacional-por-la-salvacion-agropecuaria-sobre-la-critica-situac\/","title":{"rendered":"RESOLUCIONES DE LA VIII JUNTA DIRECTIVA NACIONAL DE LA ASOCIACI\u00d3N NACIONAL POR LA SALVACI\u00d3N AGROPECUARIA SOBRE LA CR\u00cdTICA SITUAC"},"content":{"rendered":"<p>Ibagu\u00e9, marzo 13 de 2004<\/p>\n<p>SOBRE LA CRISIS DE LA PRODUCCI\u00d3N PANELERA<\/p>\n<p>La persistente crisis de la producci\u00f3n panelera nacional originada en la ausencia de una pol\u00edtica gubernamental que fomente su desarrollo, en los continuos ciclos de precios bajos, en la pr\u00e1ctica ilegal de derretir az\u00facar para producir panela, en la carencia de cr\u00e9dito y en la pobreza secular de las regiones y la poblaci\u00f3n dedicadas al laboreo de la panela, amenaza con convertirse hoy en una cat\u00e1strofe que arruinar\u00e1 las 450.000 familias que derivan su sustento de esta actividad econ\u00f3mica en el pa\u00eds.<\/p>\n<p>El sector va para quince meses de precios a la baja, llegando a pagarse por una carga de panela alrededor de $40.000, que corresponde a lo pagado hace cinco a\u00f1os. Mientras tanto los costos de producci\u00f3n han ascendido a $70.000 en promedio con una p\u00e9rdida de $30.000 por carga.<\/p>\n<p>El fen\u00f3meno obedece a varios factores: el empobrecimiento de las zonas rurales debido la crisis de la producci\u00f3n agropecuaria nacional as\u00ed como el de las zonas urbanas ha disminuido el consumo de panela; el az\u00facar derretido como salida de los ingenios a la importaci\u00f3n de az\u00facar \u2013 caso las 70.000 toneladas tra\u00eddas de Brasil por Coca Cola- ha inundado los mercados deprimiendo los precios; el incremento del \u00e1rea cultivada en ca\u00f1a por la sustituci\u00f3n de cultivos de caf\u00e9 o la renovaci\u00f3n de ca\u00f1aduzales de alta productividad con la expectativa de producci\u00f3n de alcohol carburante ha ocasionado una sobreoferta que ha tirado los precios por el suelo. De perdurar por m\u00e1s tiempo este desastre, no habr\u00e1 que esperar la entrada en vigencia del ALCA o el TLC para anunciar la desaparici\u00f3n de los paneleros artesanales de la vida econ\u00f3mica nacional con la liberaci\u00f3n de aranceles que introducir\u00e1 para la importaci\u00f3n del producto.<\/p>\n<p>Ante esta grave crisis panelera, la VIII Junta Nacional de la Asociaci\u00f3n Nacional por la Salvaci\u00f3n Agropecuaria exige al gobierno que tome medidas efectivas para cerrar los \u201cderretideros\u201d que fabrican panela con abierta complicidad oficial; que Uribe V\u00e9lez y los gobiernos departamentales de las zonas productoras cesen de hacer demagogia con las esperanzas de los paneleros respecto de las plantas destiladoras de etanol y proceda a resolver sus justos reclamos por precio de sustentaci\u00f3n para la panela, cr\u00e9ditos oportunos y baratos, condonaci\u00f3n de deudas, y la ejecuci\u00f3n de un plan de mejoramiento tecnol\u00f3gico del cultivo, la producci\u00f3n y comercializaci\u00f3n de la panela financiado por el Estado.<\/p>\n<p>&#8212;&#8212;&#8212;&#8212;&#8212;&#8212;&#8212;&#8212;&#8212;&#8212;&#8212;&#8212;&#8212;&#8212;&#8212;&#8212;&#8212;&#8212;&#8212;&#8212;&#8212;&#8212;&#8212;&#8212;<\/p>\n<p>SOBRE LA SITUACI\u00d3N DE LOS CAFETEROS<\/p>\n<p>Contrario a lo proclamado por las autoridades nacionales cafeteras, la situaci\u00f3n de los caficultores colombianos contin\u00faa marcada con el signo de la crisis. A\u00fan, en momentos en los cuales las cotizaciones internacionales se han elevado en un promedio del 8% con relaci\u00f3n a 2003, el alza en los precios internos no se da en iguales proporciones principalmente porque el mecanismo establecido est\u00e1 ligado a variables externas y no a los costos de los productores ni a su ganancia.<\/p>\n<p>Por consiguiente, para que bajo ese esquema haya una remuneraci\u00f3n satisfactoria debe darse la improbable coincidencia de los buenos precios mundiales con una tasa de cambio del peso con el d\u00f3lar que sea beneficiosa. Esta forma de fijar el precio interno le permite adem\u00e1s al gobierno manipularlo para que el subsidio interno al productor que debe aportar del presupuesto nacional sea el m\u00ednimo posible obedeciendo as\u00ed las pol\u00edticas de ajuste fiscal que ha impuesto el Fondo Monetario Internacional.<\/p>\n<p>Adem\u00e1s de este injusto procedimiento, BANCAF\u00c9, mediante circular interna, decidi\u00f3 no refinanciar m\u00e1s las deudas de los caficultores con lo cual la situaci\u00f3n crediticia de muchos se va tornando cada vez m\u00e1s explosiva junto con la de otros miles que ya sufren persecuci\u00f3n jur\u00eddica sobre sus predios.. A lo anterior debe sumarse el alza continua de los insumos lo que ha llevado a una disminuci\u00f3n de las pr\u00e1cticas culturales necesarias para el sostenimiento de los cultivos con la consecuente reducci\u00f3n de la cosecha y las exportaciones para el a\u00f1o cafetero en curso.<\/p>\n<p>Esta cr\u00edtica situaci\u00f3n de los cafeteros se puede precipitar tanto por el ALCA como por el Tratado de Libre Comercio (TLC) con Estados Unidos ya que las terribles experiencias vividas en los \u00faltimos trece a\u00f1os pueden replicarse con mayor amplitud. La p\u00e9rdida patrimonial del Fondo Nacional del Caf\u00e9, las reexportaciones norteamericanas de caf\u00e9 procesado, el avance de los caf\u00e9s de bajas calidades, las importaciones de caf\u00e9 a Colombia, la merma de participaci\u00f3n de las instituciones en las exportaciones colombianas, el aumento de los costos de producci\u00f3n debido a las nuevas normas de propiedad intelectual y el declive del sistema cooperativo de compras se incrementar\u00e1n en mayores proporciones con los nuevos tratados comerciales.<\/p>\n<p>Por lo tanto, esta Junta hace un llamado a los caficultores a unirse a la resistencia contra el ALCA y el TLC con Estados Unidos y as\u00ed mismo insta a la Federaci\u00f3n Nacional de Cafeteros para que cuanto antes d\u00e9 a conocer la forma como ha decidido actuar ante tan grandes peligros con el fin de preservar a la industria agr\u00edcola m\u00e1s importante de Colombia y de la cual dependen m\u00e1s de medio mill\u00f3n de familias rurales.<\/p>\n<p>&#8212;&#8212;&#8212;&#8212;&#8212;&#8212;&#8212;&#8212;&#8212;&#8212;&#8212;&#8212;&#8212;&#8212;&#8212;&#8212;&#8212;&#8212;&#8212;&#8212;&#8212;&#8212;&#8212;&#8212;<\/p>\n<p>SOBRE EL MERCADO NACIONAL DEL ARROZ<\/p>\n<p>En el mes de diciembre del a\u00f1o anterior, el gobierno nacional present\u00f3 el nuevo mecanismo de absorci\u00f3n de cosechas, que contempla cupos obligatorios de importaci\u00f3n de arroz, obedeciendo compromisos con la OMC, del orden de 75.00 0 toneladas. Adicionalmente, establece como referente para fijar el precio nacional de la cosecha, el precio internacional -fuertemente distorsionado con diferentes y cuantiosos subsidios-; am\u00e9n de prever un sistema de desgravaci\u00f3n arancelaria que en el curso de los pr\u00f3ximos a\u00f1os dejar\u00eda el sector arrocero sin ning\u00fan tipo de protecci\u00f3n ante la inicua competencia internacional. Se complementa la decisi\u00f3n gubernamental con la creaci\u00f3n de un sistema de subastas para distribuir las importaciones, que privilegia con aranceles a los importadores, proveyendo a los comercializadores de una carta marcada en las negociaciones de la cosecha nacional, dejando al \u201cmercado\u201d la tarea de fijar precios, pero previamente acondicionando una sobreoferta, resultado de las importaciones del cereal.<\/p>\n<p>En enero del a\u00f1o en curso, se presentan cifras, avaladas por el DANE, que prev\u00e9n una escasez de arroz, producto de un supuesto aumento del consumo arrocero por habitante, que terminan justificando una importaci\u00f3n de 180.000 toneladas de arroz, equivalente a 3 millones 400 mil bultos de paddy verde; ante cuyo solo anuncio, se bajaron los precios de la actual cosecha de mitaca. No es cierto que se est\u00e9 protegiendo al sector con aranceles del 80%, pues el arroz blanco importado de Tailandia, entra con un arancel del 20% a $82.300 por bulto de 75 kg, cuando el producto nacional cuesta 92 mil pesos, originando, por un lado, p\u00e9rdida para la peque\u00f1a y mediana industria, y ,de otro lado, dando se\u00f1ales de mercado negativas para la cosecha que ya se est\u00e1 empezando a sembrar. Nuevamente, en menos de dos a\u00f1os, se utilizan las estad\u00edsticas para justificar unas veces bajos precios por supuestas superproducciones y otras como en el presente caso para justificar un desprop\u00f3sito como el de las importaciones acordadas entre el gobierno y la gran industria molinera . Esta decisi\u00f3n tiene implicaciones adicionales negativas para Colombia, puesto que ese arroz ser\u00e1 tra\u00eddo de pa\u00edses donde la gripa aviar est\u00e1 cobrando vidas animales y humanas y adem\u00e1s se otorgan subsidios a sus agricultores de m\u00e1s del 700%.<\/p>\n<p>Frente al serio debilitamiento del sistema nacional de control de fronteras, resultado de la fusi\u00f3n de la DIAN y las aduanas nacionales \u2013 fruto de la apertura de los 90- se ha presentado una entrada masiva de arroz venezolano, con precio distorsionado en 57%, al llegar a frontera a menos de 80 mil pesos el bulto de blanco; fen\u00f3menos ambos, tanto el de Tailandia ya mencionado como el de Venezuela, que llevan a la ruina al sector arrocero nacional , pues los est\u00edmulos del gobierno venezolano a su producci\u00f3n, sumados a la devaluaci\u00f3n de su moneda y a la revaluaci\u00f3n paralela del peso colombiano, abaratan el producto de esa procedencia; incrementando el flujo de arroz hacia el mercado nacional y contribuyendo as\u00ed al deterioro del precio interno.<\/p>\n<p>Ante la avalancha de medidas contra la producci\u00f3n arrocera nacional, la VIII Junta Nacional de la Asociaci\u00f3n Nacional por la Salvaci\u00f3n Agropecuaria, reunida en Ibagu\u00e9 el 13 de marzo del a\u00f1o en curso, exige del gobierno nacional la derogatoria de las medidas enumeradas, que adecuan el sector arrocero a las exigencias extranjeras, bajo cuya presi\u00f3n se negocian el ALCA y el TLC y, por tanto, llama a los agricultores e industriales del arroz a que en un acuerdo nacional, que conduzca a una gran movilizaci\u00f3n, procedamos a defender nuestro trabajo y la seguridad alimentaria nacional, de la avalancha de importaciones y de los precios ruinosos que acompa\u00f1ar\u00e1n esa nefasta pol\u00edtica en buena hora calificada otrora como una \u201cverg\u00fcenza nacional\u201d.<\/p>\n<p>&#8212;&#8212;&#8212;&#8212;&#8212;&#8212;&#8212;&#8212;&#8212;&#8212;&#8212;&#8212;&#8212;&#8212;&#8212;&#8212;&#8212;&#8212;&#8212;&#8212;&#8212;&#8212;&#8212;&#8212;<\/p>\n<p>DECLARACION SOBRE LA FUMIGACI\u00d3N EN LOS PARQUES NATURALES<\/p>\n<p>El gobierno preside el Dr. \u00c1lvaro Uribe V\u00e9lez, junto con el departamento de Estado y el Congreso estadounidenses, decidi\u00f3 fumigar con glifosato, Cosmoflux y POEA en los parques nacionales de Colombia, aut\u00e9nticos santuarios de la fauna y la flora que colocan a nuestro pa\u00eds como uno de los m\u00e1s biodiversos del mundo.<\/p>\n<p>Esta decisi\u00f3n, grav\u00edsima en s\u00ed misma, es peor a\u00fan por que el envenenamiento de los cultivos de coca y amapola, de los m\u00faltiples organismos vegetales y animales de los parques, tambi\u00e9n se fumigan los campesinos, ind\u00edgenas y jornaleros que han tenido que dedicarse a los cultivos il\u00edcitos por la ruina del caf\u00e9 generada por las maniobras de las transnacionales y por la quiebra del resto de agro por causa de las importaciones de productos que pueden elaborarse en el pa\u00eds.<\/p>\n<p>Por tanto, la VIII junta nacional de la Asociaci\u00f3n Nacional por la Salvaci\u00f3n Agropecuaria condena de la manera m\u00e1s enf\u00e1tica la decisi\u00f3n de fumigar los parques naturales de Colombia, b\u00e1rbara pol\u00edtica que es en parte complementaria con la pol\u00edtica antiagraria que azota al pa\u00eds.<\/p>\n<p>&#8212;&#8212;&#8212;&#8212;&#8212;&#8212;&#8212;&#8212;&#8212;&#8212;&#8212;&#8212;&#8212;&#8212;&#8212;&#8212;&#8212;&#8212;&#8212;&#8212;&#8212;&#8212;&#8212;&#8212;<\/p>\n<p>RATIFICACI\u00d3N DE LAS DIRECTIVAS<\/p>\n<p>Los integrantes de las diferentes organizaciones pertenecientes a la Asociaci\u00f3n Nacional por la Salvaci\u00f3n Agropecuaria, reunidos en su VIII junta nacional, en Ibagu\u00e9 el 13 de marzo de 2.004, respaldan en forma un\u00e1nime su actual direcci\u00f3n.<\/p>\n<p>De la misma manera destaca la envergadura del trabajo realizado a nivel nacional e internacional, su participaci\u00f3n en todas las luchas que se han dado en defensa de los diferentes renglones del sector agropecuario, destac\u00e1ndose la capacidad y dedicaci\u00f3n del presidente, Dr. \u00c1ngel Mar\u00eda Caballero Lian, y del Director Ejecutivo, Dr. Aurelio Su\u00e1rez Montoya.<\/p>\n<p>Manifestamos as\u00ed mismo, nuestra f\u00e9rrea decisi\u00f3n de emprender con energ\u00eda una campa\u00f1a masiva en contra de la decisi\u00f3n del gobierno nacional de firmar el ALCA y el TLC con Estados Unidos.<\/p>\n<p>Presentada por Isaac C\u00f3rdoba, a nombre de FEDERIEGOS y de USOSALDA\u00d1A (Usuarios del Distrito de Riego de Salda\u00f1a)<\/p>\n<p>&#8212;&#8212;&#8212;&#8212;&#8212;&#8212;&#8212;&#8212;&#8212;&#8212;&#8212;&#8212;&#8212;&#8212;&#8212;&#8212;&#8212;&#8212;&#8212;&#8212;&#8212;&#8212;&#8212;&#8212;<\/p>\n<p>RECHAZO A LA VIOLACI\u00d3N OFICIAL DE LA DEMOCRACIA Y LA AUTONOM\u00cdA EN LOS DISTRITOS DE RIEGO<\/p>\n<p>La VIII Junta Nacional de la Asociaci\u00f3n Nacional de la Salvaci\u00f3n Agropecuaria, rechaza la violaci\u00f3n de la soberan\u00eda democr\u00e1tica y participativa, por parte del Gobierno Nacional, en la elecci\u00f3n de las Juntas Directivas de las Asociaciones de Usuarios de los Distritos de Riego por medio del Acuerdo 003 de febrero de 2.004.<\/p>\n<p>Mediante dicho acuerdo no s\u00f3lo se consagra la indebida intervenci\u00f3n del Gobierno sino que adem\u00e1s se introduce un sistema inicuo de elecci\u00f3n en detrimento de los propietarios de menores cantidades de \u00e1rea.<\/p>\n<p>Por consiguiente, se exige la derogatoria de dicho acuerdo y el respeto a la autonom\u00eda de los usuarios de cada Distrito de Riego.<\/p>\n","protected":false},"excerpt":{"rendered":"<p>Ibagu\u00e9, marzo 13 de 2004 SOBRE LA CRISIS DE LA PRODUCCI\u00d3N PANELERA La persistente crisis de la producci\u00f3n panelera nacional originada en la ausencia de una pol\u00edtica gubernamental que fomente su desarrollo, en los continuos ciclos de precios bajos, en la pr\u00e1ctica ilegal de derretir az\u00facar para producir panela, en la carencia de cr\u00e9dito y [&hellip;]<\/p>\n","protected":false},"author":1,"featured_media":0,"comment_status":"open","ping_status":"open","sticky":false,"template":"","format":"standard","meta":{"advanced_seo_description":"","jetpack_seo_html_title":"","jetpack_seo_noindex":false,"_jetpack_memberships_contains_paid_content":false,"footnotes":""},"categories":[7],"tags":[],"class_list":["post-628","post","type-post","status-publish","format-standard","hentry","category-pronunciamientos-de-organizaciones-sociales"],"jetpack_featured_media_url":"","jetpack-related-posts":[{"id":660,"url":"https:\/\/moir.com.co\/web\/la-grave-crisis-de-la-produccion-panelera\/","url_meta":{"origin":628,"position":0},"title":"LA GRAVE CRISIS DE LA PRODUCCI\u00d3N PANELERA","author":"admin","date":"agosto 11, 2004","format":false,"excerpt":"El ministro de Agricultura recibi\u00f3 a la direcci\u00f3n nacional de Unidad Panelera el pasado martes 25 de mayo para tratar la crisis de la producci\u00f3n panelera. Asisti\u00f3 el senador Jorge Enrique Robledo; el coordinador nacional de Unidad Panelera, Pedro Camargo; el coordinador de Unidad Panelera de Cundinamarca, Jos\u00e9 Fernando Ocampo;\u2026","rel":"","context":"En \u00abPronunciamientos de Organizaciones Sociales\u00bb","block_context":{"text":"Pronunciamientos de Organizaciones Sociales","link":"https:\/\/moir.com.co\/web\/category\/pronunciamientos-de-organizaciones-sociales\/"},"img":{"alt_text":"","src":"","width":0,"height":0},"classes":[]},{"id":665,"url":"https:\/\/moir.com.co\/web\/llamamiento-de-unidad-panelera-a-los-paneleros-de-colombia-en-la-peor-crisis-de-su-historia-reciente\/","url_meta":{"origin":628,"position":1},"title":"LLAMAMIENTO DE UNIDAD PANELERA A LOS PANELEROS DE COLOMBIA EN LA PEOR CRISIS DE SU HISTORIA RECIENTE","author":"admin","date":"agosto 11, 2004","format":false,"excerpt":"Unidad Panelera Nacional, Moniquir\u00e1, junio 23 de 2004 Los precios de compra de la panela al productor han ca\u00eddo hasta el 50% con relaci\u00f3n a los de comienzos de 2003, causando una grav\u00edsima crisis que amenaza con eliminar 70 mil peque\u00f1as y medianas unidades agr\u00edcolas, 27 mil trapiches artesanales y\u2026","rel":"","context":"En \u00abPronunciamientos de Organizaciones Sociales\u00bb","block_context":{"text":"Pronunciamientos de Organizaciones Sociales","link":"https:\/\/moir.com.co\/web\/category\/pronunciamientos-de-organizaciones-sociales\/"},"img":{"alt_text":"","src":"","width":0,"height":0},"classes":[]},{"id":533,"url":"https:\/\/moir.com.co\/web\/la-supresion-del-iva-a-la-panela-otro-triunfo-de-los-paneleros\/","url_meta":{"origin":628,"position":2},"title":"LA SUPRESI\u00d3N DEL IVA A LA PANELA: OTRO TRIUNFO DE LOS PANELEROS","author":"admin","date":"agosto 10, 2004","format":false,"excerpt":"Unidad Panelera Nacional, julio 3 de 2003 Cuando los paneleros a\u00fan celebraban el resonante triunfo sobre el ingenio industrial panelero de Padilla por la negaci\u00f3n a la licencia que permit\u00eda su funcionamiento, fueron sorprendidos con la aprobaci\u00f3n del IVA de 7% a la panela en la reforma tributaria (Ley 788\u2026","rel":"","context":"En \u00abPronunciamientos de Organizaciones Sociales\u00bb","block_context":{"text":"Pronunciamientos de Organizaciones Sociales","link":"https:\/\/moir.com.co\/web\/category\/pronunciamientos-de-organizaciones-sociales\/"},"img":{"alt_text":"","src":"","width":0,"height":0},"classes":[]},{"id":667,"url":"https:\/\/moir.com.co\/web\/unidad-ante-la-crisis-panelera\/","url_meta":{"origin":628,"position":3},"title":"UNIDAD ANTE LA CRISIS PANELERA","author":"admin","date":"agosto 11, 2004","format":false,"excerpt":"Con todo \u00e9xito concluy\u00f3 el Encuentro Nacional Panelero, realizado por la Unidad Panelera en Moniquir\u00e1 (Boyac\u00e1) el mi\u00e9rcoles 23 de junio, que cont\u00f3 con la participaci\u00f3n de 625 delegados de los departamentos de Antioquia, Caldas, Cauca, Tolima y La Hoya del Rio de Su\u00e1rez, que hace parte de los departamentos\u2026","rel":"","context":"En \u00abPronunciamientos de Organizaciones Sociales\u00bb","block_context":{"text":"Pronunciamientos de Organizaciones Sociales","link":"https:\/\/moir.com.co\/web\/category\/pronunciamientos-de-organizaciones-sociales\/"},"img":{"alt_text":"","src":"","width":0,"height":0},"classes":[]},{"id":19923,"url":"https:\/\/moir.com.co\/web\/el-primer-congreso-nacional-panelero-creada-unidad-panelera-nacional\/","url_meta":{"origin":628,"position":4},"title":"El primer Congreso Nacional Panelero: CREADA UNIDAD PANELERA NACIONAL","author":"admin","date":"agosto 10, 2004","format":false,"excerpt":"Pedro Nel Camargo Acevedo El Congreso Panelero Nacional celebrado en Moniquir\u00e1, Boyac\u00e1, el pasado 25 de marzo constituy\u00f3 la primera gran victoria de los productores de este importante sector del agro Colombiano. A la espl\u00e9ndida reuni\u00f3n concurrieron mil delegados de 74 municipios pertenecientes a diez departamentos y un sinn\u00famero de\u2026","rel":"","context":"En \u00abTribuna Roja N\u00ba 80, abril 27 de 2000\u00bb","block_context":{"text":"Tribuna Roja N\u00ba 80, abril 27 de 2000","link":"https:\/\/moir.com.co\/web\/category\/tribuna-roja\/ediciones-2000-2004\/tribuna-roja-no-80-abril-27-de-2000\/"},"img":{"alt_text":"","src":"","width":0,"height":0},"classes":[]},{"id":3750,"url":"https:\/\/moir.com.co\/web\/programa-de-lucha-del-encuentro-nacional-panelero-de-bogota\/","url_meta":{"origin":628,"position":5},"title":"Programa de lucha del Encuentro Nacional Panelero de Bogot\u00e1","author":"admin","date":"noviembre 11, 2009","format":false,"excerpt":"El Encuentro Nacional Panelero reunido en Bogot\u00e1 el 3 de noviembre de 2009, despu\u00e9s de examinar la situaci\u00f3n ruinosa en que se encuentra la producci\u00f3n panelera y su comercializaci\u00f3n, aprueba el siguiente programa: 1.- Fijaci\u00f3n de un precio de sustentaci\u00f3n para la panela por parte del Gobierno, remunerativo y estable,\u2026","rel":"","context":"En \u00abPronunciamientos de Organizaciones Sociales\u00bb","block_context":{"text":"Pronunciamientos de Organizaciones Sociales","link":"https:\/\/moir.com.co\/web\/category\/pronunciamientos-de-organizaciones-sociales\/"},"img":{"alt_text":"","src":"","width":0,"height":0},"classes":[]}],"jetpack_sharing_enabled":true,"_links":{"self":[{"href":"https:\/\/moir.com.co\/web\/wp-json\/wp\/v2\/posts\/628","targetHints":{"allow":["GET"]}}],"collection":[{"href":"https:\/\/moir.com.co\/web\/wp-json\/wp\/v2\/posts"}],"about":[{"href":"https:\/\/moir.com.co\/web\/wp-json\/wp\/v2\/types\/post"}],"author":[{"embeddable":true,"href":"https:\/\/moir.com.co\/web\/wp-json\/wp\/v2\/users\/1"}],"replies":[{"embeddable":true,"href":"https:\/\/moir.com.co\/web\/wp-json\/wp\/v2\/comments?post=628"}],"version-history":[{"count":0,"href":"https:\/\/moir.com.co\/web\/wp-json\/wp\/v2\/posts\/628\/revisions"}],"wp:attachment":[{"href":"https:\/\/moir.com.co\/web\/wp-json\/wp\/v2\/media?parent=628"}],"wp:term":[{"taxonomy":"category","embeddable":true,"href":"https:\/\/moir.com.co\/web\/wp-json\/wp\/v2\/categories?post=628"},{"taxonomy":"post_tag","embeddable":true,"href":"https:\/\/moir.com.co\/web\/wp-json\/wp\/v2\/tags?post=628"}],"curies":[{"name":"wp","href":"https:\/\/api.w.org\/{rel}","templated":true}]}}