{"id":6273,"date":"2012-02-04T16:56:49","date_gmt":"2012-02-04T16:56:49","guid":{"rendered":"https:\/\/moir.org.co\/web\/marcha-cacaotera-en-san-vicente-de-chucuri\/"},"modified":"2012-02-04T16:56:49","modified_gmt":"2012-02-04T16:56:49","slug":"marcha-cacaotera-en-san-vicente-de-chucuri","status":"publish","type":"post","link":"https:\/\/moir.com.co\/web\/marcha-cacaotera-en-san-vicente-de-chucuri\/","title":{"rendered":"Marcha Cacaotera en San Vicente de Chucur\u00ed"},"content":{"rendered":"<p>Con la asistencia de 800 productores y de diversas organizaciones gremiales y sociales se desarroll\u00f3 la marcha cacaotera en las horas de la ma\u00f1ana  de ayer jueves 2 de febrero, en el municipio santandereano de San Vicente de Chucuri en el acto los cacaoteros exigieron la intervenci\u00f3n del gobierno nacional para frenar las importaciones y el contrabando de cacao que echan por tierra su precio: Reclamaron, adem\u00e1s, un Fondo de Estabilizaci\u00f3n de precios, asistencia t\u00e9cnica efectiva para el control de plagas y reparar las desastrosas v\u00edas de la zona cacaotera.<\/p>\n<p>Al acto concurrieron por la Asamblea Departamental los Diputados, Roberto Schmalbach y Rubiela Vargas; el Alcalde, los Concejales y el p\u00e1rroco de San Vicente; varios exalcaldes y numerosos dirigentes sociales y gremiales de la regi\u00f3n chucure\u00f1a.<\/p>\n<p>El pr\u00f3ximo domingo 5 de febrero los cacaoteros har\u00e1n otra gran concentraci\u00f3n en Land\u00e1zuri (Santander) y el jueves 9 de febrero, a proposici\u00f3n del diputado del Polo Roberto Schmalbach, la Asamblea Departamental har\u00e1 un debate sobre la crisis cacaotera nacional.<\/p>\n","protected":false},"excerpt":{"rendered":"<p>Con la asistencia de 800 productores y de diversas organizaciones gremiales y sociales se desarroll\u00f3 la marcha cacaotera en las horas de la ma\u00f1ana de ayer jueves 2 de febrero, en el municipio santandereano de San Vicente de Chucuri en el acto los cacaoteros exigieron la intervenci\u00f3n del gobierno nacional para frenar las importaciones y [&hellip;]<\/p>\n","protected":false},"author":1,"featured_media":0,"comment_status":"open","ping_status":"open","sticky":false,"template":"","format":"standard","meta":{"advanced_seo_description":"","jetpack_seo_html_title":"","jetpack_seo_noindex":false,"_jetpack_memberships_contains_paid_content":false,"footnotes":""},"categories":[7],"tags":[],"class_list":["post-6273","post","type-post","status-publish","format-standard","hentry","category-pronunciamientos-de-organizaciones-sociales"],"jetpack_featured_media_url":"","jetpack-related-posts":[{"id":7768,"url":"https:\/\/moir.com.co\/web\/movilizacion-nacional-agropecuaria-es-un-hecho-irreversible\/","url_meta":{"origin":6273,"position":0},"title":"Movilizacion nacional agropecuaria es un hecho irreversible","author":"admin","date":"julio 28, 2013","format":false,"excerpt":"Aproximadamente cinco mil agricultores que se dedican al cultivo del cacao, caf\u00e9, frutas tropicales, ganaderos, madereros, palmeros, caucheros ganaderos de san Vicente de Chucur\u00ed, acatar\u00e1n la movilizaci\u00f3n nacional Agropecuaria convocada por sus gremios en contra del Gobierno actual. Esta movilizaci\u00f3n Nacional Agropecuaria ser\u00e1 para exigir que el Gobierno cumpla con\u2026","rel":"","context":"En \u00abPronunciamientos de Organizaciones Sociales\u00bb","block_context":{"text":"Pronunciamientos de Organizaciones Sociales","link":"https:\/\/moir.com.co\/web\/category\/pronunciamientos-de-organizaciones-sociales\/"},"img":{"alt_text":"","src":"","width":0,"height":0},"classes":[]},{"id":6288,"url":"https:\/\/moir.com.co\/web\/el-gobierno-nacional-debe-intervenir-el-mercado-del-cacao-y-atender-los-justos-reclamos-de-los-cacaoteros\/","url_meta":{"origin":6273,"position":1},"title":"El gobierno nacional debe intervenir el mercado del cacao y atender los justos reclamos de los cacaoteros","author":"admin","date":"febrero 9, 2012","format":false,"excerpt":"En debate celebrado en el d\u00eda de hoy en el recinto de la Asamblea Departamental el Diputado Roberto Schmalbach haciendo eco de los justos reclamos de los cultivadores de cacao del departamento, sometidos a una brutal ca\u00edda de los precios del 42% en los \u00faltimos dos meses que les ha\u2026","rel":"","context":"En \u00abPolo Democr\u00e1tico Alternativo\u00bb","block_context":{"text":"Polo Democr\u00e1tico Alternativo","link":"https:\/\/moir.com.co\/web\/category\/polo-democratico-alternativo\/"},"img":{"alt_text":"","src":"","width":0,"height":0},"classes":[]},{"id":6882,"url":"https:\/\/moir.com.co\/web\/muy-grave-la-crisis-de-los-cacaoteros-y-de-otros-sectores-en-el-campo\/","url_meta":{"origin":6273,"position":2},"title":"Muy grave la crisis de los cacaoteros y de otros sectores en el campo","author":"admin","date":"octubre 1, 2012","format":false,"excerpt":"Ca\u00edda abrupta de los precios del cacao. Las importaciones, una de las causas. Las otras, el oligopolio del mercado y el insuficiente apoyo del gobierno. Urge que el gobierno intervenga el sector. La crisis del agro se generaliza. La revaluaci\u00f3n va a terminar arrasando la producci\u00f3n agr\u00edcola e industrial. El\u2026","rel":"","context":"En \u00abJorge Enrique Robledo\u00bb","block_context":{"text":"Jorge Enrique Robledo","link":"https:\/\/moir.com.co\/web\/category\/jorge-enrique-robledo\/"},"img":{"alt_text":"","src":"","width":0,"height":0},"classes":[]},{"id":6456,"url":"https:\/\/moir.com.co\/web\/marcha-cacaotera-en-bogota-para-exigirle-al-gobierno-fijar-un-justo-precio-de-sustentacion\/","url_meta":{"origin":6273,"position":3},"title":"Marcha cacaotera en Bogot\u00e1 para exigirle al gobierno fijar un justo precio de sustentaci\u00f3n","author":"admin","date":"abril 16, 2012","format":false,"excerpt":"Que cesen las importaciones que los arruinan, y m\u00e1s las que se vienen con el TLC. Tan solo hace dos meses el kilo de cacao se pagaba a $5.700 y hoy a menos de la mitad, $2.800. La cifra se\u00f1ala la grav\u00edsima crisis a la que las pol\u00edticas oficiales, la\u2026","rel":"","context":"En \u00abJorge Enrique Robledo\u00bb","block_context":{"text":"Jorge Enrique Robledo","link":"https:\/\/moir.com.co\/web\/category\/jorge-enrique-robledo\/"},"img":{"alt_text":"","src":"","width":0,"height":0},"classes":[]},{"id":4933,"url":"https:\/\/moir.com.co\/web\/los-municipios-mineros-y-petroleros-quedarian-condenados-a-la-quiebra-con-el-acto-legislativo-13\/","url_meta":{"origin":6273,"position":4},"title":"Los municipios mineros y petroleros quedar\u00edan condenados a la quiebra con el acto legislativo 13","author":"admin","date":"octubre 24, 2010","format":false,"excerpt":"Enorme contradicci\u00f3n. Los municipios y departamentos que producen riqueza para el pa\u00eds est\u00e1n condenadas a la quiebra, miseria y algunos a desaparecer completamente gracias al proyecto de Acto Legislativo 13 del gobierno Santos, que les quita a los entes territoriales los recursos con los que intentan resolver la atenci\u00f3n en\u2026","rel":"","context":"En \u00abTemas\u00bb","block_context":{"text":"Temas","link":"https:\/\/moir.com.co\/web\/category\/temas\/"},"img":{"alt_text":"","src":"","width":0,"height":0},"classes":[]},{"id":7292,"url":"https:\/\/moir.com.co\/web\/polo-rechaza-brutal-represion-en-contra-de-caficultores-y-cacaoteros\/","url_meta":{"origin":6273,"position":5},"title":"Polo rechaza brutal represi\u00f3n en contra de caficultores y cacaoteros","author":"admin","date":"febrero 25, 2013","format":false,"excerpt":"M\u00e1s de 70 mil caficultores y cacaoteros salieron este lunes 25 de febrero a las carreteras de Colombia a reclamar soluci\u00f3n a las justas reclamaciones que desde hace un a\u00f1o le han formulado al Gobierno Nacional. Toda Colombia conoce que los precios de la carga de caf\u00e9 y cacao han\u2026","rel":"","context":"En \u00abPolo Democr\u00e1tico Alternativo\u00bb","block_context":{"text":"Polo Democr\u00e1tico Alternativo","link":"https:\/\/moir.com.co\/web\/category\/polo-democratico-alternativo\/"},"img":{"alt_text":"","src":"","width":0,"height":0},"classes":[]}],"jetpack_sharing_enabled":true,"_links":{"self":[{"href":"https:\/\/moir.com.co\/web\/wp-json\/wp\/v2\/posts\/6273","targetHints":{"allow":["GET"]}}],"collection":[{"href":"https:\/\/moir.com.co\/web\/wp-json\/wp\/v2\/posts"}],"about":[{"href":"https:\/\/moir.com.co\/web\/wp-json\/wp\/v2\/types\/post"}],"author":[{"embeddable":true,"href":"https:\/\/moir.com.co\/web\/wp-json\/wp\/v2\/users\/1"}],"replies":[{"embeddable":true,"href":"https:\/\/moir.com.co\/web\/wp-json\/wp\/v2\/comments?post=6273"}],"version-history":[{"count":0,"href":"https:\/\/moir.com.co\/web\/wp-json\/wp\/v2\/posts\/6273\/revisions"}],"wp:attachment":[{"href":"https:\/\/moir.com.co\/web\/wp-json\/wp\/v2\/media?parent=6273"}],"wp:term":[{"taxonomy":"category","embeddable":true,"href":"https:\/\/moir.com.co\/web\/wp-json\/wp\/v2\/categories?post=6273"},{"taxonomy":"post_tag","embeddable":true,"href":"https:\/\/moir.com.co\/web\/wp-json\/wp\/v2\/tags?post=6273"}],"curies":[{"name":"wp","href":"https:\/\/api.w.org\/{rel}","templated":true}]}}