{"id":627,"date":"2004-08-11T07:00:00","date_gmt":"2004-08-11T07:00:00","guid":{"rendered":"https:\/\/moir.org.co\/web\/resolucion-de-la-viii-junta-nacional-sobre-el-impacto-del-alca-y-el-tlc-con-estados-unidos-en-importantes-cultivos-nacionale\/"},"modified":"2004-08-11T07:00:00","modified_gmt":"2004-08-11T07:00:00","slug":"resolucion-de-la-viii-junta-nacional-sobre-el-impacto-del-alca-y-el-tlc-con-estados-unidos-en-importantes-cultivos-nacionale","status":"publish","type":"post","link":"https:\/\/moir.com.co\/web\/resolucion-de-la-viii-junta-nacional-sobre-el-impacto-del-alca-y-el-tlc-con-estados-unidos-en-importantes-cultivos-nacionale\/","title":{"rendered":"RESOLUCI\u00d3N DE LA VIII  JUNTA NACIONAL  SOBRE EL IMPACTO DEL ALCA Y EL TLC CON  ESTADOS UNIDOS EN IMPORTANTES CULTIVOS NACIONALE"},"content":{"rendered":"<p>Las negociaciones comerciales que actualmente adelanta Colombia, tanto en el ALCA como en el Tratado de Libre Comercio (TLC) con los Estados Unidos, colocan en riesgo de desaparici\u00f3n a millones de hect\u00e1reas sembradas de productos agr\u00edcolas. La desigual competencia que se librar\u00e1 en g\u00e9neros como el ma\u00edz, el arroz, la soja, la papa y el algod\u00f3n ser\u00e1 una repetici\u00f3n m\u00e1s desastrosa a\u00fan de lo ya ocurrido con el trigo y la cebada, los cuales est\u00e1n pr\u00e1cticamente eliminados de la producci\u00f3n agraria nacional. Los an\u00e1lisis oficiales apuntan a que a lo sumo  la superficie dedicada a todos estos cultivos se destinar\u00eda para otras especialidades, lo cual significa que hay unanimidad en que est\u00e1n desahuciados para sobrevivir si tales acuerdos llegan a concretarse. El propio Robert  Zoellick, en una comunicaci\u00f3n dirigida al Congreso norteamericano al respecto, advierte que las ventas gringas de alimentos a Colombia crecer\u00e1n aunque, como \u00e9l lo consigna, el pa\u00eds ya es &#8220;el m\u00e1s grande comprador de productos agr\u00edcolas de Estados Unidos en el hemisferio occidental&#8221;.  <\/p>\n<p>El sistema norteamericano de subsidios internos a los productores perdurar\u00e1 en los acuerdos, no s\u00f3lo los que se otorgan para  los distintos programas productivos sino adem\u00e1s  los que se transfieren mediante los bajos costos del agua y los servicios p\u00fablicos, de la maquinaria y del cr\u00e9dito y el desarrollo de la investigaci\u00f3n cient\u00edfica as\u00ed como por el inmenso presupuesto oficial de su Departamento de Agricultura destinado especialmente al servicio  de los grandes consorcios agro-comerciales. Esto  garantiza a los norteamericanos que ir\u00e1n a mansalva y sobre seguro. En el caso del ma\u00edz, la sola productividad por hect\u00e1rea les permitir\u00e1 arrasar a nuestros campesinos que, en comparaci\u00f3n, tienen promedios inferiores hasta en una sexta parte. Incluso ni desmontando los inicuos apoyos existe para muchos productos nacionales una m\u00ednima probabilidad de supervivencia.   <\/p>\n<p>No obstante, esta cr\u00f3nica mortal anunciada para los cereales puede extenderse a otros renglones como el az\u00facar, la palma africana, la leche y el sector av\u00edcola. Todos ellos tambalear\u00e1n por distintas razones en la vigencia del ALCA y el TLC con Estados Unidos. No puede olvidarse que en ellos as\u00ed como en los productos tropicales, la rivalidad se dar\u00e1 tambi\u00e9n con los dem\u00e1s pa\u00edses del Continente. Brasil, por ejemplo, en los \u00faltimos cinco a\u00f1os ha  aumentado en un 60% sus exportaciones de caf\u00e9 y pollo y ha duplicado las de az\u00facar y soja, siendo el cuarto exportador mundial de productos agr\u00edcolas con una participaci\u00f3n mayor que la de China. Canad\u00e1 y Argentina son igualmente competidores enormes en varios g\u00e9neros. A pesar de todo esto, el gobierno colombiano no s\u00f3lo desatiende estas razones sino que,  acatando indignamente la orden de firmar estos acuerdos, se da a la tarea de crear falsas ilusiones sobre fantasiosas posibilidades y oportunidades e intenta sobornar con d\u00e1divas transitorias o apaciguar a quienes expresan sus justos temores afirmando que, si se consiguen ciertos plazos para la puesta en pleno vigor del libre comercio, la agon\u00eda se convertir\u00eda en vida larga. <\/p>\n<p>En cuanto al cacao, el banano, el pl\u00e1tano, las frutas, forestales y flores tropicales y similares hay que notar que desde ahora se est\u00e1 promoviendo en Centro y Sur Am\u00e9rica la expansi\u00f3n de su producci\u00f3n de tal forma que cuando rija el libre mercado en el continente, las compa\u00f1\u00edas comercializadoras multinacionales podr\u00e1n escoger a sus anchas entre quienes dentro del conjunto de oferentes decidan venderlos a menos precio.  <\/p>\n<p>A estas dificultades se agregan los negativos efectos en los costos de producci\u00f3n al introducirse las normas de la llamada Propiedad Intelectual que aumentar\u00e1 los precios de los insumos. De ese modo se imponen los patrones de la agricultura norteamericana al resto de pa\u00edses, ganando por punta y punta, al vender sus mercanc\u00edas por debajo del costo de producci\u00f3n  pero simult\u00e1neamente incrementando  los costos de los otros por la v\u00eda de las alzas en agroqu\u00edmicos y simientes. Verbigracia, para el ma\u00edz, en cuanto a las semillas, su costo por hect\u00e1rea a precios actuales podr\u00eda subir de $12.500 a $ 210.000. C\u00e1lculos tan escandalosos como \u00e9ste se presentan en otros cultivos.  <\/p>\n<p> La VIII Junta Nacional de la Asociaci\u00f3n Nacional por la Salvaci\u00f3n Agropecuaria convoca a todos los agricultores y productores agropecuarios colombianos sin distingo alguno a pronunciarse y organizarse en contra de la imposici\u00f3n del ALCA y el Tratado de Libre Comercio con Estados Unidos y a unificarse en un fuerte movimiento por la defensa del trabajo y la producci\u00f3n nacional y la soberan\u00eda  alimentaria de Colombia.  <\/p>\n<p>Ibagu\u00e9, marzo 13 de 2004  <\/p>\n","protected":false},"excerpt":{"rendered":"<p>Las negociaciones comerciales que actualmente adelanta Colombia, tanto en el ALCA como en el Tratado de Libre Comercio (TLC) con los Estados Unidos, colocan en riesgo de desaparici\u00f3n a millones de hect\u00e1reas sembradas de productos agr\u00edcolas. La desigual competencia que se librar\u00e1 en g\u00e9neros como el ma\u00edz, el arroz, la soja, la papa y el [&hellip;]<\/p>\n","protected":false},"author":1,"featured_media":0,"comment_status":"open","ping_status":"open","sticky":false,"template":"","format":"standard","meta":{"advanced_seo_description":"","jetpack_seo_html_title":"","jetpack_seo_noindex":false,"_jetpack_memberships_contains_paid_content":false,"footnotes":""},"categories":[7],"tags":[],"class_list":["post-627","post","type-post","status-publish","format-standard","hentry","category-pronunciamientos-de-organizaciones-sociales"],"jetpack_featured_media_url":"","jetpack-related-posts":[{"id":630,"url":"https:\/\/moir.com.co\/web\/la-viii-junta-nacional-aprueba-participar-el-15-de-abril-en-la-movilizacion-andina-contra-el-alca-y-el-tlc-con-estados-unidos\/","url_meta":{"origin":627,"position":0},"title":"LA VIII JUNTA NACIONAL APRUEBA  PARTICIPAR EL 15 DE ABRIL EN LA MOVILIZACI\u00d3N ANDINA CONTRA EL ALCA Y EL TLC CON ESTADOS UNIDOS","author":"admin","date":"agosto 11, 2004","format":false,"excerpt":"Salvaci\u00f3n Agropecuaria, Ibagu\u00e9, marzo 13 de 2004 La VIII Junta Nacional de la Asociaci\u00f3n Nacional por la Salvaci\u00f3n Agropecuaria, reunida en Ibagu\u00e9 el pasado s\u00e1bado 13 de marzo con la presencia de 225 delegados de 16 departamentos, aprob\u00f3 su participaci\u00f3n masiva en la movilizaci\u00f3n que organizaciones sociales, de productores, campesinas,\u2026","rel":"","context":"En \u00abPronunciamientos de Organizaciones Sociales\u00bb","block_context":{"text":"Pronunciamientos de Organizaciones Sociales","link":"https:\/\/moir.com.co\/web\/category\/pronunciamientos-de-organizaciones-sociales\/"},"img":{"alt_text":"","src":"","width":0,"height":0},"classes":[]},{"id":1024,"url":"https:\/\/moir.com.co\/web\/fenares-rechaza-revolucion-educativa-e-ingreso-al-tlc-y-el-alca\/","url_meta":{"origin":627,"position":1},"title":"FENARES RECHAZA &#8220;REVOLUCION EDUCATIVA&#8221; E INGRESO AL TLC Y EL ALCA","author":"admin","date":"octubre 3, 2004","format":false,"excerpt":"La Federaci\u00f3n Nacional de Representantes Estudiantiles presentamos nuestro rechazo a la pol\u00edtica \"Revoluci\u00f3n Educativa\" y el ingreso de Colombia al TLC y ALCA y invitamos a toda la comunidad universitaria del pa\u00eds a vincularse al paro del 12 de octubre en contra del TLC. Desde la Constituci\u00f3n del 91 el\u2026","rel":"","context":"En \u00ab\u00a1No a los TLC y al ALCA!\u00bb","block_context":{"text":"\u00a1No a los TLC y al ALCA!","link":"https:\/\/moir.com.co\/web\/category\/temas\/no-a-los-tlc-y-al-alca\/"},"img":{"alt_text":"","src":"","width":0,"height":0},"classes":[]},{"id":1263,"url":"https:\/\/moir.com.co\/web\/la-penultima-ronda-en-cartagena-crecen-impugnaciones-al-tlc\/","url_meta":{"origin":627,"position":2},"title":"LA PEN\u00daLTIMA RONDA EN CARTAGENA: CRECEN IMPUGNACIONES AL TLC","author":"admin","date":"septiembre 10, 2005","format":false,"excerpt":"El optimismo oficial sobre una pronta firma del TLC contrasta con la creciente cr\u00edtica y oposici\u00f3n al mismo. Mientras que el gobierno de Uribe est\u00e1 dispuesto a protocolizar el sacrificio de la industria nacional en Cartagena, Estados Unidos quiere apoderarse de la totalidad del mercado colombiano, no ha ofrecido nada\u2026","rel":"","context":"En \u00ab\u00a1No a los TLC y al ALCA!\u00bb","block_context":{"text":"\u00a1No a los TLC y al ALCA!","link":"https:\/\/moir.com.co\/web\/category\/temas\/no-a-los-tlc-y-al-alca\/"},"img":{"alt_text":"","src":"","width":0,"height":0},"classes":[]},{"id":637,"url":"https:\/\/moir.com.co\/web\/con-gran-exito-se-cumplio-en-colombia-la-jornada-andina-contra-el-alca-y-el-tlc\/","url_meta":{"origin":627,"position":3},"title":"CON GRAN \u00c9XITO SE CUMPLI\u00d3 EN COLOMBIA LA JORNADA ANDINA CONTRA EL ALCA Y EL TLC","author":"admin","date":"agosto 11, 2004","format":false,"excerpt":"Salvaci\u00f3n Agropecuaria, abril 21 de 2004 Con entusiasmo se cumpli\u00f3 en m\u00e1s de diez departamentos la Jornada Andina convocada por la Red de Acci\u00f3n frente al ALCA y al Libre Comercio \u2013Recalca\u2013, la Central Unitaria de Trabajadores y la Asociaci\u00f3n Nacional por la Salvaci\u00f3n Agropecuaria, en coordinaci\u00f3n con importantes organizaciones\u2026","rel":"","context":"En \u00abPronunciamientos de Organizaciones Sociales\u00bb","block_context":{"text":"Pronunciamientos de Organizaciones Sociales","link":"https:\/\/moir.com.co\/web\/category\/pronunciamientos-de-organizaciones-sociales\/"},"img":{"alt_text":"","src":"","width":0,"height":0},"classes":[]},{"id":88,"url":"https:\/\/moir.com.co\/web\/alca-y-soberania-nacional\/","url_meta":{"origin":627,"position":4},"title":"ALCA Y SOBERAN\u00cdA NACIONAL","author":"admin","date":"agosto 6, 2004","format":false,"excerpt":"Desde luego es muy importante tener reglas claras para manejar el intercambio con los Estados Unidos nuestro principal socio comercial, a donde nunca han ido menos del 40% de nuestras exportaciones y de donde proviene la mayor parte de los equipos industriales instalados en Colombia. Adicionalmente, ning\u00fan pa\u00eds manifiesta la\u2026","rel":"","context":"En \u00ab\u00a1No a los TLC y al ALCA!\u00bb","block_context":{"text":"\u00a1No a los TLC y al ALCA!","link":"https:\/\/moir.com.co\/web\/category\/temas\/no-a-los-tlc-y-al-alca\/"},"img":{"alt_text":"","src":"","width":0,"height":0},"classes":[]},{"id":1468,"url":"https:\/\/moir.com.co\/web\/busca-el-alca-apalancar-control-hegemonico-de-eu\/","url_meta":{"origin":627,"position":5},"title":"BUSCA EL ALCA APALANCAR CONTROL HEGEM\u00d3NICO DE EU","author":"admin","date":"junio 20, 2004","format":false,"excerpt":"El Acuerdo de Libre Comercio para las Am\u00e9ricas (ALCA) es un instrumento que busca apalancar el control hegem\u00f3nico de Estados Unidos y apropiarse de las fuentes excedentes de las actividades primarias de Am\u00e9rica Latina. Por medio de este acuerdo se pretende institucionalizar los instrumentos de control de corte polic\u00edaco y\u2026","rel":"","context":"En \u00ab\u00a1No a los TLC y al ALCA!\u00bb","block_context":{"text":"\u00a1No a los TLC y al ALCA!","link":"https:\/\/moir.com.co\/web\/category\/temas\/no-a-los-tlc-y-al-alca\/"},"img":{"alt_text":"","src":"","width":0,"height":0},"classes":[]}],"jetpack_sharing_enabled":true,"_links":{"self":[{"href":"https:\/\/moir.com.co\/web\/wp-json\/wp\/v2\/posts\/627","targetHints":{"allow":["GET"]}}],"collection":[{"href":"https:\/\/moir.com.co\/web\/wp-json\/wp\/v2\/posts"}],"about":[{"href":"https:\/\/moir.com.co\/web\/wp-json\/wp\/v2\/types\/post"}],"author":[{"embeddable":true,"href":"https:\/\/moir.com.co\/web\/wp-json\/wp\/v2\/users\/1"}],"replies":[{"embeddable":true,"href":"https:\/\/moir.com.co\/web\/wp-json\/wp\/v2\/comments?post=627"}],"version-history":[{"count":0,"href":"https:\/\/moir.com.co\/web\/wp-json\/wp\/v2\/posts\/627\/revisions"}],"wp:attachment":[{"href":"https:\/\/moir.com.co\/web\/wp-json\/wp\/v2\/media?parent=627"}],"wp:term":[{"taxonomy":"category","embeddable":true,"href":"https:\/\/moir.com.co\/web\/wp-json\/wp\/v2\/categories?post=627"},{"taxonomy":"post_tag","embeddable":true,"href":"https:\/\/moir.com.co\/web\/wp-json\/wp\/v2\/tags?post=627"}],"curies":[{"name":"wp","href":"https:\/\/api.w.org\/{rel}","templated":true}]}}