{"id":626,"date":"2004-08-11T07:00:00","date_gmt":"2004-08-11T07:00:00","guid":{"rendered":"https:\/\/moir.org.co\/web\/el-agua-debe-ser-patrimonio-comun-de-los-pueblos\/"},"modified":"2004-08-11T07:00:00","modified_gmt":"2004-08-11T07:00:00","slug":"el-agua-debe-ser-patrimonio-comun-de-los-pueblos","status":"publish","type":"post","link":"https:\/\/moir.com.co\/web\/el-agua-debe-ser-patrimonio-comun-de-los-pueblos\/","title":{"rendered":"EL AGUA DEBE SER PATRIMONIO COM\u00daN DE LOS PUEBLOS"},"content":{"rendered":"<p>Rafael Espinel P\u00e1ez, Presidente Liga USPD Bogot\u00e1<\/p>\n<p>El 97% de los recursos h\u00eddricos del planeta est\u00e1 en los oc\u00e9anos y solamente el 3% es agua dulce. Este recurso es vital y esencial para la vida y constituye m\u00e1s de 70% de la materia viva. En el cuerpo humano representa 65% de su peso total y diariamente se requiere ingerir, seg\u00fan la edad, hasta dos litros y medio de agua. Por esto, las multinacionales apuntan ahora hacia el control total de este recurso, con el fin de manipular monop\u00f3licamente no s\u00f3lo el servicio a los pueblos, sino el recurso mismo. Ser\u00eda como controlar el ox\u00edgeno del aire que respiramos.<br \/>\nComo el debate pol\u00edtico se define en el terreno econ\u00f3mico, el Banco Mundial apela al concepto en boga del desarrollo sostenible para promover los intereses del capital financiero sobre el recurso. Es as\u00ed como en Colombia, despu\u00e9s de la Constituci\u00f3n del 91 y las leyes 142, 143 del 1994 y 689 de 2001, se impone la privatizaci\u00f3n del servicio, y en Chile, por ejemplo, la legislaci\u00f3n ya permite la privatizaci\u00f3n del recurso.<br \/>\nLo anterior hizo que la prestaci\u00f3n de los servicios p\u00fablicos domiciliarios se volviera un negocio y se rigiera por la m\u00e1xima ganancia. Seg\u00fan las estad\u00edsticas, en los \u00faltimos dos a\u00f1os las tarifas en promedio han aumentado m\u00e1s del 200%, mientras que el salario m\u00ednimo s\u00f3lo lo ha hecho en menos de 15% en el mismo per\u00edodo. La diferencia es abismal. Tan dram\u00e1tica situaci\u00f3n afecta a los usuarios de todos los estratos. No hay quien se salve de las impagables tarifas, que a su vez contribuyen a encarecer los productos, constre\u00f1ir el aparato productivo nacional y aumentar el desempleo.<br \/>\nEste es el aspecto principal del problema, pero hay personas que buscan el ahogado r\u00edo arriba y le echan la culpa de las alzas en las tarifas, a las convenciones colectivas de los trabajadores, a sus servicios m\u00e9dicos, pensiones, etc. Y no analizan la f\u00f3rmula tarifar\u00eda aprobada por la Comisi\u00f3n de Regulaci\u00f3n del Agua \u2013CRA-, ni tienen en cuenta lo aprobado por la mayor\u00eda uribista en el Plan de Desarrollo y todav\u00eda menos se percatan de lo que viene con el ALCA o con el acuerdo bilateral con Estados Unidos en materia de servicios p\u00fablicos.<br \/>\nEn la Liga de USPD de Bogot\u00e1, creemos que este negro panorama podemos cambiarlo mediante la unidad y resistencia civil, es decir, con educaci\u00f3n, organizaci\u00f3n y movilizaci\u00f3n de la mayor\u00eda de usuarios del pa\u00eds. As\u00ed lograremos conseguir, m\u00e1s temprano que tarde, que los servicios p\u00fablicos sean prestados sin \u00e1nimo de lucro. Reflexionemos que si el agua sigue dej\u00e1ndose a las fuerzas del mercado, pronto vendr\u00e1n los conflictos b\u00e9licos por monopolizarla. Tal como hoy se padecen guerras por el petr\u00f3leo, pronto se desatar\u00e1n otras por el control de este imprescindible elemento. Hagamos conciencia; el agua debe ser patrimonio com\u00fan de los pueblos y su servicio ha de prestarse sin animo de lucro.<\/p>\n","protected":false},"excerpt":{"rendered":"<p>Rafael Espinel P\u00e1ez, Presidente Liga USPD Bogot\u00e1 El 97% de los recursos h\u00eddricos del planeta est\u00e1 en los oc\u00e9anos y solamente el 3% es agua dulce. Este recurso es vital y esencial para la vida y constituye m\u00e1s de 70% de la materia viva. En el cuerpo humano representa 65% de su peso total y [&hellip;]<\/p>\n","protected":false},"author":1,"featured_media":0,"comment_status":"open","ping_status":"open","sticky":false,"template":"","format":"standard","meta":{"advanced_seo_description":"","jetpack_seo_html_title":"","jetpack_seo_noindex":false,"_jetpack_memberships_contains_paid_content":false,"footnotes":""},"categories":[7],"tags":[],"class_list":["post-626","post","type-post","status-publish","format-standard","hentry","category-pronunciamientos-de-organizaciones-sociales"],"jetpack_featured_media_url":"","jetpack-related-posts":[{"id":1709,"url":"https:\/\/moir.com.co\/web\/el-agua-debe-ser-patrimonio-comun-de-los-pueblos-2\/","url_meta":{"origin":626,"position":0},"title":"EL AGUA DEBE SER PATRIMONIO COM\u00daN DE LOS PUEBLOS","author":"admin","date":"agosto 22, 2004","format":false,"excerpt":"Rafael Espinel P\u00e1ez, Presidente Liga USPD Bogot\u00e1 El 97% de los recursos h\u00eddricos del planeta est\u00e1 en los oc\u00e9anos y solamente el 3% es agua dulce. Este recurso es vital y esencial para la vida y constituye m\u00e1s de 70% de la materia viva. En el cuerpo humano representa 65%\u2026","rel":"","context":"En \u00abEL USUARIO N\u00ba8 MARZO-ABRIL 2004\u00bb","block_context":{"text":"EL USUARIO N\u00ba8 MARZO-ABRIL 2004","link":"https:\/\/moir.com.co\/web\/category\/temas\/servicios-publicos-articulos-de-actualidad\/el-usuario\/el-usuario-no8-marzo-abril-2004\/"},"img":{"alt_text":"","src":"","width":0,"height":0},"classes":[]},{"id":3090,"url":"https:\/\/moir.com.co\/web\/morales-defiende-acceso-al-agua-como-un-derecho-humano\/","url_meta":{"origin":626,"position":1},"title":"Morales defiende acceso al agua como un derecho humano","author":"admin","date":"mayo 17, 2009","format":false,"excerpt":"El presidente boliviano, Evo Morales, defendi\u00f3 este s\u00e1bado que el acceso al agua sea considerado como un derecho humano que no se debe privatizar para el derecho de unos pocos, al firmar un contrato de construcci\u00f3n de la represa de Misicuni, que dotar\u00e1 de agua a Cochabamba (centro) y varias\u2026","rel":"","context":"En \u00abRevista de Prensa\u00bb","block_context":{"text":"Revista de Prensa","link":"https:\/\/moir.com.co\/web\/category\/prensa\/revista-de-prensa\/"},"img":{"alt_text":"","src":"","width":0,"height":0},"classes":[]},{"id":12343,"url":"https:\/\/moir.com.co\/web\/sierra-nevada-de-santa-marta-un-objetivo-en-la-guerra-del-agua\/","url_meta":{"origin":626,"position":2},"title":"Sierra Nevada de Santa Marta, \u00bfun objetivo en la \u201cguerra del agua\u201d?","author":"admin","date":"mayo 10, 2017","format":false,"excerpt":"\u00c1lvaro Morales S\u00e1nchez, las2orillas.co, Santa Marta, mayo 9 de 2017 A finales de noviembre del a\u00f1o pasado y en varias oportunidades durante este a\u00f1o los ind\u00edgenas del resguardo Kogi-Malayo-Arhuaco y las comunidades campesinas residentes en las inmediaciones del R\u00edo Don Diego en la Sierra Nevada de Santa Marta, se movilizaron\u2026","rel":"","context":"En \u00abAgro\u00bb","block_context":{"text":"Agro","link":"https:\/\/moir.com.co\/web\/category\/temas\/agro\/"},"img":{"alt_text":"","src":"","width":0,"height":0},"classes":[]},{"id":37,"url":"https:\/\/moir.com.co\/web\/posicion-de-la-coica-frente-al-alca\/","url_meta":{"origin":626,"position":3},"title":"POSICI\u00d3N DE LA COICA FRENTE AL ALCA","author":"admin","date":"julio 31, 2004","format":false,"excerpt":"Los pueblos ind\u00edgenas de la Amazon\u00eda, como herederos y guardianes del patrimonio existente, a pesar de sufrir hasta la actualidad las diferentes consecuencias del modelo econ\u00f3mico impuesto, que ha debilitado a la humanidad y el medio ambiente. Pero, ante esos procesos destructivos emerge nuestra vitalidad, afirmando nuestra espiritualidad, identidades, idiomas,\u2026","rel":"","context":"En \u00ab\u00a1No a los TLC y al ALCA!\u00bb","block_context":{"text":"\u00a1No a los TLC y al ALCA!","link":"https:\/\/moir.com.co\/web\/category\/temas\/no-a-los-tlc-y-al-alca\/"},"img":{"alt_text":"","src":"","width":0,"height":0},"classes":[]},{"id":1173,"url":"https:\/\/moir.com.co\/web\/organismos-financieros-internacionales-fuerzan-la-privatizaci__n-global-del-agua\/","url_meta":{"origin":626,"position":4},"title":"ORGANISMOS FINANCIEROS INTERNACIONALES FUERZAN LA PRIVATIZACI__N GLOBAL DEL AGUA","author":"admin","date":"mayo 13, 2005","format":false,"excerpt":"La escasez de agua ha llevado a una crisis mundial que se ha plasmado en que un recurso natural, que tradicionalmente ha sido de libre acceso para todos, se convierte en una mercanc\u00eda a la que s\u00f3lo pueden acceder quienes pagan por ella, se\u00f1ala Tony Clarke, autor, con Maude Barlow,\u2026","rel":"","context":"En \u00abRevista de Prensa\u00bb","block_context":{"text":"Revista de Prensa","link":"https:\/\/moir.com.co\/web\/category\/prensa\/revista-de-prensa\/"},"img":{"alt_text":"","src":"","width":0,"height":0},"classes":[]},{"id":1745,"url":"https:\/\/moir.com.co\/web\/ley-de-aguas-en-la-senda-del-tlc\/","url_meta":{"origin":626,"position":5},"title":"LEY DE AGUAS, EN LA SENDA DEL TLC","author":"admin","date":"febrero 16, 2007","format":false,"excerpt":"Juan Carlos Mart\u00ednez Botero, Liga de Usuarios de Servicios P\u00fablicos de Caldas Con el prop\u00f3sito de adecuar la legislaci\u00f3n colombiana a los requerimientos del Tratado de Libre Comercio con los Estados Unidos, el gobierno de \u00c1lvaro Uribe present\u00f3 a consideraci\u00f3n del Congreso de la Rep\u00fablica, el proyecto conocido como Ley\u2026","rel":"","context":"Entrada similar","block_context":{"text":"Entrada similar","link":""},"img":{"alt_text":"","src":"","width":0,"height":0},"classes":[]}],"jetpack_sharing_enabled":true,"_links":{"self":[{"href":"https:\/\/moir.com.co\/web\/wp-json\/wp\/v2\/posts\/626","targetHints":{"allow":["GET"]}}],"collection":[{"href":"https:\/\/moir.com.co\/web\/wp-json\/wp\/v2\/posts"}],"about":[{"href":"https:\/\/moir.com.co\/web\/wp-json\/wp\/v2\/types\/post"}],"author":[{"embeddable":true,"href":"https:\/\/moir.com.co\/web\/wp-json\/wp\/v2\/users\/1"}],"replies":[{"embeddable":true,"href":"https:\/\/moir.com.co\/web\/wp-json\/wp\/v2\/comments?post=626"}],"version-history":[{"count":0,"href":"https:\/\/moir.com.co\/web\/wp-json\/wp\/v2\/posts\/626\/revisions"}],"wp:attachment":[{"href":"https:\/\/moir.com.co\/web\/wp-json\/wp\/v2\/media?parent=626"}],"wp:term":[{"taxonomy":"category","embeddable":true,"href":"https:\/\/moir.com.co\/web\/wp-json\/wp\/v2\/categories?post=626"},{"taxonomy":"post_tag","embeddable":true,"href":"https:\/\/moir.com.co\/web\/wp-json\/wp\/v2\/tags?post=626"}],"curies":[{"name":"wp","href":"https:\/\/api.w.org\/{rel}","templated":true}]}}