{"id":624,"date":"2004-08-11T07:00:00","date_gmt":"2004-08-11T07:00:00","guid":{"rendered":"https:\/\/moir.org.co\/web\/trabajadores-no-son-responsables-de-la-crisis-economica\/"},"modified":"2004-08-11T07:00:00","modified_gmt":"2004-08-11T07:00:00","slug":"trabajadores-no-son-responsables-de-la-crisis-economica","status":"publish","type":"post","link":"https:\/\/moir.com.co\/web\/trabajadores-no-son-responsables-de-la-crisis-economica\/","title":{"rendered":"\u00a1TRABAJADORES NO SON RESPONSABLES DE LA CRISIS ECON\u00d3MICA!"},"content":{"rendered":"<p>El Comando Regional Unitario del Magdalena integrado por la CUT, CGTD, Edumag-Fecode, Sindesena, Asociaciones de Pensionados, Liga de Usuarios de Servicios P\u00fablicos de Santa Marta, Salvaci\u00f3n Agropecuaria, Asociaci\u00f3n Colombiana de Ingenieros Agr\u00f3nomos, entre otros, ha recibido la noticia de que la administraci\u00f3n distrital se apresta a firmar las resoluciones de despidos de 515 trabajadores de la alcald\u00eda y la desvinculaci\u00f3n de m\u00e1s de 300 docentes, con lo cual, si se suman las insubsistencias en la gobernaci\u00f3n del Magdalena, se llegar\u00eda a la cifra de cerca de mil familias que est\u00e1n ad portas de quedar sin el empleo que vienen desempe\u00f1ando y a agudizar las precarias condiciones de vida en que se debate esta parte de la Costa Atl\u00e1ntica. <\/p>\n<p>El primer mandatario del distrito de Santa Marta ha expresado a trav\u00e9s de los medios de comunicaci\u00f3n que tan dr\u00e1sticas medidas son exigidas por el gobierno de Uribe Vel\u00e9z para que este distrito pueda quedar inmerso en la ley 550 de reestructuraci\u00f3n de pasivos. Tales razones no son convincentes por cuanto se estar\u00eda buscando el ahogado r\u00edo arriba, ya que los responsables de la crisis no son los trabajadores que desempe\u00f1an cargos necesarios para el funcionamiento de las instituciones oficiales. El verdadero culpable de la deplorable situaci\u00f3n es el mismo gobierno de Uribe al intensificar la aplicaci\u00f3n del modelo neoliberal que se instaur\u00f3 en Colombia desde 1990, conduciendo a  la quiebra de la producci\u00f3n agraria e industrial, el inmenso endeudamiento del pa\u00eds con la banca extranjera, la privatizaci\u00f3n de las entidades p\u00fablicas,  el aumento sin precedentes del desempleo   y el agravamiento de la pobreza, la miseria y la descomposici\u00f3n social; adem\u00e1s de ciertos manejos y desgre\u00f1o administrativo a nivel territorial.    <\/p>\n<p>Las pol\u00edticas impuestas por el gobierno norteamericano y el Fondo Monetario Internacional a trav\u00e9s del gobierno central implican fuertes recortes en la inversi\u00f3n social y en las transferencias territoriales, como lo demuestran las rebajas al distrito de los recursos para educaci\u00f3n y salud p\u00fablicas en el a\u00f1o 2004, y ocasionan despidos masivos de trabajadores con el falaz argumento de la disminuci\u00f3n de gastos que faciliten el pago puntual de la onerosa deuda p\u00fablica a la banca internacional.   <\/p>\n<p>El Comando Regional Unitario del Magdalena invita a la administraci\u00f3n distrital de Santa Marta a no realizar esos despidos masivos de trabajadores y, por el contrario, a impulsar conjuntamente con las fuerzas vivas de la sociedad samaria y magdalenense un frente unido para exigirle al gobierno nacional no s\u00f3lo que cese en el recorte de las transferencias territoriales, sino que las aumente para poder mantener las fuentes de empleo, sobre las cuales, adem\u00e1s,  hoy se cierne el peligro de la inclusi\u00f3n de Colombia en el Alca y el Tratado de Libre Comercio con Estados Unidos. <\/p>\n<p>COMANDO REGIONAL UNITARIO DEL MAGDALENA<\/p>\n<p>\u00c1NGEL MANJARRES CORREA<br \/>\nPresidente CUT y Comando Regional<\/p>\n<p>LAUREANO C\u00c1EZ TURIZO<br \/>\nSecretario Comando Regional<\/p>\n<p>ANTONIO PERALTA S.<br \/>\nPresidente de EDUMAG<\/p>\n<p>HERN\u00c1N P\u00c9REZ ZAPATA<br \/>\nPresidente Asociaci\u00f3n Colombiana de Ingenieros Agr\u00f3nomos (ACIA)<\/p>\n<p>JOS\u00c9 MAR\u00cdA PACHECO<br \/>\nRepresentante Edumag Ci\u00e9naga<\/p>\n<p>NORMAN ALARC\u00d3N RODAS<br \/>\nCoordinador Seccional Salvaci\u00f3n Agropecuaria<\/p>\n<p>Santa Marta, Marzo 4 de 2004 <\/p>\n","protected":false},"excerpt":{"rendered":"<p>El Comando Regional Unitario del Magdalena integrado por la CUT, CGTD, Edumag-Fecode, Sindesena, Asociaciones de Pensionados, Liga de Usuarios de Servicios P\u00fablicos de Santa Marta, Salvaci\u00f3n Agropecuaria, Asociaci\u00f3n Colombiana de Ingenieros Agr\u00f3nomos, entre otros, ha recibido la noticia de que la administraci\u00f3n distrital se apresta a firmar las resoluciones de despidos de 515 trabajadores de [&hellip;]<\/p>\n","protected":false},"author":1,"featured_media":0,"comment_status":"open","ping_status":"open","sticky":false,"template":"","format":"standard","meta":{"advanced_seo_description":"","jetpack_seo_html_title":"","jetpack_seo_noindex":false,"_jetpack_memberships_contains_paid_content":false,"footnotes":""},"categories":[7],"tags":[],"class_list":["post-624","post","type-post","status-publish","format-standard","hentry","category-pronunciamientos-de-organizaciones-sociales"],"jetpack_featured_media_url":"","jetpack-related-posts":[{"id":674,"url":"https:\/\/moir.com.co\/web\/lanzamiento-de-la-gran-coalicion-democratica-del-magdalena\/","url_meta":{"origin":624,"position":0},"title":"LANZAMIENTO DE LA GRAN COALICI\u00d3N DEMOCR\u00c1TICA DEL MAGDALENA","author":"admin","date":"agosto 11, 2004","format":false,"excerpt":"El Mi\u00e9rcoles 4 de agosto de 2004 se constituy\u00f3 la Gran Coalici\u00f3n Democr\u00e1tica del Magdalena con la participaci\u00f3n de las organizaciones pol\u00edticas, gremiales, sindicales y comunitarias abajo firmantes, las cuales est\u00e1n de acuerdo con los siguientes objetivos de lucha de car\u00e1cter nacional, regional y distrital. OBJETIVOS NACIONALES 1. Rechazo al\u2026","rel":"","context":"En \u00abPronunciamientos de Organizaciones Sociales\u00bb","block_context":{"text":"Pronunciamientos de Organizaciones Sociales","link":"https:\/\/moir.com.co\/web\/category\/pronunciamientos-de-organizaciones-sociales\/"},"img":{"alt_text":"","src":"","width":0,"height":0},"classes":[]},{"id":980,"url":"https:\/\/moir.com.co\/web\/foro-sobre-la-crisis-de-la-salud-la-red-p__blica-hospitalaria-y-por-la-salvaci__n-del-hospital-central-de-santa-marta\/","url_meta":{"origin":624,"position":1},"title":"FORO SOBRE LA CRISIS DE LA SALUD, LA RED P__BLICA HOSPITALARIA Y POR LA SALVACI__N DEL HOSPITAL CENTRAL DE SANTA MARTA","author":"admin","date":"agosto 25, 2004","format":false,"excerpt":"Uno de los problemas m\u00e1s delicados de la poblaci\u00f3n colombiana es el de la salud y la red p\u00fablica hospitalaria ya que lesiona la existencia de millones de ni\u00f1os, j\u00f3venes, adultos y ancianos. El grave deterioro en la atenci\u00f3n de la salud y la prevenci\u00f3n de enfermedades atenta contra el\u2026","rel":"","context":"En \u00abPronunciamientos de Organizaciones Sociales\u00bb","block_context":{"text":"Pronunciamientos de Organizaciones Sociales","link":"https:\/\/moir.com.co\/web\/category\/pronunciamientos-de-organizaciones-sociales\/"},"img":{"alt_text":"","src":"","width":0,"height":0},"classes":[]},{"id":3438,"url":"https:\/\/moir.com.co\/web\/acto-de-la-campana-de-carlos-gaviria-diaz-en-la-universidad-del-magdalena-santa-marta-agosto-26-de-2009\/","url_meta":{"origin":624,"position":2},"title":"Acto de la campa\u00f1a de Carlos Gaviria D\u00edaz en la Universidad del Magdalena, Santa Marta, agosto 26 de 2009","author":"admin","date":"agosto 26, 2009","format":false,"excerpt":"","rel":"","context":"En \u00abGaler\u00edas\u00bb","block_context":{"text":"Galer\u00edas","link":"https:\/\/moir.com.co\/web\/category\/multimedia\/galerias\/"},"img":{"alt_text":"","src":"","width":0,"height":0},"classes":[]},{"id":518,"url":"https:\/\/moir.com.co\/web\/convocatoria-al-foro-sobre-las-incidencias-del-alca-en-el-salon-amarillo-de-la-alcaldia-de-santa-marta\/","url_meta":{"origin":624,"position":3},"title":"CONVOCATORIA AL FORO SOBRE LAS INCIDENCIAS DEL ALCA, EN EL SAL\u00d3N AMARILLO DE LA ALCALD\u00cdA DE SANTA MARTA","author":"admin","date":"agosto 9, 2004","format":false,"excerpt":"Salvaci\u00f3n Agropecuaria, Santa Marta, mayo 20 2003 La Asociaci\u00f3n Nacional por la Salvaci\u00f3n Agropecuaria, Seccional Magdalena, con la aquiescencia del alcalde (E) del distrito de Santa Marta, doctor Fernando Cely Santos, est\u00e1 convocando al Foro Sobre las Incidencias del \u00c1rea de Libre Comercio de las Am\u00e9ricas (ALCA) en la econom\u00eda\u2026","rel":"","context":"En \u00abPronunciamientos de Organizaciones Sociales\u00bb","block_context":{"text":"Pronunciamientos de Organizaciones Sociales","link":"https:\/\/moir.com.co\/web\/category\/pronunciamientos-de-organizaciones-sociales\/"},"img":{"alt_text":"","src":"","width":0,"height":0},"classes":[]},{"id":508,"url":"https:\/\/moir.com.co\/web\/el-comando-regional-unitario-del-magdalena-se-une-a-jornada-nacional-de-protesta-paro-nacional-y-primero-de-mayo\/","url_meta":{"origin":624,"position":4},"title":"EL COMANDO REGIONAL UNITARIO DEL MAGDALENA SE UNE A JORNADA NACIONAL DE PROTESTA, PARO NACIONAL Y PRIMERO DE MAYO","author":"admin","date":"agosto 9, 2004","format":false,"excerpt":"Comando Regional Unitario del Magdalena, Santa Marta, abril 25 de 2003 Siguiendo las orientaciones aprobadas por las centrales obreras, FECODE, Uso, sindicatos nacionales, Asociaci\u00f3n por la Salvaci\u00f3n Agropecuaria y federaciones de pensionados, el Comando Regional Unitario del Departamento del Magdalena ha decidido participar activamente en la jornada nacional de protesta\u2026","rel":"","context":"En \u00abPronunciamientos de Organizaciones Sociales\u00bb","block_context":{"text":"Pronunciamientos de Organizaciones Sociales","link":"https:\/\/moir.com.co\/web\/category\/pronunciamientos-de-organizaciones-sociales\/"},"img":{"alt_text":"","src":"","width":0,"height":0},"classes":[]},{"id":639,"url":"https:\/\/moir.com.co\/web\/masiva-movilizacion-contra-el-tlc-y-el-alca\/","url_meta":{"origin":624,"position":5},"title":"MASIVA MOVILIZACI\u00d3N CONTRA EL TLC Y EL ALCA","author":"admin","date":"agosto 11, 2004","format":false,"excerpt":"En el sitio La Frutera, situado en la estrat\u00e9gica Troncal del Caribe a un kil\u00f3metro del casco urbano de Ci\u00e9naga, Magdalena, a las ocho de la ma\u00f1ana del 15 de abril confluyeron las delegaciones de trabajadores, maestros, campesinos, estudiantes, pescadores, productores de banano, caf\u00e9, frutas y pensionados, quienes proven\u00edan de\u2026","rel":"","context":"En \u00abPronunciamientos de Organizaciones Sociales\u00bb","block_context":{"text":"Pronunciamientos de Organizaciones Sociales","link":"https:\/\/moir.com.co\/web\/category\/pronunciamientos-de-organizaciones-sociales\/"},"img":{"alt_text":"","src":"","width":0,"height":0},"classes":[]}],"jetpack_sharing_enabled":true,"_links":{"self":[{"href":"https:\/\/moir.com.co\/web\/wp-json\/wp\/v2\/posts\/624","targetHints":{"allow":["GET"]}}],"collection":[{"href":"https:\/\/moir.com.co\/web\/wp-json\/wp\/v2\/posts"}],"about":[{"href":"https:\/\/moir.com.co\/web\/wp-json\/wp\/v2\/types\/post"}],"author":[{"embeddable":true,"href":"https:\/\/moir.com.co\/web\/wp-json\/wp\/v2\/users\/1"}],"replies":[{"embeddable":true,"href":"https:\/\/moir.com.co\/web\/wp-json\/wp\/v2\/comments?post=624"}],"version-history":[{"count":0,"href":"https:\/\/moir.com.co\/web\/wp-json\/wp\/v2\/posts\/624\/revisions"}],"wp:attachment":[{"href":"https:\/\/moir.com.co\/web\/wp-json\/wp\/v2\/media?parent=624"}],"wp:term":[{"taxonomy":"category","embeddable":true,"href":"https:\/\/moir.com.co\/web\/wp-json\/wp\/v2\/categories?post=624"},{"taxonomy":"post_tag","embeddable":true,"href":"https:\/\/moir.com.co\/web\/wp-json\/wp\/v2\/tags?post=624"}],"curies":[{"name":"wp","href":"https:\/\/api.w.org\/{rel}","templated":true}]}}