{"id":623,"date":"2004-08-11T07:00:00","date_gmt":"2004-08-11T07:00:00","guid":{"rendered":"https:\/\/moir.org.co\/web\/declaracion-de-la-asamblea-de-caldas-ante-la-crisis-financiera-de-la-autopista-del-cafe\/"},"modified":"2004-08-11T07:00:00","modified_gmt":"2004-08-11T07:00:00","slug":"declaracion-de-la-asamblea-de-caldas-ante-la-crisis-financiera-de-la-autopista-del-cafe","status":"publish","type":"post","link":"https:\/\/moir.com.co\/web\/declaracion-de-la-asamblea-de-caldas-ante-la-crisis-financiera-de-la-autopista-del-cafe\/","title":{"rendered":"DECLARACI\u00d3N DE LA ASAMBLEA DE CALDAS ANTE LA CRISIS FINANCIERA DE LA  &#8220;AUTOPISTA DEL CAF\u00c9&#8221;"},"content":{"rendered":"<p>Asamblea Departamental de Caldas, Manizales, febrero 26 de 2004.<\/p>\n<p>El Gobierno Nacional debe respetar los compromisos y desistir definitivamente de instalar un peaje en la Siria.<\/p>\n<p>La Asamblea Departamental de Caldas, despu\u00e9s de estudiar y analizar diversos documentos sobre la llamada Autopista del Caf\u00e9 y la propuesta del gobierno nacional de instalar un peaje en la v\u00eda de la Siria con el prop\u00f3sito de \u201cresolver el problema financiero del mejoramiento vial\u201d, declara por unanimidad lo siguiente:<\/p>\n<p>Que la Asamblea de Caldas desde hace m\u00e1s de un mes viene solicitando de manera insistente al Invias y al Ministerio del Transporte la entrega de todos los documentos que permitan aclarar el desbalance financiero, sin que ello haya sido posible.<\/p>\n<p>Que en el a\u00f1o 1998, despu\u00e9s del conflicto desarrollado en Chinchin\u00e1, el gobierno nacional se comprometi\u00f3 a levantar las casetas de peaje instaladas en La Siria y La Trinidad.<\/p>\n<p>Que posteriormente y como resultado de un proceso de negociaci\u00f3n con las comunidades y con el Gobernador de Caldas de ese entonces, el gobierno acept\u00f3 que \u201cno habr\u00eda peaje sobre la v\u00eda de La Siria, ni durante la construcci\u00f3n del mejoramiento, ni durante el tiempo de duraci\u00f3n de la concesi\u00f3n vial\u201d.<\/p>\n<p>Estos acuerdos quedaron consignados en los documentos y el contrato que permiti\u00f3 la continuaci\u00f3n de las obras. Como lo se\u00f1ala el Comit\u00e9 de la Veedur\u00eda Ciudadana de la \u201cAutopista\u201d el segundo contrato contempla la eliminaci\u00f3n del peaje de La Siria de la estructura financiera del proyecto.<\/p>\n<p>Que con los nuevos estudios de tr\u00e1fico y en las nuevas condiciones de desarrollo del proyecto, el Invias se comprometi\u00f3 a garantizar el pago por los veh\u00edculos que dejaran de transitar por las casetas de peaje de R\u00edo Barbas y Las Pavas, permitiendo de esa manera el cierre financiero y que para el mismo cierre la Alcald\u00eda de Manizales a trav\u00e9s de Infimanizales se comprometi\u00f3 a prestar veinte mil millones de pesos.<\/p>\n<p>Que el consorcio, seg\u00fan los documentos de la contralor\u00eda, no cumpli\u00f3 con los aportes para la financiaci\u00f3n del mejoramiento vial.<\/p>\n<p>Que muchas de las especificaciones t\u00e9cnicas de las v\u00edas no se cumplen como lo prueban las intersecciones viales de La Uribe y Chinchin\u00e1.<\/p>\n<p>Que a este proyecto se le colgaron obras en las \u00e1reas urbanas de Dosquebradas y Pereira que no tienen nada que ver con las comunicaciones intermunicipales e interdepartamentales, como lo son la variante sur en Pereira y la doble calzada de la avenida del ferrocarril en Dosquebradas.<\/p>\n<p>Que la distribuci\u00f3n de las estaciones de peaje es inequitativa y se recarga en nuestro departamento, aportando los caldenses el 69% de los costos de dise\u00f1o, el 80% de la construcci\u00f3n y el 59% del mantenimiento, mientras que las obras realizadas en Caldas son solamente el 32% de las inversiones seg\u00fan el contrato de 1997. Es de anotar que esta situaci\u00f3n se presenta porque en Caldas hay tres peajes mientras que en los Departamentos hermanos de Quind\u00edo y Risaralda solo hay uno.<\/p>\n<p>Que tanto para Manizales como para Chinchin\u00e1 y Palestina la existencia de un peaje en La Siria implica romper la necesaria comunicaci\u00f3n y el intercambio econ\u00f3mico y comercial de nuestros municipios. En ese sentido defendemos que a Manizales no se le aisle de su regi\u00f3n natural.<\/p>\n<p>Que hemos tomado atenta nota de las conclusiones de los documentos oficiales de la Contralor\u00eda General de la Rep\u00fablica, CGR y de la historia de los contratos de concesi\u00f3n del mejoramiento vial Manizales-Pereira-Armenia, quedando claro que la contralor\u00eda concluye que en el primer contrato \u201cla propuesta presentada no es del todo conveniente ni favorable y no cumple con la totalidad de los requisitos t\u00e9cnicos, econ\u00f3micos y jur\u00eddicos contemplados en los pliegos de condiciones originales\u201d y que, sobre el segundo contrato suscrito, la Contralor\u00eda se\u00f1ala que, \u201cNo existe claridad en el objeto del contrato\u201d, \u201clas cl\u00e1usulas no son precisas en su alcance\u201d lo que le permite al concesionario \u201cresolver a su favor las discrepancias y diferencias que puedan presentarse\u201d, \u201cimpide realizar un seguimiento preciso del desarrollo del proyecto\u201d, el \u201cconcesionario no cumpli\u00f3 con los diferentes plazos para el cierre financiero\u201d, \u201cde manera parcial ha cumplido con el mantenimiento de las v\u00edas del proyecto\u201d, y otra serie de hechos que permiten concluir el incumplimiento del concesionario de los t\u00e9rminos pactados en los contratos y la largueza del Invias en la aplicaci\u00f3n de los correctivos.<\/p>\n<p>Ante esta realidad la Asamblea Departamental de Caldas al igual que el Comit\u00e9 Intergremial de Caldas, la Veedur\u00eda Ciudadana de la Autopista, la Central Unitaria de Trabajadores CUT, el Comit\u00e9 Antipeajes de Chinchin\u00e1, los Alcaldes de Chinchin\u00e1 y Palestina, sus Concejos Municipales, el Comit\u00e9 de Cafeteros, varios de los Senadores y Representantes de Caldas, han expresado que el gobierno nacional debe respetar los compromisos adquiridos y desistir en su empe\u00f1o de instalar caseta de peaje sobre la v\u00eda de La Siria y debe buscar con el consorcio y con el Invias otros mecanismos y soluciones que permitan la conclusi\u00f3n de las obras, tal y como lo desea esta Corporaci\u00f3n y todos los Caldenses.<\/p>\n<p>Finalmente, queremos resaltar la unidad que en defensa del inter\u00e9s regional han mostrado los Caldenses y colocar este hecho como ejemplo de que, alejados de posiciones sectarias y dogm\u00e1ticas, podemos trabajar por el bienestar y defensa de nuestros ciudadanos.<\/p>\n<p>Asamblea Departamental de Caldas<\/p>\n","protected":false},"excerpt":{"rendered":"<p>Asamblea Departamental de Caldas, Manizales, febrero 26 de 2004. El Gobierno Nacional debe respetar los compromisos y desistir definitivamente de instalar un peaje en la Siria. La Asamblea Departamental de Caldas, despu\u00e9s de estudiar y analizar diversos documentos sobre la llamada Autopista del Caf\u00e9 y la propuesta del gobierno nacional de instalar un peaje en [&hellip;]<\/p>\n","protected":false},"author":1,"featured_media":0,"comment_status":"open","ping_status":"open","sticky":false,"template":"","format":"standard","meta":{"advanced_seo_description":"","jetpack_seo_html_title":"","jetpack_seo_noindex":false,"_jetpack_memberships_contains_paid_content":false,"footnotes":""},"categories":[7],"tags":[],"class_list":["post-623","post","type-post","status-publish","format-standard","hentry","category-pronunciamientos-de-organizaciones-sociales"],"jetpack_featured_media_url":"","jetpack-related-posts":[{"id":1716,"url":"https:\/\/moir.com.co\/web\/declaracion-de-la-asamblea-de-caldas-ante-la-crisis-financiera-de-la-autopista-del-cafe-2\/","url_meta":{"origin":623,"position":0},"title":"DECLARACI\u00d3N DE LA ASAMBLEA DE CALDAS: ANTE LA CRISIS FINANCIERA DE LA &#8220;AUTOPISTA DEL CAF\u00c9&#8221;","author":"admin","date":"agosto 22, 2004","format":false,"excerpt":"Asamblea Departamental de Caldas, Manizales, 26 de febrero de 2004. La Asamblea Departamental de Caldas, despu\u00e9s de estudiar y analizar diversos documentos sobre la llamada Autopista del Caf\u00e9 y la propuesta del gobierno nacional de instalar un peaje en la v\u00eda de la Siria con el prop\u00f3sito de \u201cresolver el\u2026","rel":"","context":"En \u00abEL USUARIO N\u00ba8 MARZO-ABRIL 2004\u00bb","block_context":{"text":"EL USUARIO N\u00ba8 MARZO-ABRIL 2004","link":"https:\/\/moir.com.co\/web\/category\/temas\/servicios-publicos-articulos-de-actualidad\/el-usuario\/el-usuario-no8-marzo-abril-2004\/"},"img":{"alt_text":"","src":"","width":0,"height":0},"classes":[]},{"id":509,"url":"https:\/\/moir.com.co\/web\/que-se-respeten-los-acuerdos\/","url_meta":{"origin":623,"position":1},"title":"QUE SE RESPETEN LOS ACUERDOS","author":"admin","date":"agosto 9, 2004","format":false,"excerpt":"Oscar Guti\u00e9rrez Reyes, Diputado Asamblea de Caldas., Manizales, abril 24 de 2003. Informaciones aparecidas en el d\u00eda de hoy en los medios de comunicaci\u00f3n, dan cuenta de una reuni\u00f3n realizada en la Ciudad de Chinchin\u00e1, entre el Ministerio de Transporte-INVIAS, la empresa Autopistas del Caf\u00e9, los Comit\u00e9s Intergremiales del Viejo\u2026","rel":"","context":"En \u00abPronunciamientos de Organizaciones Sociales\u00bb","block_context":{"text":"Pronunciamientos de Organizaciones Sociales","link":"https:\/\/moir.com.co\/web\/category\/pronunciamientos-de-organizaciones-sociales\/"},"img":{"alt_text":"","src":"","width":0,"height":0},"classes":[]},{"id":1791,"url":"https:\/\/moir.com.co\/web\/en-caldas-tambien-florece-la-alternativa-democratica-que-reclama-colombia\/","url_meta":{"origin":623,"position":2},"title":"EN CALDAS TAMBI\u00c9N FLORECE LA ALTERNATIVA DEMOCR\u00c1TICA QUE RECLAMA COLOMBIA","author":"admin","date":"febrero 12, 2007","format":false,"excerpt":"Declaraci\u00f3n de la Asamblea Departamental del PDA, Manizales, Febrero 3 de 2007 Los delegados asistentes a la primera Asamblea Departamental del Polo Democr\u00e1tico Alternativo de Caldas, despu\u00e9s de analizar el informe de la Junta Nacional del Polo, realizada los d\u00edas 27 y 28 de enero en Bogot\u00e1, y una vez\u2026","rel":"","context":"En \u00abPolo Democr\u00e1tico Alternativo\u00bb","block_context":{"text":"Polo Democr\u00e1tico Alternativo","link":"https:\/\/moir.com.co\/web\/category\/polo-democratico-alternativo\/"},"img":{"alt_text":"","src":"","width":0,"height":0},"classes":[]},{"id":5514,"url":"https:\/\/moir.com.co\/web\/con-el-calor-de-la-resistencia-civil-y-popular-el-polo-fragua-su-fortaleza\/","url_meta":{"origin":623,"position":3},"title":"Con el calor de la resistencia civil y popular,  el Polo fragua su fortaleza","author":"admin","date":"abril 13, 2011","format":false,"excerpt":"Realizamos la VI asamblea departamental del Polo Democr\u00e1tico Alternativo de Caldas al calor de la lucha y la resistencia civil y popular de amplios sectores del pueblo caldense. La movilizaci\u00f3n social de los manizalitas para enfrentar el Transporte Integrado de Manizales TIM, las alzas exageradas en el aval\u00fao catastral y\u2026","rel":"","context":"En \u00abPolo Democr\u00e1tico Alternativo\u00bb","block_context":{"text":"Polo Democr\u00e1tico Alternativo","link":"https:\/\/moir.com.co\/web\/category\/polo-democratico-alternativo\/"},"img":{"alt_text":"","src":"","width":0,"height":0},"classes":[]},{"id":1629,"url":"https:\/\/moir.com.co\/web\/la-asamblea-de-caldas-y-el-concejo-de-manizales-tambien-se-oponen\/","url_meta":{"origin":623,"position":4},"title":"LA ASAMBLEA DE CALDAS Y EL CONCEJO DE MANIZALES TAMBI\u00c9N SE OPONEN","author":"admin","date":"agosto 11, 2004","format":false,"excerpt":"John Jairo Clavijo, Presidente de la Asamblea Departamental de Caldas. El gobierno nacional est\u00e1 atropellando los intereses de la regi\u00f3n, porque la Chec es una empresa que le ha servido muy bien a la regi\u00f3n. Considero que este es un tema que se debe manejar con inmenso cuidado para no\u2026","rel":"","context":"En \u00abServicios p\u00fablicos\u00bb","block_context":{"text":"Servicios p\u00fablicos","link":"https:\/\/moir.com.co\/web\/category\/temas\/servicios-publicos-articulos-de-actualidad\/"},"img":{"alt_text":"","src":"","width":0,"height":0},"classes":[]},{"id":4925,"url":"https:\/\/moir.com.co\/web\/multitudinaria-asamblea-de-estudiantes-rechaza-la-modificacion-de-matriculas-en-la-universidad-de-caldas\/","url_meta":{"origin":623,"position":5},"title":"Multitudinaria asamblea de estudiantes rechaza la modificaci\u00f3n de matr\u00edculas en la universidad de Caldas","author":"admin","date":"octubre 22, 2010","format":false,"excerpt":"Cerca de 2 mil estudiantes de la Universidad de Caldas, hoy mi\u00e9rcoles 15 de octubre, que abarrotaron el Teatro 8 de Junio, el cual qued\u00f3 peque\u00f1o ante la masiva afluencia de estudiantes, ratificaron su oposici\u00f3n a la modificaci\u00f3n de la tabla de matr\u00edculas propuesta por la administraci\u00f3n de la Universidad\u2026","rel":"","context":"Entrada similar","block_context":{"text":"Entrada similar","link":""},"img":{"alt_text":"","src":"","width":0,"height":0},"classes":[]}],"jetpack_sharing_enabled":true,"_links":{"self":[{"href":"https:\/\/moir.com.co\/web\/wp-json\/wp\/v2\/posts\/623","targetHints":{"allow":["GET"]}}],"collection":[{"href":"https:\/\/moir.com.co\/web\/wp-json\/wp\/v2\/posts"}],"about":[{"href":"https:\/\/moir.com.co\/web\/wp-json\/wp\/v2\/types\/post"}],"author":[{"embeddable":true,"href":"https:\/\/moir.com.co\/web\/wp-json\/wp\/v2\/users\/1"}],"replies":[{"embeddable":true,"href":"https:\/\/moir.com.co\/web\/wp-json\/wp\/v2\/comments?post=623"}],"version-history":[{"count":0,"href":"https:\/\/moir.com.co\/web\/wp-json\/wp\/v2\/posts\/623\/revisions"}],"wp:attachment":[{"href":"https:\/\/moir.com.co\/web\/wp-json\/wp\/v2\/media?parent=623"}],"wp:term":[{"taxonomy":"category","embeddable":true,"href":"https:\/\/moir.com.co\/web\/wp-json\/wp\/v2\/categories?post=623"},{"taxonomy":"post_tag","embeddable":true,"href":"https:\/\/moir.com.co\/web\/wp-json\/wp\/v2\/tags?post=623"}],"curies":[{"name":"wp","href":"https:\/\/api.w.org\/{rel}","templated":true}]}}