{"id":622,"date":"2004-08-11T07:00:00","date_gmt":"2004-08-11T07:00:00","guid":{"rendered":"https:\/\/moir.org.co\/web\/no-hacer-publicidad-oficial-con-la-desesperanza-de-las-560-000-familias-cafeteras\/"},"modified":"2004-08-11T07:00:00","modified_gmt":"2004-08-11T07:00:00","slug":"no-hacer-publicidad-oficial-con-la-desesperanza-de-las-560-000-familias-cafeteras","status":"publish","type":"post","link":"https:\/\/moir.com.co\/web\/no-hacer-publicidad-oficial-con-la-desesperanza-de-las-560-000-familias-cafeteras\/","title":{"rendered":"NO HACER PUBLICIDAD OFICIAL CON LA DESESPERANZA DE LAS 560.000 FAMILIAS CAFETERAS"},"content":{"rendered":"<p>Unidad Cafetera Nacional, febrero 22 de 2004.<\/p>\n<p>El pasado mi\u00e9rcoles 16 de febrero en una promocionada Cumbre Cafetera en la cual, seg\u00fan su promotor, Gabriel Silva, \u201cel gremio le cumpliera el mandato dado por el Presidente Uribe al \u00faltimo Congreso Cafetero\u201d; se anunci\u00f3 con \u201cbombos y platillos\u201d una inversi\u00f3n social en la zona cafetera por $170.000 millones.<\/p>\n<p>Sin lugar a dudas los titulares de la noticia persegu\u00edan mayor impacto publicitario en pro del gobierno que el que esos recursos tendr\u00e1n para paliar la tr\u00e1gica crisis econ\u00f3mica y social que campea en las zonas cultivadoras desde hace ya m\u00e1s de una d\u00e9cada. Al descomponer las cifras entre las distintas entidades que aportan los recursos acopiados, la cual pretende adem\u00e1s aprovechar la \u201ccapacidad subutilizada\u201d de las instituciones, es f\u00e1cil percatarse del \u201cembuchado\u201d.<\/p>\n<p>De los $ 170.000 millones anunciados, $ 31. 349 millones los colocar\u00e1n el Fondo del Caf\u00e9 y los Comit\u00e9s Departamentales, o sea los mismos caficultores, y $ 46.780 vendr\u00e1n de cooperaci\u00f3n internacional, con lo cual lo que, de verdad, pondr\u00e1n el Gobierno Nacional y los departamentos apenas alcanza a cerca de $92.000 millones. Vale resaltar que de esa suma hoy s\u00f3lo est\u00e1 comprometido un porcentaje exiguo.<\/p>\n<p>Si lo correspondiente a los entes oficiales se divide por 560.000 familias cultivadoras, s\u00f3lo alcanza a un aporte de $165.000 por cada una de ellas. Si esa cifra se compara con lo que los cafeteros contribuir\u00e1n para las instituciones y el saneamiento del Fondo del Caf\u00e9, 5,5 centavos de d\u00f3lar por libre exportada, lo cual valdr\u00e1 m\u00e1s de 65 millones de d\u00f3lares en 2004, la celebrada \u201cayuda oficial\u201d resulta ser casi menos de la mitad del esfuerzo de los productores para la verdadera viabilidad de la industria.<\/p>\n<p>Finalmente, debe recordarse que el mejor apoyo al caficultor, si se quiere sinceramente recuperar su ingreso, es la fijaci\u00f3n de un precio interno rentable y remunerativo, manteniendo en toda circunstancia el subsidio de $30.000 por carga, condonarle sus deudas y apuntalar sus actividades productivas principales. Tampoco ha de olvidarse que contrario a las \u201ccampanas al vuelo\u201d que se echan a tocar por tan p\u00edrricas gabelas, los caficultores en la \u00faltima d\u00e9cada entregaron silenciosamente en promedio por a\u00f1o m\u00e1s de $110.000 millones para obras p\u00fablicas en la zona cafetera, una cantidad muy superior, en pesos reales, a la que hoy se pretende presentar como d\u00e1diva extraordinaria.<\/p>\n<p>AURELIO SU\u00c1REZ MONTOYA<br \/>\nPresidente Nacional<\/p>\n","protected":false},"excerpt":{"rendered":"<p>Unidad Cafetera Nacional, febrero 22 de 2004. El pasado mi\u00e9rcoles 16 de febrero en una promocionada Cumbre Cafetera en la cual, seg\u00fan su promotor, Gabriel Silva, \u201cel gremio le cumpliera el mandato dado por el Presidente Uribe al \u00faltimo Congreso Cafetero\u201d; se anunci\u00f3 con \u201cbombos y platillos\u201d una inversi\u00f3n social en la zona cafetera por [&hellip;]<\/p>\n","protected":false},"author":1,"featured_media":0,"comment_status":"open","ping_status":"open","sticky":false,"template":"","format":"standard","meta":{"advanced_seo_description":"","jetpack_seo_html_title":"","jetpack_seo_noindex":false,"_jetpack_memberships_contains_paid_content":false,"footnotes":""},"categories":[7],"tags":[],"class_list":["post-622","post","type-post","status-publish","format-standard","hentry","category-pronunciamientos-de-organizaciones-sociales"],"jetpack_featured_media_url":"","jetpack-related-posts":[{"id":7289,"url":"https:\/\/moir.com.co\/web\/la-justeza-del-paro-cafetero-del-25-de-febrero\/","url_meta":{"origin":622,"position":0},"title":"La Justeza del Paro Cafetero del 25 de Febrero","author":"admin","date":"febrero 24, 2013","format":false,"excerpt":"El pr\u00f3ximo 25 de febrero miles de cafeteros se expresaran de nuevo en poblaciones y carreteras del pa\u00eds ante el abandono al que los tiene sometidos el gobierno nacional. La nueva protesta es una m\u00e1s, en la carrera iniciada desde el a\u00f1o pasado, con la masiva movilizaci\u00f3n a Manizales, para\u2026","rel":"","context":"En \u00abTemas\u00bb","block_context":{"text":"Temas","link":"https:\/\/moir.com.co\/web\/category\/temas\/"},"img":{"alt_text":"","src":"","width":0,"height":0},"classes":[]},{"id":7262,"url":"https:\/\/moir.com.co\/web\/el-25-de-febrero-paro-civico-cafetero-nacional\/","url_meta":{"origin":622,"position":1},"title":"El 25 de febrero, Paro C\u00edvico Cafetero Nacional","author":"admin","date":"febrero 17, 2013","format":false,"excerpt":"Hace un a\u00f1o se reunieron en Pereira, dirigentes cafeteros de Antioquia, Caldas, Risaralda, Quind\u00edo y Valle del Cauca, a analizar la situaci\u00f3n cafetera y decidieron convocar a un encuentro nacional en Riosucio (Caldas), que se realiz\u00f3 con 700 dirigentes de la mayor\u00eda de las zonas cafeteras del pa\u00eds. All\u00ed se\u2026","rel":"","context":"En \u00abTemas\u00bb","block_context":{"text":"Temas","link":"https:\/\/moir.com.co\/web\/category\/temas\/"},"img":{"alt_text":"","src":"","width":0,"height":0},"classes":[]},{"id":7206,"url":"https:\/\/moir.com.co\/web\/continua-la-rebeldia-cafetera-apoyemos-el-paro-civico-cafetero-nacional\/","url_meta":{"origin":622,"position":2},"title":"Contin\u00faa la rebeld\u00eda cafetera: Apoyemos el Paro C\u00edvico Cafetero Nacional","author":"admin","date":"enero 31, 2013","format":false,"excerpt":"En febrero de 2012, dirigentes cafeteros de seis departamentos se reunieron en Pereira para analizar la propuesta que, por esos d\u00edas, hac\u00edan el Gobierno Nacional y la Federaci\u00f3n de Cafeteros, consistente en aumentar la llamada contribuci\u00f3n cafetera, de 6 a 12 centavos de d\u00f3lar. Despu\u00e9s de analizar la grave situaci\u00f3n\u2026","rel":"","context":"En \u00abPronunciamientos de Organizaciones Sociales\u00bb","block_context":{"text":"Pronunciamientos de Organizaciones Sociales","link":"https:\/\/moir.com.co\/web\/category\/pronunciamientos-de-organizaciones-sociales\/"},"img":{"alt_text":"","src":"","width":0,"height":0},"classes":[]},{"id":7314,"url":"https:\/\/moir.com.co\/web\/reclame-respalda-el-paro-cafetero\/","url_meta":{"origin":622,"position":3},"title":"Reclame respalda el paro cafetero","author":"admin","date":"marzo 1, 2013","format":false,"excerpt":"Como si los cafeteros no tuvieran suficiente con el abandono estatal y la incompetencia del gremio que dice representarlos, adem\u00e1s los amenaza tambi\u00e9n la gran miner\u00eda transnacional. Numerosos proyectos, que abarcan t\u00edtulos mineros en m\u00e1s del 46% del paisaje cafetero, y la intimidante presencia de compa\u00f1\u00edas extranjeras con sus ojos\u2026","rel":"","context":"En \u00abPronunciamientos de Organizaciones Sociales\u00bb","block_context":{"text":"Pronunciamientos de Organizaciones Sociales","link":"https:\/\/moir.com.co\/web\/category\/pronunciamientos-de-organizaciones-sociales\/"},"img":{"alt_text":"","src":"","width":0,"height":0},"classes":[]},{"id":19785,"url":"https:\/\/moir.com.co\/web\/declaracion-enfatico-rechazo-a-la-decision-barbara-de-fumigar-las-zonas-cafeteras\/","url_meta":{"origin":622,"position":4},"title":"Declaraci\u00f3n: ENF\u00c1TICO RECHAZO A LA DECISI\u00d3N B\u00c1RBARA DE FUMIGAR LAS ZONAS CAFETERAS","author":"admin","date":"agosto 10, 2004","format":false,"excerpt":"Jorge Enrique Robledo Castillo, Senador de la Rep\u00fablica, Manizales, 11 de Febrero de 2003. El ministro del Interior y de Justicia, Fernando Londo\u00f1o Hoyos, confirmando lo definido por el Presidente \u00c1lvaro Uribe V\u00e9lez, ratific\u00f3 ayer en Manizales que \u201cles llover\u00e1 glifosato\u201d a los cultivos il\u00edcitos existentes en las zonas cafeteras,\u2026","rel":"","context":"En \u00abTribuna Roja N\u00ba 90, marzo 10 de 2003\u00bb","block_context":{"text":"Tribuna Roja N\u00ba 90, marzo 10 de 2003","link":"https:\/\/moir.com.co\/web\/category\/tribuna-roja\/ediciones-2000-2004\/tribuna-roja-no-90-marzo-10-de-2003\/"},"img":{"alt_text":"","src":"","width":0,"height":0},"classes":[]},{"id":7300,"url":"https:\/\/moir.com.co\/web\/la-cut-respalda-el-paro-cafetero-y-rechaza-agresiones-contra-sus-manifestantes\/","url_meta":{"origin":622,"position":5},"title":"La CUT respalda el paro cafetero y rechaza agresiones contra sus manifestantes","author":"admin","date":"febrero 26, 2013","format":false,"excerpt":"La negligente e indolente pol\u00edtica del Gobierno del presidente Santos y la Federaci\u00f3n Nacional de Cafeteros, de no atender con resultados objetivos el Pliego de Peticiones aprobado y presentado desde hace un a\u00f1o a trav\u00e9s del Movimiento Nacional por la Defensa y la Dignidad Cafetera, el cual contiene solo 8\u2026","rel":"","context":"En \u00abPronunciamientos de Organizaciones Sociales\u00bb","block_context":{"text":"Pronunciamientos de Organizaciones Sociales","link":"https:\/\/moir.com.co\/web\/category\/pronunciamientos-de-organizaciones-sociales\/"},"img":{"alt_text":"","src":"","width":0,"height":0},"classes":[]}],"jetpack_sharing_enabled":true,"_links":{"self":[{"href":"https:\/\/moir.com.co\/web\/wp-json\/wp\/v2\/posts\/622","targetHints":{"allow":["GET"]}}],"collection":[{"href":"https:\/\/moir.com.co\/web\/wp-json\/wp\/v2\/posts"}],"about":[{"href":"https:\/\/moir.com.co\/web\/wp-json\/wp\/v2\/types\/post"}],"author":[{"embeddable":true,"href":"https:\/\/moir.com.co\/web\/wp-json\/wp\/v2\/users\/1"}],"replies":[{"embeddable":true,"href":"https:\/\/moir.com.co\/web\/wp-json\/wp\/v2\/comments?post=622"}],"version-history":[{"count":0,"href":"https:\/\/moir.com.co\/web\/wp-json\/wp\/v2\/posts\/622\/revisions"}],"wp:attachment":[{"href":"https:\/\/moir.com.co\/web\/wp-json\/wp\/v2\/media?parent=622"}],"wp:term":[{"taxonomy":"category","embeddable":true,"href":"https:\/\/moir.com.co\/web\/wp-json\/wp\/v2\/categories?post=622"},{"taxonomy":"post_tag","embeddable":true,"href":"https:\/\/moir.com.co\/web\/wp-json\/wp\/v2\/tags?post=622"}],"curies":[{"name":"wp","href":"https:\/\/api.w.org\/{rel}","templated":true}]}}