{"id":620,"date":"2004-08-11T07:00:00","date_gmt":"2004-08-11T07:00:00","guid":{"rendered":"https:\/\/moir.org.co\/web\/la-cut-debe-liderar-la-lucha-contra-uribe-velez-y-el-imperialismo\/"},"modified":"2004-08-11T07:00:00","modified_gmt":"2004-08-11T07:00:00","slug":"la-cut-debe-liderar-la-lucha-contra-uribe-velez-y-el-imperialismo","status":"publish","type":"post","link":"https:\/\/moir.com.co\/web\/la-cut-debe-liderar-la-lucha-contra-uribe-velez-y-el-imperialismo\/","title":{"rendered":"LA CUT DEBE LIDERAR LA LUCHA CONTRA URIBE V\u00c9LEZ  Y EL IMPERIALISMO"},"content":{"rendered":"<p>Documento presentado a la Junta Nacional de la CUT, febrero 12, 13 y 14 de 2004<\/p>\n<p>Estamos ante uno de los gobiernos m\u00e1s sumisos frente a la pol\u00edtica imperialista en la historia de Colombia, tan s\u00f3lo comparable con el de los traidores comprometidos en el robo del departamento de Panam\u00e1 hace 100 a\u00f1os. Uribe V\u00e9lez se ha puesto a la cabeza de la pol\u00edtica del libre comercio, cumple un papel de quintacolumna de los Estados Unidos en las negociaciones del ALCA, conspirando contra cualquier intento de coordinaci\u00f3n o constituci\u00f3n de bloques de los dem\u00e1s pa\u00edses latinoamericanos.<\/p>\n<p>La aprobaci\u00f3n del ALCA y el Tratado Bilateral de Libre Comercio Colombia\u2013Estados Unidos significar\u00eda el m\u00e1s duro golpe propinado a la Rep\u00fablica colombiana en toda su existencia. La p\u00e9rdida del mercado interno, la quiebra de la producci\u00f3n nacional, la reducci\u00f3n del Estado a gendarme del capital multinacional, el saqueo de nuestros recursos, el desmonte del sistema judicial, la eliminaci\u00f3n de la educaci\u00f3n y la salud p\u00fablicas, la entrega al capital privado de los pocos servicios p\u00fablicos que a\u00fan quedan en manos del Estado y la desintegraci\u00f3n del territorio nacional, ser\u00e1n consecuencias inmediatas de la aplicaci\u00f3n de estos tratados de libre comercio y la consolidaci\u00f3n de la dominaci\u00f3n de Estados Unidos sobre Colombia y Am\u00e9rica Latina.<\/p>\n<p>Esta pol\u00edtica de libre comercio impulsada por Washington est\u00e1 acompa\u00f1ada por un alto componente represivo, que para el caso de Colombia se manifiesta con el Plan Colombia, el estatuto antiterrorista, la reforma pol\u00edtica, la \u201cseguridad democr\u00e1tica\u201d y, en fin, toda una serie de disposiciones de corte fascista. El gobierno est\u00e1 desmontando las cl\u00e1usulas constitucionales del Estado de Derecho, para establecer un \u201cEstado Comunitario\u201d que pretende acentuar el poder presidencial, eliminar controles judiciales a su actuaci\u00f3n, restringir la independencia de las otras ramas del poder y entregar a las comunidades y a particulares, responsabilidades del Estado como la seguridad, la justicia, los programas de asistencia social. Las acciones del gobierno est\u00e1n dentro del contexto de la \u201cguerra contra el terrorismo\u201d promovida por Estados Unidos y en cuyo nombre viola los derechos humanos, el derecho internacional humanitario, y desconoce la Resoluci\u00f3n de la Asamblea General de la ONU 57\/219 del 18 de diciembre de 2002, que exige a los gobiernos el respeto de las libertades democr\u00e1ticas y la poblaci\u00f3n civil. En el 2003 fueron asesinados 72 sindicalistas y detenidos m\u00e1s de 300 dirigentes sociales.<\/p>\n<p>Para revivir todas las medidas que se le hundieron con el rechazo popular al referendo, Uribe V\u00e9lez intenta una nueva maniobra convocando a un Acuerdo Pol\u00edtico Nacional que busca profundizar la pol\u00edtica neoliberal de desmonte de las obligaciones sociales del Estado, eliminar las pensiones, ahondar en la pol\u00edtica fiscal de aumento de la tributaci\u00f3n, recortar las transferencias territoriales para salud y educaci\u00f3n y, en fin, aplicar a cabalidad el recetario del Fondo Monetario Internacional. Los trabajadores deben rechazar este nuevo intento de golpear los intereses populares y aumentar la denuncia contra quien, adem\u00e1s, pretende su reelecci\u00f3n rompiendo reglas de juego vigentes.<\/p>\n<p>En las elecciones regionales del 26 de octubre Uribe recibi\u00f3 otra contundente derrota: sus candidatos se hundieron e importantes cargos fueron alcanzados por sectores pol\u00edticos distintos al uribismo. Estos candidatos triunfantes recibieron diversos grados de acompa\u00f1amiento del movimiento sindical y democr\u00e1tico del pa\u00eds. La CUT y el movimiento sindical deben mantener su autonom\u00eda e independencia frente a dichos gobiernos y tener como referente para su conducta el respeto a los derechos de los trabajadores, la defensa del patrimonio p\u00fablico, el bienestar de la poblaci\u00f3n y el rechazo a las pol\u00edticas de libre comercio. No es conveniente el llamamiento a la concertaci\u00f3n que contemporiza con la rebaja de los derechos y la estabilidad laboral, o un colaboracionismo que est\u00e1 llevando a cohonestar con la creaci\u00f3n de nuevos impuestos y la aprobaci\u00f3n de descuentos salariales para fortalecer los programas de dichos gobiernos, hasta la promoci\u00f3n del contratismo sindical. Dentro de este contexto es censurable el traslado horizontal de los cargos de direcci\u00f3n sindical a los puestos de gobierno, como lo practican de tiempo atr\u00e1s los representantes del sindicalismo socio-pol\u00edtico.<\/p>\n<p>A la ofensiva neoliberal corresponde la m\u00e1s amplia y organizada respuesta de los trabajadores y la poblaci\u00f3n. La lucha exitosa contra el referendo prob\u00f3 que es posible derrotar tales pol\u00edticas, que el liderazgo de las Centrales Obreras es decisivo en dichos llamamientos y que amplios sectores de poblaci\u00f3n est\u00e1n prestos a responder las convocatorias para defender su bienestar, la producci\u00f3n del pa\u00eds, los derechos y libertades democr\u00e1ticas y la soberan\u00eda nacional. La CUT tiene suficiente poder de convocatoria y capacidad para coordinar las protestas que se requieren con af\u00e1n. M\u00faltiples son los problemas que podemos abanderar: los de servicios p\u00fablicos domiciliarios, salud y educaci\u00f3n p\u00fablicas, defensa del mercado y la producci\u00f3n nacionales, recursos naturales, patrimonio p\u00fablico, libertades ciudadanas, derechos humanos, soluci\u00f3n pol\u00edtica negociada al conflicto armado, intercambio humanitario y la expoliadora e impagable deuda externa, entre otros. Son innumerables las reivindicaciones y dolencias del pueblo que, agitadas por los sectores m\u00e1s avanzados de la sociedad, pueden motivar levantamientos similares a los recientes de Bolivia, Ecuador, Per\u00fa y M\u00e9xico.<\/p>\n<p>La Junta Directiva Nacional de la CUT debe reafirmar la prioridad de la lucha contra las pol\u00edticas del gobierno de Uribe V\u00e9lez y contra las imposiciones imperialistas del ALCA y TLC, Plan Colombia, las agresiones a Irak, Ir\u00e1n, Afganist\u00e1n, Corea, Palestina, Cuba, etc., debe promover para tal prop\u00f3sito el fortalecimiento de la Gran Coalici\u00f3n Democr\u00e1tica, el Comando Nacional Unitario y todos los procesos de coordinaci\u00f3n y aglutinamiento de fuerzas democr\u00e1ticas, patri\u00f3ticas y progresistas, como la recientemente creada Alternativa Democr\u00e1tica<\/p>\n<p>EL FORTALECIMIENTO DE LA CENTRAL<\/p>\n<p>Es un hecho que los trece a\u00f1os de pol\u00edtica aperturista han debilitado enormemente el movimiento sindical. La flexibilizaci\u00f3n laboral ha sustra\u00eddo miles de afiliados de las organizaciones sindicales, y otros miles perdieron sus empleos con el cierre de empresas industriales y la quiebra de la producci\u00f3n agroindustrial; igual da\u00f1o han causado el achicamiento del Estado y la \u201cmodernizaci\u00f3n\u201d del sector servicios, trabajadores que han sido lanzados al rebusque o revinculados a trav\u00e9s de formas oprobiosas de contrataci\u00f3n como agencias de empleo temporal, cooperativas de trabajo asociado, OPS, firmas contratistas, contratos sindicales, contratos civiles, empresas familiares y maquilas. La preocupaci\u00f3n de la CUT debe dirigirse a lograr su crecimiento con base en estos trabajadores v\u00edctimas de la desregulaci\u00f3n. Somos una organizaci\u00f3n de clase y en consecuencia son los asalariados de la ciudad y del campo quienes deben constituir la base de la Central. El modelo neoliberal y el fascismo de los gobiernos conspiran contra nuestro prop\u00f3sito organizativo y alientan salidas nocivas como las cooperativas de trabajo asociado, el contrato sindical, la doble afiliaci\u00f3n, la convivencia de varios sindicatos, todas conducentes a la dispersi\u00f3n y liquidaci\u00f3n del movimiento sindical.<\/p>\n<p>El movimiento obrero ha estado sometido a una sistem\u00e1tica campa\u00f1a ideol\u00f3gica y pol\u00edtica en contra de las posiciones consecuentes, campa\u00f1a que pretende imponer conceptos como la inevitabilidad de la globalizaci\u00f3n, el fracaso del socialismo, la caducidad de la soberan\u00eda nacional y otras tesis que provocan gran da\u00f1o en el estado de \u00e1nimo de dirigentes y trabajadores. Estas tendencias que pierden el enfoque clasista, han incidido negativamente en la concreci\u00f3n de la defensa de las organizaciones sindicales y la contrataci\u00f3n colectiva, alientan el individualismo y el esquirolaje, y niegan la posibilidad de desarrollar el sindicalismo por ramas econ\u00f3micas.<\/p>\n<p>Las direcciones sindicales debemos persistir en la organizaci\u00f3n de los trabajadores, levantar la bandera por los derechos de asociaci\u00f3n, negociaci\u00f3n y huelga, desplegar una ofensiva de denuncia internacional de la nefasta y regresiva legislaci\u00f3n laboral colombiana. Y en el pa\u00eds, hacer la m\u00e1s grande campa\u00f1a de afiliaci\u00f3n de todos estos asalariados. Se desnaturaliza la organizaci\u00f3n de clase de los trabajadores al proponer la afiliaci\u00f3n a la Central de pensionados, peque\u00f1os empresarios, dirigentes c\u00edvicos, padres de familia, buscando el ahogado r\u00edo arriba y pretendiendo que en los sindicatos quepamos patronos y trabajadores o que los sindicatos sean entes empresariales u organizaciones cooperativas y no herramientas para la defensa de intereses de clase concretos como son las de los asalariados<\/p>\n<p>La CUT debe entonces concretar una pol\u00edtica de fortalecimiento org\u00e1nico y de unidad sindical acorde con el per\u00edodo, que podr\u00eda resumirse con la siguiente propuesta:<\/p>\n<p>Permanencia y funcionalidad del Comando Nacional Unitario, del Comando Nacional Estatal y los Comandos Unitarios Departamentales.<\/p>\n<p>Avanzar en el proceso de unidad con la CTC.<\/p>\n<p>Reuniones y seguimiento a los procesos de concreci\u00f3n del sindicalismo de industria o rama de actividad econ\u00f3mica.<\/p>\n<p>Campa\u00f1a de denuncia nacional e internacional sobre la negaci\u00f3n de los derechos de asociaci\u00f3n, negociaci\u00f3n y huelga. Proponer un proyecto de ley muy concreto y preciso para agitar y movilizar a los trabajadores sobre el asunto.<\/p>\n<p>Desarrollar una campa\u00f1a de afiliaci\u00f3n de los trabajadores que se encuentran vinculados mediante formas desregularizadas de contrataci\u00f3n laboral y movilizarnos para recobrar sus derechos.<\/p>\n<p>Impulsar encuentros regionales amplios con todos los afectados por el gobierno uribista, para confluir en un Gran Encuentro Nacional de los sectores en conflicto, tal como est\u00e1 ya aprobado por la CUT. La Gran Coalici\u00f3n Democr\u00e1tica debe ser la gran propiciadora y centralizadora de esta tarea.<\/p>\n<p>FUNCIONAMIENTO DEMOCR\u00c1TICO DE LA CUT<\/p>\n<p>La CUT debe apegarse a las reglas de la democracia sindical, no puede mantener el tratamiento antidemocr\u00e1tico y discriminatorio que prospera actualmente. La decisi\u00f3n de las pol\u00edticas centrales de la CUT debe ser objeto de discusi\u00f3n y votaci\u00f3n en el Comit\u00e9 Ejecutivo y la Junta Directiva Nacional; las representaciones y delegaciones de la Central ante patronos, gobierno y eventos de cualquier tipo, deben someterse a igual procedimiento.<\/p>\n<p>Hoy, las posibilidades de desplazamiento a las seccionales de la CUT y de los sindicatos es casi exclusiva del sector mayoritario; las delegaciones a eventos nacionales e internacionales las decide el mismo sector. Las garant\u00edas para el funcionamiento de los ejecutivos deben ser equitativas y no discriminatorias.<\/p>\n<p>Las pol\u00edticas de la CUT, la administraci\u00f3n de sus recursos, los nombramientos de comisiones, deben ser manejadas de manera democr\u00e1tica. La exclusi\u00f3n y el sectarismo debilitan el prop\u00f3sito com\u00fan que tenemos de fortalecer la Central e impulsar la resistencia contra los gobiernos de turno y el imperialismo.<\/p>\n<p>DOCUMENTO PRESENTADO EN LA REUNI\u00d3N DE JUNTA DIRECTIVA NACIONAL DE LA CUT, CELEBRADA EN BOGOT\u00c1 DURANTE LOS D\u00cdAS 12, 13 Y 14 DE FEBRERO DE 2004, POR:<\/p>\n<p>Miembros del Comit\u00e9 Ejecutivo Nacional:<\/p>\n<p>Miguel Antonio Caro, Alfonso Vel\u00e1squez, Alberto Vanegas, Tarsicio Rivera, Domingo Tovar, Wilson Arias, Di\u00f3genes Orjuela, \u00c1lvaro Morales, Gustavo Triana<\/p>\n<p>Presidentes Seccionales CUT:<\/p>\n<p>Antonio Garc\u00eda, presidente CUT Atl\u00e1ntico, Samuel Morales, presidente CUT Arauca, Luis Alberto Mendoza, presidente CUT Bol\u00edvar, Abraham Medina, presidente CUT Caquet\u00e1, Robinson Olivares, presidente CUT Cesar, Tulio \u00c1lvarez, presidente CUT Sucre, David Fl\u00f3rez, presidente CUT Santander, Otoniel Ram\u00edrez, presidente CUT Valle, Jos\u00e9 Vicente Villada Carvajal, presidente CUT Risaralda, Pedro Var\u00f3n, presidente CUT Tolima, Mario de J. Casta\u00f1eda, presidente CUT Huila, Jaime Burbano, presidente CUT Cauca,Herman Julio Mosquera, presidente CUT Choc\u00f3, Oscar Dar\u00edo Orozco, presidente CUT Caldas<\/p>\n<p>Sindicatos y organizaciones nacionales.<\/p>\n<p>Gabriel Alviz, presidente USO, Roberto Chamucero, presidente Fenaltrase, Mar\u00eda Victoria Forero, presidenta Sinbienestar, Jes\u00fas Vergara, presidente Sinaltadihitexco, Claudia Camacho, presidenta Sinties, Alfonso M\u00e9ndez, presidente Sutimac, Iv\u00e1n C\u00e1veres, presidente (e) Funtraenerg\u00e9tica, Jorge Lerma, presidente USTC, Jairo Osorio, presidente Sintratextil, Aleyda Murillo, presidenta Sindesena, Eberto D\u00edaz, presidente Fensuagro, Rafael Tob\u00edas Pe\u00f1a, presidente Uneb, Carlos Arturo Posada, presidente Sintraemsdes, Jos\u00e9 M\u00fanera Ortega, presidente Sintraunicol.<\/p>\n<p>&#8230;. siguen m\u00e1s firmas de delegados a la Junta Directiva Nacional<\/p>\n","protected":false},"excerpt":{"rendered":"<p>Documento presentado a la Junta Nacional de la CUT, febrero 12, 13 y 14 de 2004 Estamos ante uno de los gobiernos m\u00e1s sumisos frente a la pol\u00edtica imperialista en la historia de Colombia, tan s\u00f3lo comparable con el de los traidores comprometidos en el robo del departamento de Panam\u00e1 hace 100 a\u00f1os. Uribe V\u00e9lez [&hellip;]<\/p>\n","protected":false},"author":1,"featured_media":0,"comment_status":"open","ping_status":"open","sticky":false,"template":"","format":"standard","meta":{"advanced_seo_description":"","jetpack_seo_html_title":"","jetpack_seo_noindex":false,"_jetpack_memberships_contains_paid_content":false,"footnotes":""},"categories":[7],"tags":[],"class_list":["post-620","post","type-post","status-publish","format-standard","hentry","category-pronunciamientos-de-organizaciones-sociales"],"jetpack_featured_media_url":"","jetpack-related-posts":[{"id":471,"url":"https:\/\/moir.com.co\/web\/la-cut-debe-encabezar-la-lucha-contra-el-gobierno-de-uribe-y-contra-el-imperialismo\/","url_meta":{"origin":620,"position":0},"title":"LA CUT DEBE ENCABEZAR LA LUCHA CONTRA EL GOBIERNO DE URIBE Y CONTRA EL IMPERIALISMO","author":"admin","date":"agosto 9, 2004","format":false,"excerpt":"Central Unitaria de Trabajadores -CUT-, Bogot\u00e1, D.C., enero 31 de 2003 La agresi\u00f3n del gobierno de los Estados Unidos contra los pueblos del mundo, es propia de la potencia econ\u00f3mica y militar m\u00e1s poderosa del planeta. Con la imposici\u00f3n de las pol\u00edticas neoliberales y de globalizaci\u00f3n, saquea los recursos naturales\u2026","rel":"","context":"En \u00abPronunciamientos de Organizaciones Sociales\u00bb","block_context":{"text":"Pronunciamientos de Organizaciones Sociales","link":"https:\/\/moir.com.co\/web\/category\/pronunciamientos-de-organizaciones-sociales\/"},"img":{"alt_text":"","src":"","width":0,"height":0},"classes":[]},{"id":657,"url":"https:\/\/moir.com.co\/web\/alca-y-tlc-en-la-picota-publica\/","url_meta":{"origin":620,"position":1},"title":"\u00a1ALCA Y TLC EN LA PICOTA P\u00daBLICA!","author":"admin","date":"agosto 11, 2004","format":false,"excerpt":"Comando Regional Unitario del Magdalena, Santa Marta, mayo 28 de 2004 Las movilizaciones realizadas el pasado 18 de mayo en todo el pa\u00eds contra el ALCA y el tratado de libre comercio con Estados Unidos han tenido importantes repercusiones y ense\u00f1anzas. Dos posiciones antag\u00f3nicas han quedado expuestas a la luz\u2026","rel":"","context":"En \u00abPronunciamientos de Organizaciones Sociales\u00bb","block_context":{"text":"Pronunciamientos de Organizaciones Sociales","link":"https:\/\/moir.com.co\/web\/category\/pronunciamientos-de-organizaciones-sociales\/"},"img":{"alt_text":"","src":"","width":0,"height":0},"classes":[]},{"id":19779,"url":"https:\/\/moir.com.co\/web\/la-cut-debe-encabezar-la-lucha-contra-el-gobierno-de-uribe-y-contra-el-imperialismo-2\/","url_meta":{"origin":620,"position":2},"title":"LA CUT DEBE ENCABEZAR LA LUCHA CONTRA EL GOBIERNO DE URIBE Y CONTRA EL IMPERIALISMO","author":"admin","date":"agosto 10, 2004","format":false,"excerpt":"(Declaraci\u00f3n del Frente Democr\u00e1tico Antiimperialista del movimiento sindical colombiano, presentada en la Junta Nacional de la Central Unitaria de Trabajadores, CUT, enero 30 y 31 de 2003) La agresi\u00f3n del gobierno de los Estados Unidos contra los pueblos del mundo, es propia de la potencia econ\u00f3mica y militar m\u00e1s poderosa\u2026","rel":"","context":"En \u00abTribuna Roja N\u00ba 90, marzo 10 de 2003\u00bb","block_context":{"text":"Tribuna Roja N\u00ba 90, marzo 10 de 2003","link":"https:\/\/moir.com.co\/web\/category\/tribuna-roja\/ediciones-2000-2004\/tribuna-roja-no-90-marzo-10-de-2003\/"},"img":{"alt_text":"","src":"","width":0,"height":0},"classes":[]},{"id":19764,"url":"https:\/\/moir.com.co\/web\/gran-foro-contra-el-alca-y-el-tlc-el-espejismo-del-libre-comercio-efectos-sobre-colombia-13-y-14-de-junio-de-2003\/","url_meta":{"origin":620,"position":3},"title":"GRAN FORO CONTRA EL ALCA Y EL TLC. EL ESPEJISMO DEL LIBRE COMERCIO. EFECTOS SOBRE COLOMBIA. 13 Y 14 DE JUNIO DE 2003.","author":"admin","date":"agosto 9, 2004","format":false,"excerpt":"El Foro busca congregar un n\u00famero importante de dirigentes de diferentes sectores sociales, acad\u00e9micos, gremiales y todos aquellos interesados en debatir los peligros que significa para Colombia el acuerdo del \u00c1rea de Libre Comercio de las Am\u00e9ricas y un tratado bilateral de comercio con Estados Unidos. Algunas de las intervenciones\u2026","rel":"","context":"En \u00abTribuna Roja N\u00ba 91, mayo20 de 2003\u00bb","block_context":{"text":"Tribuna Roja N\u00ba 91, mayo20 de 2003","link":"https:\/\/moir.com.co\/web\/category\/tribuna-roja\/ediciones-2000-2004\/tribuna-roja-no-91-mayo20-de-2003\/"},"img":{"alt_text":"","src":"","width":0,"height":0},"classes":[]},{"id":2594,"url":"https:\/\/moir.com.co\/web\/carta-de-respuesta-de-la-cut-a-las-propuestas-del-periodista-leon-valencia-sobre-el-tlc\/","url_meta":{"origin":620,"position":4},"title":"CARTA DE  RESPUESTA DE LA CUT A LAS PROPUESTAS DEL PERIODISTA LE\u00d3N VALENCIA SOBRE EL TLC","author":"admin","date":"noviembre 19, 2008","format":false,"excerpt":"Central Unitaria de Trabajadores, CUT, Bogot\u00e1, noviembre 18 de 2008 Doctor: Andr\u00e9s Mompotes Jefe de Redacci\u00f3n Diario \u201cEl Tiempo\u201d E.S.D. Asunto: Derecho a r\u00e9plica columna \u201cCarta a los presidentes de las Centrales Obreras\u201d del s\u00e1bado 15 de noviembre escrita por Le\u00f3n Valencia Respetado Doctor: Las Centrales Obreras tenemos plena convicci\u00f3n,\u2026","rel":"","context":"En \u00abPronunciamientos de Organizaciones Sociales\u00bb","block_context":{"text":"Pronunciamientos de Organizaciones Sociales","link":"https:\/\/moir.com.co\/web\/category\/pronunciamientos-de-organizaciones-sociales\/"},"img":{"alt_text":"","src":"","width":0,"height":0},"classes":[]},{"id":3627,"url":"https:\/\/moir.com.co\/web\/acuerdos-con-gobiernos-que-violan-los-derechos-humanos-son-inaceptables\/","url_meta":{"origin":620,"position":5},"title":"Acuerdos con gobiernos que violan los derechos humanos son inaceptables","author":"admin","date":"octubre 9, 2009","format":false,"excerpt":"En el d\u00eda de ayer el Vicepresidente de Colombia, Francisco Santos, manifest\u00f3 en Bruselas que \"los enemigos del libre comercio utilizan los derechos humanos y una visi\u00f3n manipulada de los derechos humanos para tratar de evitar el acuerdo\" entre la UE y Colombia. El funcionario expres\u00f3 que es una \u201cmanipulaci\u00f3n\u201d\u2026","rel":"","context":"En \u00ab\u00a1No a los TLC y al ALCA!\u00bb","block_context":{"text":"\u00a1No a los TLC y al ALCA!","link":"https:\/\/moir.com.co\/web\/category\/temas\/no-a-los-tlc-y-al-alca\/"},"img":{"alt_text":"","src":"","width":0,"height":0},"classes":[]}],"jetpack_sharing_enabled":true,"_links":{"self":[{"href":"https:\/\/moir.com.co\/web\/wp-json\/wp\/v2\/posts\/620","targetHints":{"allow":["GET"]}}],"collection":[{"href":"https:\/\/moir.com.co\/web\/wp-json\/wp\/v2\/posts"}],"about":[{"href":"https:\/\/moir.com.co\/web\/wp-json\/wp\/v2\/types\/post"}],"author":[{"embeddable":true,"href":"https:\/\/moir.com.co\/web\/wp-json\/wp\/v2\/users\/1"}],"replies":[{"embeddable":true,"href":"https:\/\/moir.com.co\/web\/wp-json\/wp\/v2\/comments?post=620"}],"version-history":[{"count":0,"href":"https:\/\/moir.com.co\/web\/wp-json\/wp\/v2\/posts\/620\/revisions"}],"wp:attachment":[{"href":"https:\/\/moir.com.co\/web\/wp-json\/wp\/v2\/media?parent=620"}],"wp:term":[{"taxonomy":"category","embeddable":true,"href":"https:\/\/moir.com.co\/web\/wp-json\/wp\/v2\/categories?post=620"},{"taxonomy":"post_tag","embeddable":true,"href":"https:\/\/moir.com.co\/web\/wp-json\/wp\/v2\/tags?post=620"}],"curies":[{"name":"wp","href":"https:\/\/api.w.org\/{rel}","templated":true}]}}