{"id":617,"date":"2004-08-11T07:00:00","date_gmt":"2004-08-11T07:00:00","guid":{"rendered":"https:\/\/moir.org.co\/web\/el-modelo-neoliberal-es-el-responsable-de-la-crisis\/"},"modified":"2004-08-11T07:00:00","modified_gmt":"2004-08-11T07:00:00","slug":"el-modelo-neoliberal-es-el-responsable-de-la-crisis","status":"publish","type":"post","link":"https:\/\/moir.com.co\/web\/el-modelo-neoliberal-es-el-responsable-de-la-crisis\/","title":{"rendered":"\u00a1EL MODELO NEOLIBERAL ES EL RESPONSABLE DE LA CRISIS!"},"content":{"rendered":"<p>Despu\u00e9s de m\u00e1s de trece a\u00f1os de aplicaci\u00f3n de la pol\u00edtica aperturista y neoliberal la situaci\u00f3n de la naci\u00f3n es realmente cr\u00edtica: retroceso econ\u00f3mico, deuda p\u00fablica asfixiante, privatizaciones de la educaci\u00f3n, la salud y los servicios p\u00fablicos, alto desempleo de car\u00e1cter estructural, aumento de la pobreza y la indigencia a niveles nunca vistos, insoportables cargas impositivas a la poblaci\u00f3n, etc. Los \u00fanicos que han salido gananciosos son los organismos financieros internacionales, las compa\u00f1\u00edas multinacionales y un exiguo grupillo de ap\u00e1tridas que le sirven a los intereses norteamericanos de dominaci\u00f3n. <\/p>\n<p>Transcurrido a\u00f1o y medio del gobierno de \u00c1lvaro Uribe V\u00e9lez los lineamientos aperturistas y privatizadores de sus antecesores se han continuado y acentuado. Veamos un apretado resumen. Reforma laboral contra los trabajadores; reforma tributaria en detrimento de toda la poblaci\u00f3n; reforma pensional contra los derechos de los jubilados; reforma estatal para despedir a m\u00e1s de 40 mil asalariados; liquidaci\u00f3n de Telecom, desarticulaci\u00f3n de Ecopetrol, la principal empresa oficial del pa\u00eds; cercenamiento del Seguro Social; incremento de las medidas autoritarias que atentan contra el derecho a la protesta del pueblo; inclusi\u00f3n de Colombia en el Alca o en un tratado bilateral con Estados Unidos que significar\u00edan la p\u00e9rdida del mercado interno, la destrucci\u00f3n de la producci\u00f3n nacional y  la recolonizaci\u00f3n completa de la naci\u00f3n. <\/p>\n<p>La agenda inicial de la administraci\u00f3n Uribe para el a\u00f1o 2004 encierra graves peligros.  <\/p>\n<p>1. Una reforma econ\u00f3mica para acabar con los derechos adquiridos del magisterio y otros sectores; un nuevo estatuto tributario, otro ajuste regresivo al r\u00e9gimen pensional y el recorte a las transferencias para la educaci\u00f3n y la salud p\u00fablicas.<\/p>\n<p>2. Reforma a la justicia para recortar el derecho a la tutela y proceder a despidos masivos en esta rama.<\/p>\n<p>3. Otra reforma del Estado para eliminar la precaria estabilidad en la carrera administrativa de los servidores p\u00fablicos, profundizar en el ordenamiento territorial a trav\u00e9s de la regionalizaci\u00f3n que debilita la unidad nacional y nuevas facultades para eliminar m\u00e1s entidades estatales. <\/p>\n<p>El Comando Regional Unitario del Magdalena, integrado por organizaciones sindicales, sociales y comunitarias, hace un llamado a las fuerzas vivas de la regi\u00f3n y del pa\u00eds a persistir en la justa lucha contra la intromisi\u00f3n norteamericana en nuestros asuntos internos, mantener en alto la defensa de los intereses de los trabajadores y el pueblo y de la producci\u00f3n de la ciudad y del campo, respaldar la huelga general en Ecopetrol aprobada por la USO para defender los derechos obreros y la integridad de la empresa. Y as\u00ed como derrotamos el referendo fiscalista y autoritario, podremos tambi\u00e9n derrotar el Alca, el tratado de libre comercio y las pol\u00edticas neoliberales a trav\u00e9s de la unidad de todos los patriotas en la lucha com\u00fan. <\/p>\n<p>COMANDO REGIONAL UNITARIO DEL MAGDALENA <\/p>\n<p>ANGEL MANJARRES CORREA<br \/>\nPresidente<\/p>\n<p>LAUREANO C\u00c1EZ TURIZO<br \/>\nSecretario<\/p>\n<p>Santa Marta, enero 29 de 2004 <\/p>\n","protected":false},"excerpt":{"rendered":"<p>Despu\u00e9s de m\u00e1s de trece a\u00f1os de aplicaci\u00f3n de la pol\u00edtica aperturista y neoliberal la situaci\u00f3n de la naci\u00f3n es realmente cr\u00edtica: retroceso econ\u00f3mico, deuda p\u00fablica asfixiante, privatizaciones de la educaci\u00f3n, la salud y los servicios p\u00fablicos, alto desempleo de car\u00e1cter estructural, aumento de la pobreza y la indigencia a niveles nunca vistos, insoportables cargas [&hellip;]<\/p>\n","protected":false},"author":1,"featured_media":0,"comment_status":"open","ping_status":"open","sticky":false,"template":"","format":"standard","meta":{"advanced_seo_description":"","jetpack_seo_html_title":"","jetpack_seo_noindex":false,"_jetpack_memberships_contains_paid_content":false,"footnotes":""},"categories":[7],"tags":[],"class_list":["post-617","post","type-post","status-publish","format-standard","hentry","category-pronunciamientos-de-organizaciones-sociales"],"jetpack_featured_media_url":"","jetpack-related-posts":[{"id":1672,"url":"https:\/\/moir.com.co\/web\/urge-la-organizacion\/","url_meta":{"origin":617,"position":0},"title":"URGE LA ORGANIZACI\u00d3N","author":"admin","date":"agosto 12, 2004","format":false,"excerpt":"Impedir las privatizaciones que faltan y darle reversa a las que ya se han dado, as\u00ed como poner las tarifas en precios razonables, tendr\u00e1 que ser el fruto de la organizaci\u00f3n y la lucha de los colombianos. Los despistados piensan que las pol\u00edticas neoliberales que destruyen a Colombia se modificar\u00e1n\u2026","rel":"","context":"En \u00abEL USUARIO N\u00ba4 DICIEMBRE DE 2000\u00bb","block_context":{"text":"EL USUARIO N\u00ba4 DICIEMBRE DE 2000","link":"https:\/\/moir.com.co\/web\/category\/temas\/servicios-publicos-articulos-de-actualidad\/el-usuario\/el-usuario-no4-diciembre-de-2000\/"},"img":{"alt_text":"","src":"","width":0,"height":0},"classes":[]},{"id":1583,"url":"https:\/\/moir.com.co\/web\/lo-que-oculta-la-privatizacion\/","url_meta":{"origin":617,"position":1},"title":"LO QUE OCULTA LA PRIVATIZACION","author":"admin","date":"diciembre 22, 2006","format":false,"excerpt":"El autor debate, con rigor anal\u00edtico las concepciones neoliberales que dieron sustento a las privatizaciones. Muestra cu\u00e1l es el verdadero papel del Estado, cu\u00e1les son las causas reales de la apertura y que papel juegan los organismos multilaterales de cr\u00e9dito.","rel":"","context":"Entrada similar","block_context":{"text":"Entrada similar","link":""},"img":{"alt_text":"","src":"","width":0,"height":0},"classes":[]},{"id":1647,"url":"https:\/\/moir.com.co\/web\/resistencia-o-agravamiento-del-desastre\/","url_meta":{"origin":617,"position":2},"title":"RESISTENCIA O AGRAVAMIENTO DEL DESASTRE","author":"admin","date":"agosto 12, 2004","format":false,"excerpt":"Que el neoliberalismo ha destruido y seguir\u00e1 destruyendo a Colombia, no hay duda. Ah\u00ed est\u00e1n como sus m\u00e1s crueles evidencias el peor desempleo de la historia del pa\u00eds y los menores ingresos de las gentes que se recuerde, los cuales reflejan el desmantelamiento de la industria y el agro y\u2026","rel":"","context":"Entrada similar","block_context":{"text":"Entrada similar","link":""},"img":{"alt_text":"","src":"","width":0,"height":0},"classes":[]},{"id":18323,"url":"https:\/\/moir.com.co\/web\/la-primavera-aparece-y-la-represion-crece\/","url_meta":{"origin":617,"position":3},"title":"La primavera aparece y la represi\u00f3n crece","author":"admin","date":"diciembre 5, 2019","format":false,"excerpt":"Jos\u00e9 Arlex Arias, Cartagena, diciembre 2 de 2019 Las manifestaciones de la \"Primavera \u00c1rabe\" tienen su punto de explosi\u00f3n el\u00a017 de diciembre\u00a0de\u00a02010\u00a0en la ciudad de\u00a0Sidi Bouzid, cuando un vendedor ambulante (Mohamed Bouazizi) fue despojado por la polic\u00eda de sus mercanc\u00edas y en respuesta, se inmol\u00f3 en forma de protesta. Miles\u2026","rel":"","context":"En \u00abAgro\u00bb","block_context":{"text":"Agro","link":"https:\/\/moir.com.co\/web\/category\/temas\/agro\/"},"img":{"alt_text":"","src":"https:\/\/i0.wp.com\/moir.com.co\/web\/wp-content\/uploads\/2019\/12\/Cartagenamanifestacion4D.jpg?fit=1200%2C694&ssl=1&resize=350%2C200","width":350,"height":200,"srcset":"https:\/\/i0.wp.com\/moir.com.co\/web\/wp-content\/uploads\/2019\/12\/Cartagenamanifestacion4D.jpg?fit=1200%2C694&ssl=1&resize=350%2C200 1x, https:\/\/i0.wp.com\/moir.com.co\/web\/wp-content\/uploads\/2019\/12\/Cartagenamanifestacion4D.jpg?fit=1200%2C694&ssl=1&resize=525%2C300 1.5x, https:\/\/i0.wp.com\/moir.com.co\/web\/wp-content\/uploads\/2019\/12\/Cartagenamanifestacion4D.jpg?fit=1200%2C694&ssl=1&resize=700%2C400 2x, https:\/\/i0.wp.com\/moir.com.co\/web\/wp-content\/uploads\/2019\/12\/Cartagenamanifestacion4D.jpg?fit=1200%2C694&ssl=1&resize=1050%2C600 3x"},"classes":[]},{"id":1618,"url":"https:\/\/moir.com.co\/web\/los-caldenses-por-la-no-privatizacion-de-la-chec\/","url_meta":{"origin":617,"position":4},"title":"LOS CALDENSES POR LA NO PRIVATIZACI\u00d3N DE LA CHEC","author":"admin","date":"agosto 11, 2004","format":false,"excerpt":"Tambi\u00e9n contra la venta de Isa, Isagen, Hidromiel y Miel I. Dicen No las ligas de usuarios, el sindicalismo, Anuc, Salvaci\u00f3n Agropecuaria y Unidad Cafetera. Tampoco le suena al Comit\u00e9 de Cafeteros. Se manifiestan en contra el gobernador del departamento, los candidatos a la alcald\u00eda de Manizales y los presidentes\u2026","rel":"","context":"En \u00abServicios p\u00fablicos\u00bb","block_context":{"text":"Servicios p\u00fablicos","link":"https:\/\/moir.com.co\/web\/category\/temas\/servicios-publicos-articulos-de-actualidad\/"},"img":{"alt_text":"","src":"","width":0,"height":0},"classes":[]},{"id":1648,"url":"https:\/\/moir.com.co\/web\/privatizaciones-plan-colombia-y-fondo-monetario-internacional-fmi\/","url_meta":{"origin":617,"position":5},"title":"PRIVATIZACIONES, PLAN COLOMBIA Y FONDO MONETARIO INTERNACIONAL (FMI)","author":"admin","date":"agosto 12, 2004","format":false,"excerpt":"Pa\u00eds pobre que ate su suerte a lo que disponga el Fondo Monetario Internacional (FMI) no saldr\u00e1 nunca del subdesarrollo ni podr\u00e1 garantizarle a la casi totalidad de su poblaci\u00f3n salir de la pobreza y la miseria. El Fondo Monetario Internacional (FMI) es la instituci\u00f3n financiera creada por Estados Unidos\u2026","rel":"","context":"En \u00abImperialismo y Neoliberalismo\u00bb","block_context":{"text":"Imperialismo y Neoliberalismo","link":"https:\/\/moir.com.co\/web\/category\/temas\/imperialismo-y-neoliberalismo\/"},"img":{"alt_text":"","src":"","width":0,"height":0},"classes":[]}],"jetpack_sharing_enabled":true,"_links":{"self":[{"href":"https:\/\/moir.com.co\/web\/wp-json\/wp\/v2\/posts\/617","targetHints":{"allow":["GET"]}}],"collection":[{"href":"https:\/\/moir.com.co\/web\/wp-json\/wp\/v2\/posts"}],"about":[{"href":"https:\/\/moir.com.co\/web\/wp-json\/wp\/v2\/types\/post"}],"author":[{"embeddable":true,"href":"https:\/\/moir.com.co\/web\/wp-json\/wp\/v2\/users\/1"}],"replies":[{"embeddable":true,"href":"https:\/\/moir.com.co\/web\/wp-json\/wp\/v2\/comments?post=617"}],"version-history":[{"count":0,"href":"https:\/\/moir.com.co\/web\/wp-json\/wp\/v2\/posts\/617\/revisions"}],"wp:attachment":[{"href":"https:\/\/moir.com.co\/web\/wp-json\/wp\/v2\/media?parent=617"}],"wp:term":[{"taxonomy":"category","embeddable":true,"href":"https:\/\/moir.com.co\/web\/wp-json\/wp\/v2\/categories?post=617"},{"taxonomy":"post_tag","embeddable":true,"href":"https:\/\/moir.com.co\/web\/wp-json\/wp\/v2\/tags?post=617"}],"curies":[{"name":"wp","href":"https:\/\/api.w.org\/{rel}","templated":true}]}}