{"id":616,"date":"2004-08-11T07:00:00","date_gmt":"2004-08-11T07:00:00","guid":{"rendered":"https:\/\/moir.org.co\/web\/solidaridad-con-trabajadores-de-ecopetrol\/"},"modified":"2004-08-11T07:00:00","modified_gmt":"2004-08-11T07:00:00","slug":"solidaridad-con-trabajadores-de-ecopetrol","status":"publish","type":"post","link":"https:\/\/moir.com.co\/web\/solidaridad-con-trabajadores-de-ecopetrol\/","title":{"rendered":"\u00a1SOLIDARIDAD CON TRABAJADORES DE ECOPETROL!"},"content":{"rendered":"<p>El Comando Regional Unitario de Trabajadores y Organizaciones Sociales del Magdalena expresa su rechazo categ\u00f3rico a la arremetida del gobierno nacional en contra de la empresa estatal Ecopetrol y de los derechos de los obreros agrupados en la Uni\u00f3n Sindical Obrera (USO). Todo obedece a la aplicaci\u00f3n del modelo neoliberal y su pol\u00edtica de privatizaci\u00f3n  de las empresas estatales en beneficio exclusivo de unas pocas multinacionales que saquean nuestros recursos naturales y humanos. <\/p>\n<p>Los Estados Unidos, en su estrategia de hegemon\u00eda mundial y teniendo en cuenta sus deficiencias en materia de hidrocarburos que son claves para el funcionamiento de su aparato productivo, han desatado una ofensiva a escala mundial para hacerse al control de los yacimientos de petr\u00f3leo y gas. Ah\u00ed est\u00e1 el caso pat\u00e9tico de Irak, donde el imperio m\u00e1s rapaz que ha existido en la historia de la humanidad masacr\u00f3 a la poblaci\u00f3n, viol\u00f3 la integridad territorial y la soberan\u00eda nacional de ese pa\u00eds obteniendo como respuesta una enconada resistencia que le est\u00e1 recordando al mundo el s\u00edndrome de Vietnam. En Colombia, para lograr id\u00e9nticos objetivos, tienen en la mira a la empresa Ecopetrol, patrimonio de todos los colombianos desde hace m\u00e1s de medio siglo cuando naci\u00f3 producto de una conquista directa de la lucha de la Uni\u00f3n Sindical Obrera y que ha sido clave para irrigar recursos al Estado y a las comunidades. <\/p>\n<p>El gobierno nacional expidi\u00f3 el Decreto 1760 el pasado 26 de junio por medio del cual le cercen\u00f3 a Ecopetrol sus funciones principales y le recort\u00f3 las fuentes de recursos que llevar\u00e1n a su liquidaci\u00f3n en unos pocos a\u00f1os. El otro golpe lo acaba se asestar a trav\u00e9s de un laudo arbitral proferido por un ama\u00f1ado tribunal de arbitramento con el cual se niega el derecho a la contrataci\u00f3n colectiva y se recortan derechos en materia pensional, estabilidad laboral, incremento salarial, entre otros. <\/p>\n<p>No queda otro camino que la resistencia civil a trav\u00e9s de la lucha de masas para enfrentar esta ofensiva antinacional de la Administraci\u00f3n Uribe V\u00e9lez. El Comando Regional Unitario del Magdalena hace un llamado a las fuerzas vivas de la sociedad de la Costa Atl\u00e1ntica y del pa\u00eds a cerrar filas en la defensa de la principal empresa de todos los colombianos, Ecopetrol, y a brindar la m\u00e1s amplia solidaridad a sus trabajadores que han hecho posible los frutos de la renta petrolera que pretende ser entregada a las empresas multinacionales. <\/p>\n<p>COMANDO REGIONAL UNITARIO DEL MAGDALENA<\/p>\n<p>ANGEL MANJARES CORREA<br \/>\nPresidente Cut y Comando Regional<\/p>\n<p>LAUREANO C\u00c1EZ TURIZO<br \/>\nSecretario Comando regional<\/p>\n<p>Santa Marta, diciembre 18 de 2003<\/p>\n","protected":false},"excerpt":{"rendered":"<p>El Comando Regional Unitario de Trabajadores y Organizaciones Sociales del Magdalena expresa su rechazo categ\u00f3rico a la arremetida del gobierno nacional en contra de la empresa estatal Ecopetrol y de los derechos de los obreros agrupados en la Uni\u00f3n Sindical Obrera (USO). Todo obedece a la aplicaci\u00f3n del modelo neoliberal y su pol\u00edtica de privatizaci\u00f3n [&hellip;]<\/p>\n","protected":false},"author":1,"featured_media":0,"comment_status":"open","ping_status":"open","sticky":false,"template":"","format":"standard","meta":{"advanced_seo_description":"","jetpack_seo_html_title":"","jetpack_seo_noindex":false,"_jetpack_memberships_contains_paid_content":false,"footnotes":""},"categories":[7],"tags":[],"class_list":["post-616","post","type-post","status-publish","format-standard","hentry","category-pronunciamientos-de-organizaciones-sociales"],"jetpack_featured_media_url":"","jetpack-related-posts":[{"id":1556,"url":"https:\/\/moir.com.co\/web\/ecopetrol-es-de-los-colombianos-no-permitamos-su-privatizacion\/","url_meta":{"origin":616,"position":0},"title":"ECOPETROL ES DE LOS COLOMBIANOS NO PERMITAMOS SU PRIVATIZACI\u00d3N","author":"admin","date":"noviembre 8, 2006","format":false,"excerpt":"Bogot\u00e1, noviembre 8 de 2006 ECOPETROL, desde su fundaci\u00f3n hace 55 a\u00f1os, ha sido la empresa estatal que m\u00e1s le ha aportado al desarrollo del pa\u00eds. Anualmente le transfiere al presupuesto de la Naci\u00f3n 7.3 billones de pesos que contribuyen a los planes de salud, educaci\u00f3n y seguridad social evitando\u2026","rel":"","context":"En \u00abPronunciamientos de Organizaciones Sociales\u00bb","block_context":{"text":"Pronunciamientos de Organizaciones Sociales","link":"https:\/\/moir.com.co\/web\/category\/pronunciamientos-de-organizaciones-sociales\/"},"img":{"alt_text":"","src":"","width":0,"height":0},"classes":[]},{"id":6625,"url":"https:\/\/moir.com.co\/web\/atras-el-desmembramiento-de-ecopetrol-y-la-tercerizacion-laboral\/","url_meta":{"origin":616,"position":1},"title":"Atr\u00e1s el desmembramiento de Ecopetrol  y la tercerizaci\u00f3n laboral","author":"admin","date":"junio 23, 2012","format":false,"excerpt":"Ecopetrol ha sido desde su creaci\u00f3n en 1951 motor del desarrollo Nacional y la primera Empresa del Pa\u00eds. Su participaci\u00f3n dominante en la exploraci\u00f3n, producci\u00f3n de crudo y gas, refinaci\u00f3n y transporte de hidrocarburos, permiti\u00f3 durante d\u00e9cadas que las utilidades obtenidas nutrieran las finanzas nacionales y contribuyeran a financiar los\u2026","rel":"","context":"En \u00abPronunciamientos de Organizaciones Sociales\u00bb","block_context":{"text":"Pronunciamientos de Organizaciones Sociales","link":"https:\/\/moir.com.co\/web\/category\/pronunciamientos-de-organizaciones-sociales\/"},"img":{"alt_text":"","src":"","width":0,"height":0},"classes":[]},{"id":646,"url":"https:\/\/moir.com.co\/web\/llamamiento-a-los-sindicatos-del-mundo\/","url_meta":{"origin":616,"position":2},"title":"LLAMAMIENTO A LOS SINDICATOS DEL MUNDO","author":"admin","date":"agosto 11, 2004","format":false,"excerpt":"Hace 23 d\u00edas los trabajadores de Ecopetrol iniciamos una huelga pol\u00edtica y democr\u00e1tica, por la salvaci\u00f3n de esta empresa estatal y la defensa del petr\u00f3leo. Han sido m\u00e1s de tres semanas de resistencia, durante las cuales hemos recibido la m\u00e1s amplia solidaridad del pueblo colombiano, del movimiento sindical nacional e\u2026","rel":"","context":"En \u00abPronunciamientos de Organizaciones Sociales\u00bb","block_context":{"text":"Pronunciamientos de Organizaciones Sociales","link":"https:\/\/moir.com.co\/web\/category\/pronunciamientos-de-organizaciones-sociales\/"},"img":{"alt_text":"","src":"","width":0,"height":0},"classes":[]},{"id":528,"url":"https:\/\/moir.com.co\/web\/carta-de-la-union-sindical-obrera-en-defensa-de-ecopetrol-contra-la-decision-del-gobierno-de-uribe-velez-de-dividirla-para-p\/","url_meta":{"origin":616,"position":3},"title":"CARTA DE LA UNI\u00d3N SINDICAL OBRERA EN DEFENSA DE ECOPETROL, CONTRA LA DECISI\u00d3N DEL GOBIERNO DE URIBE V\u00c9LEZ DE DIVIDIRLA PARA P","author":"admin","date":"agosto 10, 2004","format":false,"excerpt":"Junta Directiva Nacional Uni\u00f3n Sindical Obrera \u201cU.S.O.\u201d, Bogot\u00e1 Bogot\u00e1, junio 25 de 2003 DOCTOR ALVARO URIBE VELEZ PRESIDENTE DE LA REPUBLICA DE COLOMBIA BOGOTA, D.C. Respetado doctor: Doce a\u00f1os despu\u00e9s de aplicaci\u00f3n del modelo neoliberal en nuestro pa\u00eds, ni logramos salir de la cr\u00edsis ni de la depresi\u00f3n econ\u00f3mica de\u2026","rel":"","context":"En \u00abPronunciamientos de Organizaciones Sociales\u00bb","block_context":{"text":"Pronunciamientos de Organizaciones Sociales","link":"https:\/\/moir.com.co\/web\/category\/pronunciamientos-de-organizaciones-sociales\/"},"img":{"alt_text":"","src":"","width":0,"height":0},"classes":[]},{"id":507,"url":"https:\/\/moir.com.co\/web\/la-defensa-de-ecopetrol-un-deber-nacional\/","url_meta":{"origin":616,"position":4},"title":"LA DEFENSA DE ECOPETROL, UN DEBER NACIONAL","author":"admin","date":"agosto 9, 2004","format":false,"excerpt":"El conflicto que se desarrolla en ECOPETROL, tiene que ver con el futuro de la Empresa, la cual significa que los colombianos (as) que hicieron posible su creaci\u00f3n hoy tengan que intervenir para evitar su liquidaci\u00f3n. El documento que presentamos contiene los fundamentos esenciales para promover el Frente Patri\u00f3tico por\u2026","rel":"","context":"En \u00abPronunciamientos de Organizaciones Sociales\u00bb","block_context":{"text":"Pronunciamientos de Organizaciones Sociales","link":"https:\/\/moir.com.co\/web\/category\/pronunciamientos-de-organizaciones-sociales\/"},"img":{"alt_text":"","src":"","width":0,"height":0},"classes":[]},{"id":9260,"url":"https:\/\/moir.com.co\/web\/senador-robledo-rechaza-despido-del-vicepresidente-nacional-de-la-uso\/","url_meta":{"origin":616,"position":5},"title":"Senador Robledo rechaza despido del vicepresidente nacional de la USO","author":"admin","date":"marzo 31, 2015","format":false,"excerpt":"El viernes 27 de marzo las directivas de Ecopetrol despidieron a Edwin Palma Egea, vicepresidente nacional de la Uni\u00f3n Sindical Obrera (USO), mayor sindicato de la industria petrolera en Colombia. Acto ante el cual el senador Jorge Enrique Robledo expres\u00f3 su total rechazo. El despido de Palma \u201ces un constre\u00f1imiento\u2026","rel":"","context":"En \u00abJorge Enrique Robledo\u00bb","block_context":{"text":"Jorge Enrique Robledo","link":"https:\/\/moir.com.co\/web\/category\/jorge-enrique-robledo\/"},"img":{"alt_text":"","src":"","width":0,"height":0},"classes":[]}],"jetpack_sharing_enabled":true,"_links":{"self":[{"href":"https:\/\/moir.com.co\/web\/wp-json\/wp\/v2\/posts\/616","targetHints":{"allow":["GET"]}}],"collection":[{"href":"https:\/\/moir.com.co\/web\/wp-json\/wp\/v2\/posts"}],"about":[{"href":"https:\/\/moir.com.co\/web\/wp-json\/wp\/v2\/types\/post"}],"author":[{"embeddable":true,"href":"https:\/\/moir.com.co\/web\/wp-json\/wp\/v2\/users\/1"}],"replies":[{"embeddable":true,"href":"https:\/\/moir.com.co\/web\/wp-json\/wp\/v2\/comments?post=616"}],"version-history":[{"count":0,"href":"https:\/\/moir.com.co\/web\/wp-json\/wp\/v2\/posts\/616\/revisions"}],"wp:attachment":[{"href":"https:\/\/moir.com.co\/web\/wp-json\/wp\/v2\/media?parent=616"}],"wp:term":[{"taxonomy":"category","embeddable":true,"href":"https:\/\/moir.com.co\/web\/wp-json\/wp\/v2\/categories?post=616"},{"taxonomy":"post_tag","embeddable":true,"href":"https:\/\/moir.com.co\/web\/wp-json\/wp\/v2\/tags?post=616"}],"curies":[{"name":"wp","href":"https:\/\/api.w.org\/{rel}","templated":true}]}}