{"id":614,"date":"2004-08-11T07:00:00","date_gmt":"2004-08-11T07:00:00","guid":{"rendered":"https:\/\/moir.org.co\/web\/comunicado-publico\/"},"modified":"2004-08-11T07:00:00","modified_gmt":"2004-08-11T07:00:00","slug":"comunicado-publico","status":"publish","type":"post","link":"https:\/\/moir.com.co\/web\/comunicado-publico\/","title":{"rendered":"COMUNICADO P\u00daBLICO"},"content":{"rendered":"<p>Barrancabermeja, diciembre 16 de 2003<\/p>\n<p>El pasado 27 de noviembre hicimos p\u00fablico un nuevo llamamiento a enfrentar la embestida del gobierno contra Ecopetrol, la convenci\u00f3n y la USO. El presidente y otros dirigentes del sector mayoritario del Sindicato replicaron nuestro llamado en la asamblea del viernes 28 de noviembre, en la refiner\u00eda de Barrancabermeja, se\u00f1alando que se manten\u00eda la t\u00e1ctica aprobada por la asamblea del 22 de agosto, porque era necesario agotar la v\u00eda de la negociaci\u00f3n para evitar el conflicto y el laudo arbitral. Esa asamblea reflej\u00f3 que, de continuar por ese camino, los trabajadores estar\u00edan en condiciones de desbordar la direcci\u00f3n sindical. La grandiosa y entusiasta marcha de los temporales, contratistas e indefinidos, demostr\u00f3 que estaban a la espera de una rectificaci\u00f3n, conforme a su tradici\u00f3n combativa. El s\u00e1bado 29 del mismo mes, en Barrancabermeja, la plenaria de dirigentes de las subdirectivas presion\u00f3 una respuesta acorde con la gravedad de los hechos y urgi\u00f3 la convocatoria de la Comisi\u00f3n Pol\u00edtica. \u00c9sta se reuni\u00f3 el 1\u00ba. de diciembre y acord\u00f3 un plan y unos criterios que concretaran la huelga como \u00fanica respuesta al raponazo planteado por el gobierno y la alta administraci\u00f3n de Ecopetrol.<\/p>\n<p>La Comisi\u00f3n Pol\u00edtica tom\u00f3 determinaciones con el prop\u00f3sito de reunificar el sindicato para hacer la Huelga, despu\u00e9s de haber agotado todas las instancias de negociaci\u00f3n y ante la amenaza de un Tribunal de Arbitramento sesionando para proferir un fallo en contra de los trabajadores. Se constituy\u00f3 un nuevo Comit\u00e9 Nacional de Huelga, se impartieron instrucciones precisas a las subdirectivas, se retom\u00f3 el mecanismo del consenso en la toma de decisiones y se determin\u00f3 que el s\u00e1bado 6 de diciembre se fijar\u00eda en un breve espacio de tiempo la HORA CERO por una comisi\u00f3n designada para tal efecto.<\/p>\n<p>Lograda la unidad para la lucha, se aplaz\u00f3 el debate interno sobre la t\u00e1ctica adoptada el 22 de agosto. Los trabajadores recibieron la posici\u00f3n de la Junta Directiva Nacional con manifestaciones de apoyo, los dirigentes de las subdirectivas mejoraron su actividad, la disciplina sindical iba correspondiendo al grado de compromiso para una batalla de esa magnitud y las fuerzas pol\u00edticas alistaban sus cuadros para ponerlos a disposici\u00f3n del conflicto cuando la USO lo determinara. Todo esto fue frenado el pasado viernes 5 de diciembre. Ante el conocimiento de la inminencia del laudo y de apartes de su contenido, el \u00e1nimo de los trabajadores fue responder de manera inmediata, sin m\u00e1s dilaciones, pero la Comisi\u00f3n proveniente de Bogot\u00e1 demor\u00f3 su llegada y con argumentos que despreciaban la gravedad del momento aplazaron una respuesta contundente a las pretensiones oficiales. En la reuni\u00f3n del s\u00e1bado 6 notificaron su regreso a los err\u00e1ticos di\u00e1logos con Yanovich y a una supuesta reuni\u00f3n con el presidente Uribe V\u00e9lez el martes, con la ilusi\u00f3n que con esas conversaciones se iba a salvar la convenci\u00f3n. Peor a\u00fan, en esa reuni\u00f3n se nos comunic\u00f3 que una vez se conociera la notificaci\u00f3n del Laudo arbitral se interpondr\u00eda el recurso de anulaci\u00f3n para ganar tiempo en la preparaci\u00f3n de una respuesta para enero de 2004.<\/p>\n<p>Con la decisi\u00f3n de negociar a cualquier costo con Yanovich y Uribe, se volvi\u00f3 a la posici\u00f3n del 22 de agosto. Por eso negaron siempre nuestra solicitud de una asamblea de delegados para cambiar la funesta t\u00e1ctica de los \u00faltimos cuatro meses. El criterio del consenso, de la reuni\u00f3n del 1\u00ba. de diciembre, qued\u00f3 hecho a\u00f1icos y la Comisi\u00f3n regres\u00f3 a Bogot\u00e1, ratific\u00e1ndose la intransigencia de Yanovich y el desplante de Uribe, pues \u00e9ste no recibi\u00f3 a la USO, ya que a esas alturas ya se hab\u00eda proferido el laudo arbitral, seg\u00fan se deduce de la notificaci\u00f3n hecha por los miembros del Tribunal de Arbitramento al presidente del Sindicato.<\/p>\n<p>El laudo despoja a los trabajadores y al sindicato de preciadas conquistas, entre ellas los art\u00edculos 2\u00ba y 3\u00ba, arrebat\u00e1ndoles violentamente el derecho a la negociaci\u00f3n colectiva y la eliminaci\u00f3n de la estabilidad laboral de los trabajadores. El recurso que se interpondr\u00e1 es una medida desesperada, dilatoria e inocua, que repite la equivocaci\u00f3n t\u00e1ctica adoptada por la mayor\u00eda, pues se trata de confiar nuestra suerte a los tribunales que han favorecido hist\u00f3ricamente a los patronos y al gobierno. Adem\u00e1s ese recurso se limita a revisar procedimientos y no contenidos.<\/p>\n<p>El laudo, est\u00e1 en perfecta coordinaci\u00f3n con los nefastos anuncios de Uribe V\u00e9lez de prorrogar los contratos de asociaci\u00f3n, reestablecer las concesiones, mantenerle la explotaci\u00f3n del gas de la Guajira a la Chevron-Texaco, privatizar la refinaci\u00f3n, ceder los campos directos de Ecopetrol y ahondar la entrega del petr\u00f3leo y el gas a las multinacionales. Estamos pues ante un plan urdido por el gobierno y el imperialismo, consistente en asestarle un rudo golpe a los trabajadores y a la USO, minar su capacidad de resistencia y luego concretar, sin oposici\u00f3n alguna, sus desprop\u00f3sitos contra Ecopetrol, Ecogas y cualquier vestigio de manejo soberano de los hidrocarburos. La situaci\u00f3n es la m\u00e1s grave que se haya vivido en toda la existencia de Ecopetrol. La pelea se concreta, o arrasan la empresa y la convenci\u00f3n.<\/p>\n<p>Compa\u00f1eros, la rectificaci\u00f3n del rumbo no permite m\u00e1s aplazamientos. Negu\u00e9monos a aceptar un sindicalismo de nuevo tipo que prefiere perder a luchar, desechando cualquier posibilidad de avance so pretexto de no correr riesgos. Las conquistas de la clase obrera se han logrado con muchos sacrificios, corriendo riesgos y asumiendo costos. Y hoy con mayor raz\u00f3n, pues se trata es de la defensa misma del sindicato, de la empresa y de los trabajadores.<\/p>\n<p>La mejor autocr\u00edtica es en la pr\u00e1ctica. Que se deseche toda vacilaci\u00f3n. Revoquemos la t\u00e1ctica err\u00f3nea aprobada el 14 y 22 de agosto. No hay m\u00e1s camino que el de la lucha, el camino que ha tenido a la USO durante m\u00e1s de 80 a\u00f1os como ejemplo para el movimiento obrero colombiano. Llamamos a que se realice una asamblea Nacional de Delegados, con la presencia de dirigentes de la subdirectivas para analizar la grave situaci\u00f3n en que nos encontramos y entre todos asumamos una conducta consecuente con la historia, los trabajadores y la defensa de la soberan\u00eda de nuestra naci\u00f3n, como se lo merece este sindicato.<\/p>\n<p>Rodolfo Guti\u00e9rrez<br \/>\nRoberto Schmalbach<br \/>\nFabio D\u00edaz<br \/>\nGerardo Garc\u00eda<br \/>\nDanilo S\u00e1nchez<br \/>\nManuel Coronado<br \/>\nGerman Osman <\/p>\n","protected":false},"excerpt":{"rendered":"<p>Barrancabermeja, diciembre 16 de 2003 El pasado 27 de noviembre hicimos p\u00fablico un nuevo llamamiento a enfrentar la embestida del gobierno contra Ecopetrol, la convenci\u00f3n y la USO. El presidente y otros dirigentes del sector mayoritario del Sindicato replicaron nuestro llamado en la asamblea del viernes 28 de noviembre, en la refiner\u00eda de Barrancabermeja, se\u00f1alando [&hellip;]<\/p>\n","protected":false},"author":1,"featured_media":0,"comment_status":"open","ping_status":"open","sticky":false,"template":"","format":"standard","meta":{"advanced_seo_description":"","jetpack_seo_html_title":"","jetpack_seo_noindex":false,"_jetpack_memberships_contains_paid_content":false,"footnotes":""},"categories":[7],"tags":[],"class_list":["post-614","post","type-post","status-publish","format-standard","hentry","category-pronunciamientos-de-organizaciones-sociales"],"jetpack_featured_media_url":"","jetpack-related-posts":[{"id":527,"url":"https:\/\/moir.com.co\/web\/foro-social-del-magdalena-medio-por-la-defensa-de-lo-publico\/","url_meta":{"origin":614,"position":0},"title":"FORO SOCIAL DEL MAGDALENA MEDIO POR LA DEFENSA DE LO P\u00daBLICO","author":"admin","date":"agosto 10, 2004","format":false,"excerpt":"Con la participaci\u00f3n de la Di\u00f3cesis de Barrancabermeja, la Gobernaci\u00f3n de Santander, el Concejo Municipal de Barrancabermeja, el PDPMM, la USO, la Defensoria del Pueblo, CREDHOS, la UNEB, SINDESENA, el PTC, SINDES, SINTRAENDES, la CUT, la CGTD, la CTC, la OFP, ANTHOC, SINTRAINQUIGAS, HOCAR, SINALTRAINAL, ACVC, MUDEUB, La Comisi\u00f3n C\u00edvica\u2026","rel":"","context":"En \u00abPronunciamientos de Organizaciones Sociales\u00bb","block_context":{"text":"Pronunciamientos de Organizaciones Sociales","link":"https:\/\/moir.com.co\/web\/category\/pronunciamientos-de-organizaciones-sociales\/"},"img":{"alt_text":"","src":"","width":0,"height":0},"classes":[]},{"id":9147,"url":"https:\/\/moir.com.co\/web\/la-union-sindical-obrera-aprueba-la-lucha-contra-el-plan-nacional-de-desarrollo-la-privatizacion-de-ecopetrol-y-el-despido-de-trabajadores\/","url_meta":{"origin":614,"position":1},"title":"La Uni\u00f3n Sindical Obrera aprueba la lucha contra el Plan Nacional de Desarrollo, la privatizaci\u00f3n de Ecopetrol y el despido de trabajadores","author":"admin","date":"febrero 28, 2015","format":false,"excerpt":"La ASAMBLEA NACIONAL DE DELEGADOS DE LA UNI\u00d3N SINDICAL OBRERA DE LA INDUSTRIA DEL PETR\u00d3LEO reunida en Barrancabermeja los d\u00edas 26 y 27 de febrero del a\u00f1o en Curso, y CONSIDERANDO QUE: 1. Dentro del Proyecto del Plan Nacional de Desarrollo del gobierno Santos se le conceden una serie de\u2026","rel":"","context":"En \u00abPronunciamientos de Organizaciones Sociales\u00bb","block_context":{"text":"Pronunciamientos de Organizaciones Sociales","link":"https:\/\/moir.com.co\/web\/category\/pronunciamientos-de-organizaciones-sociales\/"},"img":{"alt_text":"","src":"","width":0,"height":0},"classes":[]},{"id":4893,"url":"https:\/\/moir.com.co\/web\/la-asamblea-de-santander-ratifico-la-oposicion-a-la-reforma-al-sistema-de-regalias-en-sesion-descentralizada-realizada-en-la-uis\/","url_meta":{"origin":614,"position":2},"title":"La Asamblea de Santander ratific\u00f3 la oposici\u00f3n a la Reforma al Sistema de Regal\u00edas, en sesi\u00f3n descentralizada realizada en la UIS","author":"admin","date":"octubre 13, 2010","format":false,"excerpt":"Con la participaci\u00f3n de los Diputados invitados del Meta, Casanare y Arauca y delgados del Comit\u00e9 C\u00edvico del Cesar, alcaldes, concejales, organizaciones sociales y comunitaria de los departamentos y municipios productores, la Asamblea de Santander, en sesi\u00f3n descentralizada, realizada en la Universidad Industrial de Santander, acord\u00f3 oponerse al Acto legislativo\u2026","rel":"","context":"En \u00abTemas\u00bb","block_context":{"text":"Temas","link":"https:\/\/moir.com.co\/web\/category\/temas\/"},"img":{"alt_text":"","src":"","width":0,"height":0},"classes":[]},{"id":7681,"url":"https:\/\/moir.com.co\/web\/la-junta-de-acreedores-de-ferticol-acogio-plan-de-salvamento-de-la-empresa\/","url_meta":{"origin":614,"position":3},"title":"La junta de acreedores de Ferticol acogi\u00f3 plan de salvamento de la empresa","author":"admin","date":"junio 28, 2013","format":false,"excerpt":"El Diputado del Polo Democr\u00e1tico, Roberto Schmalbach, calific\u00f3 como un paso de trascendental importancia para la producci\u00f3n nacional de fertilizantes, la decisi\u00f3n adoptada ayer por consenso en la junta de acreedores de Ferticol de acoger el plan de salvamento presentado por el Gran Acuerdo Social de Barrancabermeja con el apoyo\u2026","rel":"","context":"En \u00abPolo Democr\u00e1tico Alternativo\u00bb","block_context":{"text":"Polo Democr\u00e1tico Alternativo","link":"https:\/\/moir.com.co\/web\/category\/polo-democratico-alternativo\/"},"img":{"alt_text":"","src":"","width":0,"height":0},"classes":[]},{"id":2605,"url":"https:\/\/moir.com.co\/web\/es-necesario-atender-los-problemas-de-las-comunidades-afectadas-por-el-rio-magdalena\/","url_meta":{"origin":614,"position":4},"title":"ES NECESARIO ATENDER LOS PROBLEMAS DE LAS COMUNIDADES AFECTADAS POR EL RIO MAGDALENA","author":"admin","date":"noviembre 29, 2008","format":false,"excerpt":"Oficina de Prensa Diputado Roberto Schmalbach, Bucaramanga, noviembre 28 de 2008 Como grave calific\u00f3 el diputado del Polo Democr\u00e1tico Alternativo Roberto Schmalbach, la actual situaci\u00f3n que sufren los pobladores ribere\u00f1os del r\u00edo Magdalena, en especial los de los municipios de Barrancabermeja y Puerto Wilches, quienes enfrentan las consecuencias del desastre\u2026","rel":"","context":"En \u00abTemas\u00bb","block_context":{"text":"Temas","link":"https:\/\/moir.com.co\/web\/category\/temas\/"},"img":{"alt_text":"","src":"","width":0,"height":0},"classes":[]},{"id":6726,"url":"https:\/\/moir.com.co\/web\/el-diputado-schmalbach-hace-balance-positivo-de-su-actividad-en-la-asamblea-departamental-de-santander\/","url_meta":{"origin":614,"position":5},"title":"El Diputado Schmalbach hace balance positivo de su actividad en la Asamblea Departamental de Santander","author":"admin","date":"agosto 2, 2012","format":false,"excerpt":"Periodo de Sesiones Junio-Julio de 2012 Al culminar el periodo de sesiones ordinarias de la Asamblea Departamental de Santander, el Diputado Schmalbach reiter\u00f3 su compromiso con los intereses del pueblo santandereano y su disposici\u00f3n a favorecer todas las iniciativas que contribuyan al progreso de Santander y Colombia, en el marco\u2026","rel":"","context":"En \u00abPolo Democr\u00e1tico Alternativo\u00bb","block_context":{"text":"Polo Democr\u00e1tico Alternativo","link":"https:\/\/moir.com.co\/web\/category\/polo-democratico-alternativo\/"},"img":{"alt_text":"","src":"","width":0,"height":0},"classes":[]}],"jetpack_sharing_enabled":true,"_links":{"self":[{"href":"https:\/\/moir.com.co\/web\/wp-json\/wp\/v2\/posts\/614","targetHints":{"allow":["GET"]}}],"collection":[{"href":"https:\/\/moir.com.co\/web\/wp-json\/wp\/v2\/posts"}],"about":[{"href":"https:\/\/moir.com.co\/web\/wp-json\/wp\/v2\/types\/post"}],"author":[{"embeddable":true,"href":"https:\/\/moir.com.co\/web\/wp-json\/wp\/v2\/users\/1"}],"replies":[{"embeddable":true,"href":"https:\/\/moir.com.co\/web\/wp-json\/wp\/v2\/comments?post=614"}],"version-history":[{"count":0,"href":"https:\/\/moir.com.co\/web\/wp-json\/wp\/v2\/posts\/614\/revisions"}],"wp:attachment":[{"href":"https:\/\/moir.com.co\/web\/wp-json\/wp\/v2\/media?parent=614"}],"wp:term":[{"taxonomy":"category","embeddable":true,"href":"https:\/\/moir.com.co\/web\/wp-json\/wp\/v2\/categories?post=614"},{"taxonomy":"post_tag","embeddable":true,"href":"https:\/\/moir.com.co\/web\/wp-json\/wp\/v2\/tags?post=614"}],"curies":[{"name":"wp","href":"https:\/\/api.w.org\/{rel}","templated":true}]}}