{"id":613,"date":"2004-08-11T07:00:00","date_gmt":"2004-08-11T07:00:00","guid":{"rendered":"https:\/\/moir.org.co\/web\/sobre-el-negocio-de-los-servicios-publicos-domiciliarios\/"},"modified":"2004-08-11T07:00:00","modified_gmt":"2004-08-11T07:00:00","slug":"sobre-el-negocio-de-los-servicios-publicos-domiciliarios","status":"publish","type":"post","link":"https:\/\/moir.com.co\/web\/sobre-el-negocio-de-los-servicios-publicos-domiciliarios\/","title":{"rendered":"SOBRE EL NEGOCIO DE LOS SERVICIOS PUBLICOS DOMICILIARIOS"},"content":{"rendered":"<p>Rafael Espinel P\u00e1ez, Presidente de la LIGA USPD, Comisi\u00f3n Sexta del Senado, diciembre 9 de 2003.<\/p>\n<p>Se\u00f1or presidente Edgar Artunduaga S\u00e1nchez, se\u00f1or vicepresidente Luis Emilio Sierra Grajales, honorables congresistas, Invitados especiales, se\u00f1oras y se\u00f1ores:<\/p>\n<p>Como presidente de la Liga DE USUARIOS DE LOS SERVICIOS P\u00daBLICOS DOMICILIARIOS reciban un cordial y fraternal saludo y mis agradecimientos a los Honorables Senadores doctores Edgar Artunduaga S\u00e1nchez, Ramiro Luna Conde, Hern\u00e1n Andrade Serrano, por su invitaci\u00f3n a este gran debate. Y un saludo a mi paisano el Honorable Senador Guillermo Ch\u00e1vez<\/p>\n<p>El tema de los servicios p\u00fablicos domiciliarios hoy es muy sensible en el pa\u00eds; los usuarios de todos los estratos est\u00e1n siendo agobiados por las impagables tarifas de los servicios p\u00fablicos domiciliarios, pues cada vez que el usuario oye el deslizar de los recibos por debajo de la puerta, siente un escalofr\u00edo correr por su cuerpo, porque muchas veces hay que dejar de comprar mercado para poder pagarlos.<\/p>\n<p>En la Constituci\u00f3n de 1991, seg\u00fan el art\u00edculo 365, qued\u00f3 consagrado que los servicios p\u00fablicos: \u201cpodr\u00e1n ser prestados por el Estado, directa o indirectamente, por las comunidades organizadas o por los particulares\u201d. Y gracias a quedar incluida en la Constituci\u00f3n la palabra \u201cparticulares\u201d, esto hizo que la prestaci\u00f3n de los servicios p\u00fablicos domiciliarios se volviera un negocio y se rigiera por la m\u00e1xima ganancia. Seg\u00fan las estad\u00edsticas, en los \u00faltimos 2 a\u00f1os las tarifas en promedio han aumentado m\u00e1s del 200 % mientras el salario m\u00ednimo s\u00f3lo lo a hecho en menos de 15% en el mismo periodo.<\/p>\n<p>En la ley 142 de 1994 qued\u00f3 consagrado el control social por parte de los usuarios; y su decreto reglamentario 1429, de 1995, en su art\u00edculo 1\u00ba. dice: \u201cDeber de conformaci\u00f3n de los Comit\u00e9s de Desarrollo y control social. Con el objeto de organizar la participaci\u00f3n comunitaria en la vigilancia de la gesti\u00f3n y en la fiscalizaci\u00f3n de las entidades de car\u00e1cter privado, oficial o mixto, que presten los servicios p\u00fablicos domiciliarios\u201d. Sin embargo, el sub\u00edndice H) del art\u00edculo 12\u00ba. borra con el codo lo que se hizo con la mano en \u00e9l articulo 1\u00ba, porque los vocales de control solo pueden participar en las Juntas Directivas de las empresas oficiales. En una de sus funciones reza: \u201c Ser miembro, de las juntas directivas de las empresas oficiales de servicios p\u00fablicos domiciliarios del orden municipal, o del comit\u00e9 de estratificaci\u00f3n local, cuando sea designado por el Alcalde\u201d. Y como todas las empresas se est\u00e1n privatizando, el control social est\u00e1 quedando en letra muerta, como corresponde a la famosa, pero inoperante \u201cDemocracia Participativa\u201d.<\/p>\n<p>Por lo tanto, las empresas hacen y deshacen con los usuarios. Facturan: costos y sobrecostos, inversiones necesarias e innecesarias, ganancias del 14%, impuestos, el funcionamiento de las comisiones de regulaci\u00f3n y la Superintendencia de Servicios P\u00fablicos, y cargo fijo en el caso del agua, el aseo y las comunicaciones.<\/p>\n<p>Actualmente hay casos, en que sin necesidad cambian los medidores y las acometidas, todo esto con la autorizaci\u00f3n de las comisiones de regulaci\u00f3n y con la vista gorda de la Superservicios, que realmente parecen estar m\u00e1s para defender las empresas que a los usuarios.<\/p>\n<p>Y las escasas reglamentaciones que les sirven a los usuarios, no las hacen cumplir. Para la muestra un bot\u00f3n: en la SUPERSERVICIOS duermen m\u00e1s de 23.000 silencios administrativos y tres veces m\u00e1s subsidios de apelaci\u00f3n. Y hay reclamos que demoran m\u00e1s de tres a\u00f1os para ser contestados.<\/p>\n<p>Lo anterior es grave, pero lo que viene es peor: el documento de negociaci\u00f3n sobre servicios p\u00fablicos incluido en el ALCA y \/o el Acuerdo Bilateral con Estados Unidos as\u00ed lo demuestra.<\/p>\n<p>El calvario ya comenz\u00f3, el presidente Uribe V\u00e9lez logr\u00f3 aprobar mayoritariamente por el Congreso, en el Plan Nacional de Desarrollo, lo siguiente: \u201c El gobierno continuar\u00e1 con la promoci\u00f3n de la participaci\u00f3n del sector privado en los servicios p\u00fablicos domiciliarios\u201d&#8230; \u201c Se ajustar\u00e1 el sistema tarifario y de subsidios para que incentive la inversi\u00f3n\u201d&#8230;\u201cEl esquema actual de subsidios y contribuciones no es sostenible\u201d&#8230;\u201cactualizar tarifas solo bajo criterio econ\u00f3mico\u201d y \u201clas contribuciones de los sectores industriales y comerciales se har\u00e1n a tarifa plena\u201d.<\/p>\n<p>En la liga creemos que este negro panorama podemos cambiarlo mediante LA UNIDAD Y RESISTENCIA CIVIL. Es decir, con educaci\u00f3n, organizaci\u00f3n y movilizaci\u00f3n de la mayor\u00eda de usuarios del pa\u00eds; as\u00ed lograremos conseguir m\u00e1s temprano que tarde que los servicios p\u00fablicos vuelvan a ser prestados sin \u00e1nimo de lucro. Pero a corto plazo no debemos permitir mas iniquidades por parte de las empresas prestadoras de los servicios.<\/p>\n<p>Es recomendable continuar el debate, abordando por separado cada servicio; hay mucha tela para cortar. Por ejemplo: en el caso de las basuras, las resoluciones 233, 236 y 247 de la CRA con relaci\u00f3n a los multiusuarios son de aplicaci\u00f3n muy dif\u00edcil, y en lo del reciclaje est\u00e1 todo por verse.<\/p>\n<p>Finalmente, me permito recordar: el agua, al igual que el ox\u00edgeno, es un elemento vital; hoy hay guerras por el petr\u00f3leo, y si el agua sigue dej\u00e1ndose a las fuerzas del mercado, pronto vendr\u00e1n los conflictos b\u00e9licos por \u00e9sta. Por lo tanto, comencemos ya a crear conciencia: EL AGUA DEBE SER PATRIMONIO COM\u00daN DE LA HUMANIDAD. \u00a1Colombianos, dig\u00e1mosle al mundo entero: EL AGUA DEBE SER PATRIMONIO COM\u00daN DE LA HUMANIDAD!<\/p>\n<p>Muchas gracias.<\/p>\n","protected":false},"excerpt":{"rendered":"<p>Rafael Espinel P\u00e1ez, Presidente de la LIGA USPD, Comisi\u00f3n Sexta del Senado, diciembre 9 de 2003. Se\u00f1or presidente Edgar Artunduaga S\u00e1nchez, se\u00f1or vicepresidente Luis Emilio Sierra Grajales, honorables congresistas, Invitados especiales, se\u00f1oras y se\u00f1ores: Como presidente de la Liga DE USUARIOS DE LOS SERVICIOS P\u00daBLICOS DOMICILIARIOS reciban un cordial y fraternal saludo y mis agradecimientos [&hellip;]<\/p>\n","protected":false},"author":1,"featured_media":0,"comment_status":"open","ping_status":"open","sticky":false,"template":"","format":"standard","meta":{"advanced_seo_description":"","jetpack_seo_html_title":"","jetpack_seo_noindex":false,"_jetpack_memberships_contains_paid_content":false,"footnotes":""},"categories":[7],"tags":[],"class_list":["post-613","post","type-post","status-publish","format-standard","hentry","category-pronunciamientos-de-organizaciones-sociales"],"jetpack_featured_media_url":"","jetpack-related-posts":[{"id":6451,"url":"https:\/\/moir.com.co\/web\/carta-abierta-a-la-creg\/","url_meta":{"origin":613,"position":0},"title":"Carta abierta a la CREG","author":"admin","date":"abril 15, 2012","format":false,"excerpt":"Se\u00f1ores Comisionados Comisi\u00f3n de Regulaci\u00f3n de Energ\u00eda y GAS, CREG Bogot\u00e1 Referencia: Institucionalizaci\u00f3n de un espacio con los usuarios para discutir esquema tarifario y participaci\u00f3n de los usuarios en la CREG Cordial Saludo, Los m\u00e1s de 305.000 suscriptores de Efigas en el eje cafetero recibimos el 2012 con exageradas alzas\u2026","rel":"","context":"Entrada similar","block_context":{"text":"Entrada similar","link":""},"img":{"alt_text":"","src":"","width":0,"height":0},"classes":[]},{"id":596,"url":"https:\/\/moir.com.co\/web\/contra-las-impagables-tarifas-de-los-servicios-publicos-domiciliarios-unidad-y-resistencia-civil\/","url_meta":{"origin":613,"position":1},"title":"CONTRA LAS IMPAGABLES TARIFAS DE LOS SERVICIOS P\u00daBLICOS DOMICILIARIOS, UNIDAD Y RESISTENCIA CIVIL.","author":"admin","date":"agosto 11, 2004","format":false,"excerpt":"octubre de 2003 La ASOCIACION NACIONAL DE COMIT\u00c9S DE DESARROLLO Y CONTROL SOCIAL Y DE VOCALES DE CONTROL DE SERVICIOS PUBLICOS DOMICILIARIOS \u201cLOS COMUNEROS\u201d, la ASOCIACI\u00d3N DISTRITAL DE COMIT\u00c9S DE DESARROLLO Y CONTROL SOCIAL Y VOCALES DE CONTROL DE SERVICIOS PUBLICOS DOMICILIARIOS \u201cASODIC\u201d Y la LIGA DE USUARIOS DE SERVICIOS\u2026","rel":"","context":"En \u00abPronunciamientos de Organizaciones Sociales\u00bb","block_context":{"text":"Pronunciamientos de Organizaciones Sociales","link":"https:\/\/moir.com.co\/web\/category\/pronunciamientos-de-organizaciones-sociales\/"},"img":{"alt_text":"","src":"","width":0,"height":0},"classes":[]},{"id":645,"url":"https:\/\/moir.com.co\/web\/carta-a-la-cra-contra-el-cargo-fijo-en-las-tarifas-de-los-servicios-publicos-domiciliarios\/","url_meta":{"origin":613,"position":2},"title":"CARTA A LA CRA CONTRA EL CARGO FIJO EN LAS TARIFAS DE LOS SERVICIOS P\u00daBLICOS DOMICILIARIOS","author":"admin","date":"agosto 11, 2004","format":false,"excerpt":"LigaUSPD, Bogot\u00e1 D.C., 14 de Mayo 2004 Bogot\u00e1 D.C., 14 de Mayo 2004 Se\u00f1ores: Comisi\u00f3n Reguladora De Agua Potable Y Saneamiento B\u00e1sico -CRA- La Ciudad Se\u00f1ores: La Comisi\u00f3n de Regulaci\u00f3n de Agua Potable y Saneamiento B\u00e1sico se apresta a sacar una nueva metodolog\u00eda que regir\u00e1 las tarifas, para los pr\u00f3ximos\u2026","rel":"","context":"En \u00abPronunciamientos de Organizaciones Sociales\u00bb","block_context":{"text":"Pronunciamientos de Organizaciones Sociales","link":"https:\/\/moir.com.co\/web\/category\/pronunciamientos-de-organizaciones-sociales\/"},"img":{"alt_text":"","src":"","width":0,"height":0},"classes":[]},{"id":1689,"url":"https:\/\/moir.com.co\/web\/los-usuarios-de-los-servicios-publicos-domiciliarios-crean-la-liga-departamental\/","url_meta":{"origin":613,"position":3},"title":"LOS USUARIOS DE LOS SERVICIOS P\u00daBLICOS DOMICILIARIOS: CREAN LA LIGA DEPARTAMENTAL","author":"admin","date":"agosto 22, 2004","format":false,"excerpt":"El d\u00eda s\u00e1bado 5 de octubre de 2002, se conform\u00f3 la Liga Departamental de Usuarios de los Servicios P\u00fablicos de Risaralda en el recinto de Comfamiliar. Asistieron representantes de comit\u00e9s de servicios p\u00fablicos y dirigentes comunales de Pereira y usuarios del Departamento. Se aprobaron los estatutos y se eligi\u00f3 la\u2026","rel":"","context":"Entrada similar","block_context":{"text":"Entrada similar","link":""},"img":{"alt_text":"","src":"","width":0,"height":0},"classes":[]},{"id":1727,"url":"https:\/\/moir.com.co\/web\/avanzan-las-ligas-de-usuarios-de-servicios-publicos\/","url_meta":{"origin":613,"position":4},"title":"AVANZAN, LAS LIGAS DE USUARIOS DE SERVICIOS P\u00daBLICOS","author":"admin","date":"agosto 25, 2004","format":false,"excerpt":"En los primeros d\u00edas del mes de junio de 2004 se realizaron una serie de foros y reuniones en la Costa Atl\u00e1ntica sobre la problem\u00e1tica de los servicios p\u00fablicos domiciliarios, que contaron con la presencia de \u00d3scar Guti\u00e9rrez Reyes, Diputado de Caldas y dirigente nacional de las ligas de usuarios\u2026","rel":"","context":"En \u00abEL USUARIO N\u00ba9 JULIO-AGOSTO 2004\u00bb","block_context":{"text":"EL USUARIO N\u00ba9 JULIO-AGOSTO 2004","link":"https:\/\/moir.com.co\/web\/category\/temas\/servicios-publicos-articulos-de-actualidad\/el-usuario\/el-usuario-no9-julio-agosto-2004\/"},"img":{"alt_text":"","src":"","width":0,"height":0},"classes":[]},{"id":1703,"url":"https:\/\/moir.com.co\/web\/telecom\/","url_meta":{"origin":613,"position":5},"title":"TELECOM:","author":"admin","date":"agosto 22, 2004","format":false,"excerpt":"Alternativa Democr\u00e1tica Por considerarlo del inter\u00e9s de nuestros lectores, publicamos el siguiente comunicado a la opini\u00f3n p\u00fablica, sobre TELECOM, de la bancada parlamentaria, Alternativa Democr\u00e1tica. Fechado el 17 de diciembre de 2003. Los Congresistas integrantes de Alternativa Democr\u00e1tica rechazamos las declaraciones del Presidente de la Rep\u00fablica ante la Comisi\u00f3n de\u2026","rel":"","context":"En \u00abEL USUARIO N\u00ba8 MARZO-ABRIL 2004\u00bb","block_context":{"text":"EL USUARIO N\u00ba8 MARZO-ABRIL 2004","link":"https:\/\/moir.com.co\/web\/category\/temas\/servicios-publicos-articulos-de-actualidad\/el-usuario\/el-usuario-no8-marzo-abril-2004\/"},"img":{"alt_text":"","src":"","width":0,"height":0},"classes":[]}],"jetpack_sharing_enabled":true,"_links":{"self":[{"href":"https:\/\/moir.com.co\/web\/wp-json\/wp\/v2\/posts\/613","targetHints":{"allow":["GET"]}}],"collection":[{"href":"https:\/\/moir.com.co\/web\/wp-json\/wp\/v2\/posts"}],"about":[{"href":"https:\/\/moir.com.co\/web\/wp-json\/wp\/v2\/types\/post"}],"author":[{"embeddable":true,"href":"https:\/\/moir.com.co\/web\/wp-json\/wp\/v2\/users\/1"}],"replies":[{"embeddable":true,"href":"https:\/\/moir.com.co\/web\/wp-json\/wp\/v2\/comments?post=613"}],"version-history":[{"count":0,"href":"https:\/\/moir.com.co\/web\/wp-json\/wp\/v2\/posts\/613\/revisions"}],"wp:attachment":[{"href":"https:\/\/moir.com.co\/web\/wp-json\/wp\/v2\/media?parent=613"}],"wp:term":[{"taxonomy":"category","embeddable":true,"href":"https:\/\/moir.com.co\/web\/wp-json\/wp\/v2\/categories?post=613"},{"taxonomy":"post_tag","embeddable":true,"href":"https:\/\/moir.com.co\/web\/wp-json\/wp\/v2\/tags?post=613"}],"curies":[{"name":"wp","href":"https:\/\/api.w.org\/{rel}","templated":true}]}}