{"id":612,"date":"2004-08-11T07:00:00","date_gmt":"2004-08-11T07:00:00","guid":{"rendered":"https:\/\/moir.org.co\/web\/aprovechemos-los-reveses-del-regimen-para-incrementar-la-resistencia-civil\/"},"modified":"2004-08-11T07:00:00","modified_gmt":"2004-08-11T07:00:00","slug":"aprovechemos-los-reveses-del-regimen-para-incrementar-la-resistencia-civil","status":"publish","type":"post","link":"https:\/\/moir.com.co\/web\/aprovechemos-los-reveses-del-regimen-para-incrementar-la-resistencia-civil\/","title":{"rendered":"APROVECHEMOS LOS REVESES DEL R\u00c9GIMEN  PARA INCREMENTAR LA RESISTENCIA CIVIL !!!"},"content":{"rendered":"<p>Los resultados adversos para el gobierno en el referendo celebrado el pasado 25 de Octubre no deben producir \u00fanicamente alegr\u00eda entre nuestros afiliados. La clase obrera jug\u00f3 un papel clave en la derrota del referendo, y es normal que nos regocijemos por el resultado. Pero eso no basta. Es preciso reflexionar acerca del significado de ese triunfo, y valorar la importancia que el mismo tiene para el porvenir de la patria. <\/p>\n<p>La primera ense\u00f1anza importante que debemos recoger, es que Uribe, el actual ac\u00f3lito del imperialismo en Colombia, no es invencible, como lo pretenden hacer creer los grandes medios de comunicaci\u00f3n. La popularidad artificial que le han creado, ha sido ridiculizada por los resultados. A pesar de aparecer d\u00eda y noche en radio, prensa y televisi\u00f3n; pese a que su figura ha sido inflada y falseada sin l\u00edmite, el acto plebiscitario en que convirtieron el referendo fracas\u00f3 estruendosamente. M\u00e1s de diez y nueve millones de compatriotas no salieron a avalar las imposiciones del Fondo Monetario Internacional, y le dieron un claro mensaje de rechazo al modelo neoliberal y a la dominaci\u00f3n imperialista que se encontraban ocultos tras la consulta &#8220;popular&#8221;. <\/p>\n<p>En segundo lugar es preciso levantar banderas contra la intenci\u00f3n uribista de llevar a cabo el denominado plan B, que consiste en clavar con nuevos impuestos regresivos a los trabajadores y al pueblo, para cuadrar las finanzas del estado de forma que puedan atender oportunamente el servicio de la impagable deuda p\u00fablica.  <\/p>\n<p>El mandato del constituyente primario, tan manoseado cuando se trata de imponer pol\u00edticas al servicio de los monopolios y el capital financiero, pretende ser burlado por medio de una reforma tributaria en curso en el parlamento. Curiosa democracia la de Uribe. Durante la promoci\u00f3n del referendo, la opini\u00f3n popular fue elevada a la categor\u00eda de m\u00e1xima y pr\u00e1cticamente \u00fanica instancia de decisi\u00f3n, pues nunca tuvo en sus soberbios c\u00e1lculos la derrota, magnificando su capacidad de manipulaci\u00f3n, enga\u00f1o y chantaje. Pero una vez abatido su proyecto bonapartista por la voluntad popular, la quiere desconocer utilizando el Congreso, al que no baj\u00f3 del calificativo de corrupto e ineficiente durante la campa\u00f1a pro referendo. <\/p>\n<p>Pero talvez lo m\u00e1s importante que debemos aprender de este episodio, y desde luego poner en pr\u00e1ctica, es que podemos enfrentar con \u00e9xito las intenciones de vincular a Colombia a un Tratado de Libre Comercio con los Estados Unidos y\/o al ALCA. Si logramos desplegar una gigantesca campa\u00f1a contra estas perversas iniciativas, unificar una amplia gama de organizaciones  y personalidades de todo tipo, como lo logramos hacer por medio de la Gran Coalici\u00f3n Democr\u00e1tica contra el Referendo, es posible dar al traste con las m\u00e1s gruesas intenciones imperialistas contenidas en esos tratados en curso. <\/p>\n<p>El TLC o el ALCA, no son otra cosa que la actual fase de la recolonizaci\u00f3n que vienen adelantando los Estados Unidos sobre nuestro continente. Sus efectos ser\u00e1n desde luego m\u00e1s nocivos que los que ha causado la actual apertura econ\u00f3mica, con el agravante de que sus disposiciones quedar\u00edan consagradas en la categor\u00eda de tratado internacional, es decir, por encima de la Constituci\u00f3n Nacional o de la decisi\u00f3n de cualquier gobierno posterior.  <\/p>\n<p>Causar\u00e1n mayor menoscabo a nuestra producci\u00f3n agraria e industrial, eliminar\u00e1n los pocos vestigios de soberan\u00eda existentes, aumentar\u00e1n nuestro d\u00e9ficit fiscal y por consiguiente nuestro endeudamiento, y aumentar\u00e1n sin l\u00edmite el sufrimiento de nuestro pueblo. <\/p>\n<p>Oponernos a estas pretensiones es un deber de los trabajadores organizados. No solo se trata de la defensa de nuestro trabajo, se trata de la defensa de la producci\u00f3n nacional y de la soberan\u00eda. Que el ejemplo de la unidad lograda en contra del referendo, por medio de la cual logramos su derrota, sirva de gu\u00eda y ejemplo para la resistencia civil  que debemos desplegar contra el Plan B de Uribe, pero sobre todo, contra la esclavitud definitiva que implican para la patria el ALCA o el TLC con Estados Unidos. <\/p>\n","protected":false},"excerpt":{"rendered":"<p>Los resultados adversos para el gobierno en el referendo celebrado el pasado 25 de Octubre no deben producir \u00fanicamente alegr\u00eda entre nuestros afiliados. La clase obrera jug\u00f3 un papel clave en la derrota del referendo, y es normal que nos regocijemos por el resultado. Pero eso no basta. Es preciso reflexionar acerca del significado de [&hellip;]<\/p>\n","protected":false},"author":1,"featured_media":0,"comment_status":"open","ping_status":"open","sticky":false,"template":"","format":"standard","meta":{"advanced_seo_description":"","jetpack_seo_html_title":"","jetpack_seo_noindex":false,"_jetpack_memberships_contains_paid_content":false,"footnotes":""},"categories":[7],"tags":[],"class_list":["post-612","post","type-post","status-publish","format-standard","hentry","category-pronunciamientos-de-organizaciones-sociales"],"jetpack_featured_media_url":"","jetpack-related-posts":[{"id":333,"url":"https:\/\/moir.com.co\/web\/referendo-el-tonto-no-es-quien-las-dice-sino-quien-las-cree\/","url_meta":{"origin":612,"position":0},"title":"REFERENDO: &#8220;EL TONTO NO ES QUIEN LAS DICE, SINO QUIEN LAS CREE&#8221;","author":"admin","date":"agosto 7, 2004","format":false,"excerpt":"Aurelio Su\u00e1rez Montoya; octubre 13 de 2003 No hay en la historia reciente de Colombia una iniciativa oficial que como \u201cREFERENDO contra la politiquer\u00eda y la corrupci\u00f3n\u201d del presidente \u00c1lvaro Uribe se haya promovido con tal cantidad de verdades a medias o de artificios para inducir a la opini\u00f3n a\u2026","rel":"","context":"En \u00abTemas\u00bb","block_context":{"text":"Temas","link":"https:\/\/moir.com.co\/web\/category\/temas\/"},"img":{"alt_text":"","src":"","width":0,"height":0},"classes":[]},{"id":594,"url":"https:\/\/moir.com.co\/web\/declaracion-del-frente-comun-por-la-defensa-de-los-organismos-de-control-ante-la-derrota-del-referendo-uribista\/","url_meta":{"origin":612,"position":1},"title":"DECLARACI\u00d3N DEL FRENTE COM\u00daN POR LA DEFENSA DE LOS ORGANISMOS DE CONTROL ANTE LA DERROTA DEL REFERENDO URIBISTA","author":"admin","date":"agosto 11, 2004","format":false,"excerpt":"Frente Com\u00fan por la Defensa de los Organismos de Control, Bogot\u00e1; octubre 28 de 2003 Ante los resultados del referendo del 25 de octubre de 2003, el Frente Com\u00fan por la defensa de los organismos de control y todos los trabajadores de la contralor\u00eda de Bogot\u00e1. DECLARAMOS: 1. Que gracias\u2026","rel":"","context":"En \u00abPronunciamientos de Organizaciones Sociales\u00bb","block_context":{"text":"Pronunciamientos de Organizaciones Sociales","link":"https:\/\/moir.com.co\/web\/category\/pronunciamientos-de-organizaciones-sociales\/"},"img":{"alt_text":"","src":"","width":0,"height":0},"classes":[]},{"id":10213,"url":"https:\/\/moir.com.co\/web\/referendo-por-el-agro-una-necesidad-de-todos-los-colombianos\/","url_meta":{"origin":612,"position":2},"title":"Referendo por el Agro: una necesidad de todos los colombianos","author":"admin","date":"junio 11, 2016","format":false,"excerpt":"En los \u00faltimos 30 a\u00f1os, Colombia pas\u00f3 de ser autosuficiente a importar el 30% de sus alimentos. Productos que nuestros campesinos pod\u00edan cultivar, gracias a la variaci\u00f3n clim\u00e1tica y topogr\u00e1fica con la que cuenta el territorio nacional, se est\u00e1n dejando de producir, por intereses particulares. La agricultura, puede considerarse como\u2026","rel":"","context":"En \u00abTemas\u00bb","block_context":{"text":"Temas","link":"https:\/\/moir.com.co\/web\/category\/temas\/"},"img":{"alt_text":"","src":"","width":0,"height":0},"classes":[]},{"id":342,"url":"https:\/\/moir.com.co\/web\/el-referendo-fiscalista-es-privatizador\/","url_meta":{"origin":612,"position":3},"title":"EL REFERENDO FISCALISTA ES PRIVATIZADOR","author":"admin","date":"agosto 7, 2004","format":false,"excerpt":"Norman Alarc\u00f3n Rodas, Actualidad Econ\u00f3mica, Santa Marta, DTCH, octubre 22 de 2003 Adem\u00e1s de las fundamentadas cr\u00edticas que los m\u00e1s diversos sectores sociales le han hecho al referendo porque se trata de un instrumento fiscalista y autoritario que le va a extraer cerca de 21 billones de pesos a la\u2026","rel":"","context":"En \u00abTemas\u00bb","block_context":{"text":"Temas","link":"https:\/\/moir.com.co\/web\/category\/temas\/"},"img":{"alt_text":"","src":"","width":0,"height":0},"classes":[]},{"id":10274,"url":"https:\/\/moir.com.co\/web\/lo-que-realmente-busca-el-referendo-por-el-agro-nacional\/","url_meta":{"origin":612,"position":4},"title":"Lo que realmente busca el Referendo por el Agro Nacional","author":"admin","date":"julio 23, 2016","format":false,"excerpt":"El portal web, Raz\u00f3n P\u00fablica, publica un art\u00edculo sobre el Referendo por el Agro Nacional. En el mismo se pretende explicar que la iniciativa de Dignidad Agropecuaria Colombiana y muchas organizaciones m\u00e1s, va dirigida a favorecer a grandes consorcios agroindustriales nacionales y extranjeros. Se dice: \u201cNo cabe duda de que\u2026","rel":"","context":"En \u00abPronunciamientos de Organizaciones Sociales\u00bb","block_context":{"text":"Pronunciamientos de Organizaciones Sociales","link":"https:\/\/moir.com.co\/web\/category\/pronunciamientos-de-organizaciones-sociales\/"},"img":{"alt_text":"","src":"","width":0,"height":0},"classes":[]},{"id":859,"url":"https:\/\/moir.com.co\/web\/abstenci__n-activa\/","url_meta":{"origin":612,"position":5},"title":"ABSTENCI__N ACTIVA","author":"admin","date":"agosto 12, 2004","format":false,"excerpt":"El 25 de octubre los colombianos deber\u00e1n tomar una decisi\u00f3n pol\u00edtica: votar o no votar el Referendo. Un engendro que no han podido comprender quienes deben aprobarlo o rechazarlo y que se pretende imponer, con un mesianismo populista irracional, como un art\u00edculo de fe. ___Referendo es someter al voto popular\u2026","rel":"","context":"En \u00abRevista de Prensa\u00bb","block_context":{"text":"Revista de Prensa","link":"https:\/\/moir.com.co\/web\/category\/prensa\/revista-de-prensa\/"},"img":{"alt_text":"","src":"","width":0,"height":0},"classes":[]}],"jetpack_sharing_enabled":true,"_links":{"self":[{"href":"https:\/\/moir.com.co\/web\/wp-json\/wp\/v2\/posts\/612","targetHints":{"allow":["GET"]}}],"collection":[{"href":"https:\/\/moir.com.co\/web\/wp-json\/wp\/v2\/posts"}],"about":[{"href":"https:\/\/moir.com.co\/web\/wp-json\/wp\/v2\/types\/post"}],"author":[{"embeddable":true,"href":"https:\/\/moir.com.co\/web\/wp-json\/wp\/v2\/users\/1"}],"replies":[{"embeddable":true,"href":"https:\/\/moir.com.co\/web\/wp-json\/wp\/v2\/comments?post=612"}],"version-history":[{"count":0,"href":"https:\/\/moir.com.co\/web\/wp-json\/wp\/v2\/posts\/612\/revisions"}],"wp:attachment":[{"href":"https:\/\/moir.com.co\/web\/wp-json\/wp\/v2\/media?parent=612"}],"wp:term":[{"taxonomy":"category","embeddable":true,"href":"https:\/\/moir.com.co\/web\/wp-json\/wp\/v2\/categories?post=612"},{"taxonomy":"post_tag","embeddable":true,"href":"https:\/\/moir.com.co\/web\/wp-json\/wp\/v2\/tags?post=612"}],"curies":[{"name":"wp","href":"https:\/\/api.w.org\/{rel}","templated":true}]}}